{"id":6949,"date":"2017-06-24T13:16:16","date_gmt":"2017-06-24T17:16:16","guid":{"rendered":"http:\/\/www.clubdescollectionneursenartsvisuelsdequebec.com\/?p=6949"},"modified":"2017-07-02T17:43:48","modified_gmt":"2017-07-02T21:43:48","slug":"gruais-grondin-galerie-dart-1an-deja","status":"publish","type":"post","link":"https:\/\/galeriebecot.com\/?p=6949","title":{"rendered":"Gruais-Grondin, Galerie d&rsquo;art,1an, d\u00e9j\u00e0!"},"content":{"rendered":"<p><a href=\"https:\/\/www.facebook.com\/galeriedartgruaisgrondin\/videos\/1897426763916200\/\"><img loading=\"lazy\" decoding=\"async\" class=\"alignnone size-full wp-image-6973\" src=\"https:\/\/www.galeriebecot.com\/wp-content\/uploads\/2017\/06\/30-mai2017.jpg\" alt=\"\" width=\"392\" height=\"317\" srcset=\"https:\/\/galeriebecot.com\/wp-content\/uploads\/2017\/06\/30-mai2017.jpg 392w, https:\/\/galeriebecot.com\/wp-content\/uploads\/2017\/06\/30-mai2017-300x243.jpg 300w\" sizes=\"auto, (max-width: 392px) 100vw, 392px\" \/><\/a><\/p>\n<p>Petit clip sur la c\u00e9l\u00e9bration anniversaire : 1 an d\u00e9j\u00e0 ! Pour le voir un click sur l&rsquo;image.<\/p>\n<p><a href=\"http:\/\/www.galeriedartgruaisgrondin.com\/\"><img loading=\"lazy\" decoding=\"async\" class=\"alignnone size-full wp-image-6950\" src=\"https:\/\/www.galeriebecot.com\/wp-content\/uploads\/2017\/06\/Gruais-Grondin-Galerie.jpg\" alt=\"\" width=\"841\" height=\"748\" srcset=\"https:\/\/galeriebecot.com\/wp-content\/uploads\/2017\/06\/Gruais-Grondin-Galerie.jpg 841w, https:\/\/galeriebecot.com\/wp-content\/uploads\/2017\/06\/Gruais-Grondin-Galerie-300x267.jpg 300w, https:\/\/galeriebecot.com\/wp-content\/uploads\/2017\/06\/Gruais-Grondin-Galerie-768x683.jpg 768w\" sizes=\"auto, (max-width: 841px) 100vw, 841px\" \/><\/a><\/p>\n<p><a href=\"https:\/\/www.galeriebecot.com\/wp-content\/uploads\/2017\/06\/Programmation.jpg\"><img loading=\"lazy\" decoding=\"async\" class=\"alignnone size-full wp-image-6956\" src=\"https:\/\/www.galeriebecot.com\/wp-content\/uploads\/2017\/06\/Programmation.jpg\" alt=\"\" width=\"768\" height=\"446\" srcset=\"https:\/\/galeriebecot.com\/wp-content\/uploads\/2017\/06\/Programmation.jpg 768w, https:\/\/galeriebecot.com\/wp-content\/uploads\/2017\/06\/Programmation-300x174.jpg 300w\" sizes=\"auto, (max-width: 768px) 100vw, 768px\" \/><\/a><\/p>\n<p>Verre de l&rsquo;amiti\u00e9 ! chez Gruais-Grondin Galerie d&rsquo;art. 1 An, D\u00e9j\u00e0 !<\/p>\n<p>2600 Boul Laurier. local 148, Ville de Qu\u00e9bec, QC. G1V-4T3.<\/p>\n<p>Bienvenue \u00e0 tous !<\/p>\n","protected":false},"excerpt":{"rendered":"<p>Petit clip sur la c\u00e9l\u00e9bration anniversaire : 1 an d\u00e9j\u00e0 ! Pour le voir un click sur l&rsquo;image. Verre de l&rsquo;amiti\u00e9 ! chez Gruais-Grondin Galerie d&rsquo;art. 1 An, D\u00e9j\u00e0 !&hellip; <\/p>\n","protected":false},"author":1,"featured_media":0,"comment_status":"open","ping_status":"open","sticky":false,"template":"","format":"standard","meta":{"_exactmetrics_skip_tracking":false,"_exactmetrics_sitenote_active":false,"_exactmetrics_sitenote_note":"","_exactmetrics_sitenote_category":0,"footnotes":""},"categories":[27,18,36,19],"tags":[34,979,647,985,1614,6,66,978,1616,676,980,991,1618,984,888,1617,262,1613,594,58,1615,1036,37,981,40,452],"class_list":["post-6949","post","type-post","status-publish","format-standard","hentry","category-artistes","category-evenement","category-prixreconnaissance","category-vernissage","tag-andre-becot","tag-catherine-blackburn","tag-celine-g-lapointe","tag-celine-martel","tag-clarence-bourgoin","tag-club-des-collectionneurs-en-arts-visuels-de-quebec","tag-club-des-collectionneurs-en-arts-visuels-de-quebec-studio-becot","tag-cynthia-coulombe-begin","tag-diane-pomerleau","tag-emmanuelle-breton","tag-fontaine-negrin","tag-francine-vernac","tag-g2","tag-gabriel-lalonde","tag-ginette-gibeault","tag-gruais-grondin-galerie-dart","tag-jacinthe-lagueux","tag-luc-archambault","tag-lucienne-cornet","tag-marc-bellemare-collectionneur","tag-marie-claude-bouchard","tag-odette-theberge","tag-studio-becot","tag-sylvie-grondin","tag-visuals-arts","tag-viviane-gruais"],"_links":{"self":[{"href":"https:\/\/galeriebecot.com\/index.php?rest_route=\/wp\/v2\/posts\/6949","targetHints":{"allow":["GET"]}}],"collection":[{"href":"https:\/\/galeriebecot.com\/index.php?rest_route=\/wp\/v2\/posts"}],"about":[{"href":"https:\/\/galeriebecot.com\/index.php?rest_route=\/wp\/v2\/types\/post"}],"author":[{"embeddable":true,"href":"https:\/\/galeriebecot.com\/index.php?rest_route=\/wp\/v2\/users\/1"}],"replies":[{"embeddable":true,"href":"https:\/\/galeriebecot.com\/index.php?rest_route=%2Fwp%2Fv2%2Fcomments&post=6949"}],"version-history":[{"count":7,"href":"https:\/\/galeriebecot.com\/index.php?rest_route=\/wp\/v2\/posts\/6949\/revisions"}],"predecessor-version":[{"id":6976,"href":"https:\/\/galeriebecot.com\/index.php?rest_route=\/wp\/v2\/posts\/6949\/revisions\/6976"}],"wp:attachment":[{"href":"https:\/\/galeriebecot.com\/index.php?rest_route=%2Fwp%2Fv2%2Fmedia&parent=6949"}],"wp:term":[{"taxonomy":"category","embeddable":true,"href":"https:\/\/galeriebecot.com\/index.php?rest_route=%2Fwp%2Fv2%2Fcategories&post=6949"},{"taxonomy":"post_tag","embeddable":true,"href":"https:\/\/galeriebecot.com\/index.php?rest_route=%2Fwp%2Fv2%2Ftags&post=6949"}],"curies":[{"name":"wp","href":"https:\/\/api.w.org\/{rel}","templated":true}]}}