{"id":6890,"date":"2017-05-31T10:46:40","date_gmt":"2017-05-31T14:46:40","guid":{"rendered":"http:\/\/www.clubdescollectionneursenartsvisuelsdequebec.com\/?p=6890"},"modified":"2017-06-11T17:57:25","modified_gmt":"2017-06-11T21:57:25","slug":"vernissage-biennale-du-lin-matiere-rencontre-et-tapis-rouge-en-vacances","status":"publish","type":"post","link":"https:\/\/galeriebecot.com\/?p=6890","title":{"rendered":"Vernissages de Fran\u00e7ois Bertrand  (patience de moine, tissus royaux). Territoires, Biennale du lin, Mati\u00e8re rencontre  et Tapis rouge en vacances !"},"content":{"rendered":"<p><a href=\"https:\/\/www.galeriebecot.com\/wp-content\/uploads\/2017\/05\/Bertrand-Francois.jpg\"><img loading=\"lazy\" decoding=\"async\" class=\"alignnone size-full wp-image-6917\" src=\"https:\/\/www.galeriebecot.com\/wp-content\/uploads\/2017\/05\/Bertrand-Francois.jpg\" alt=\"\" width=\"960\" height=\"960\" srcset=\"https:\/\/galeriebecot.com\/wp-content\/uploads\/2017\/05\/Bertrand-Francois.jpg 960w, https:\/\/galeriebecot.com\/wp-content\/uploads\/2017\/05\/Bertrand-Francois-150x150.jpg 150w, https:\/\/galeriebecot.com\/wp-content\/uploads\/2017\/05\/Bertrand-Francois-300x300.jpg 300w, https:\/\/galeriebecot.com\/wp-content\/uploads\/2017\/05\/Bertrand-Francois-768x768.jpg 768w, https:\/\/galeriebecot.com\/wp-content\/uploads\/2017\/05\/Bertrand-Francois-330x330.jpg 330w\" sizes=\"auto, (max-width: 960px) 100vw, 960px\" \/><\/a><\/p>\n<p>Fran\u00e7ois Bertrand expose patience de moine , tissus royaux.<\/p>\n<p>Vernissage le dimanche 11 juin de 14 h \u00e0 17 h, en pr\u00e9sence de l&rsquo;artiste.<\/p>\n<p>Salle d&rsquo;exposition Pavillon Alphonse-Desjardins<\/p>\n<p>2325, rue de l&rsquo;Universit\u00e9<\/p>\n<p>Local 2470<\/p>\n<p>Universit\u00e9 Laval<\/p>\n<p>Qu\u00e9bec(Qu\u00e9bec) G1V 0A6<\/p>\n<p>Du 12 au 30 juin 2017<\/p>\n<p><a href=\"https:\/\/www.galeriebecot.com\/wp-content\/uploads\/2017\/05\/espace.jpg\"><img loading=\"lazy\" decoding=\"async\" class=\"alignnone wp-image-6898\" src=\"https:\/\/www.galeriebecot.com\/wp-content\/uploads\/2017\/05\/espace.jpg\" alt=\"\" width=\"848\" height=\"393\" \/><\/a><\/p>\n<p>Vernissage : Vendredi 9 juin, de 17h \u00e0 19h.<\/p>\n<p>Espace contemporain galerie d&rsquo;art.<\/p>\n<p>313 rue Saint-Jean, Qu\u00e9bec, G1R 1N8<\/p>\n<p><a href=\"https:\/\/www.galeriebecot.com\/wp-content\/uploads\/2017\/06\/lin.jpg\"><img loading=\"lazy\" decoding=\"async\" class=\"alignnone size-full wp-image-6891\" src=\"https:\/\/www.galeriebecot.com\/wp-content\/uploads\/2017\/06\/lin.jpg\" alt=\"\" width=\"615\" height=\"492\" srcset=\"https:\/\/galeriebecot.com\/wp-content\/uploads\/2017\/06\/lin.jpg 615w, https:\/\/galeriebecot.com\/wp-content\/uploads\/2017\/06\/lin-300x240.jpg 300w\" sizes=\"auto, (max-width: 615px) 100vw, 615px\" \/><\/a><\/p>\n<p>Biennale internationale du Lin de Portneuf, le samedi 17 juin \u00e0 14h.<\/p>\n<p><a href=\"https:\/\/www.galeriebecot.com\/wp-content\/uploads\/2017\/06\/Metier-dart.jpg\"><img loading=\"lazy\" decoding=\"async\" class=\"alignnone size-full wp-image-6893\" src=\"https:\/\/www.galeriebecot.com\/wp-content\/uploads\/2017\/06\/Metier-dart.jpg\" alt=\"\" width=\"720\" height=\"375\" srcset=\"https:\/\/galeriebecot.com\/wp-content\/uploads\/2017\/06\/Metier-dart.jpg 720w, https:\/\/galeriebecot.com\/wp-content\/uploads\/2017\/06\/Metier-dart-300x156.jpg 300w\" sizes=\"auto, (max-width: 720px) 100vw, 720px\" \/><\/a><\/p>\n<p>Mus\u00e9e national des beaux-arts du Qu\u00e9bec du 7 au 18 juin 2017. Mati\u00e8re Rencontre.<\/p>\n<p><a href=\"https:\/\/www.galeriebecot.com\/wp-content\/uploads\/2017\/06\/en-vacances.jpg\"><img loading=\"lazy\" decoding=\"async\" class=\"alignnone size-full wp-image-6892\" src=\"https:\/\/www.galeriebecot.com\/wp-content\/uploads\/2017\/06\/en-vacances.jpg\" alt=\"\" width=\"300\" height=\"319\" srcset=\"https:\/\/galeriebecot.com\/wp-content\/uploads\/2017\/06\/en-vacances.jpg 300w, https:\/\/galeriebecot.com\/wp-content\/uploads\/2017\/06\/en-vacances-282x300.jpg 282w\" sizes=\"auto, (max-width: 300px) 100vw, 300px\" \/><\/a><\/p>\n<p>Mercredi Tapis Rouge en Vacances.<\/p>\n","protected":false},"excerpt":{"rendered":"<p>Fran\u00e7ois Bertrand expose patience de moine , tissus royaux. Vernissage le dimanche 11 juin de 14 h \u00e0 17 h, en pr\u00e9sence de l&rsquo;artiste. Salle d&rsquo;exposition Pavillon Alphonse-Desjardins 2325, rue&hellip; <\/p>\n","protected":false},"author":1,"featured_media":0,"comment_status":"open","ping_status":"open","sticky":false,"template":"","format":"standard","meta":{"_exactmetrics_skip_tracking":false,"_exactmetrics_sitenote_active":false,"_exactmetrics_sitenote_note":"","_exactmetrics_sitenote_category":0,"footnotes":""},"categories":[27,18,19],"tags":[34,1590,1596,1594,1597,1599,58,1591,1595,1593,1438,37,1592,1439,40],"class_list":["post-6890","post","type-post","status-publish","format-standard","hentry","category-artistes","category-evenement","category-vernissage","tag-andre-becot","tag-biennale-internationale-du-lin-de-portneuf","tag-edouard-champoux","tag-espace-contemporain-galerie-dart","tag-eve-laforge","tag-francois-bertrand","tag-marc-bellemare-collectionneur","tag-matiere-rencontre","tag-monique-adelaide-boucher","tag-musee-des-beaux-arts-de-quebec","tag-pavillon-alphonse-desjardins","tag-studio-becot","tag-tapis-rouge-vacances","tag-universite-laval","tag-visuals-arts"],"_links":{"self":[{"href":"https:\/\/galeriebecot.com\/index.php?rest_route=\/wp\/v2\/posts\/6890","targetHints":{"allow":["GET"]}}],"collection":[{"href":"https:\/\/galeriebecot.com\/index.php?rest_route=\/wp\/v2\/posts"}],"about":[{"href":"https:\/\/galeriebecot.com\/index.php?rest_route=\/wp\/v2\/types\/post"}],"author":[{"embeddable":true,"href":"https:\/\/galeriebecot.com\/index.php?rest_route=\/wp\/v2\/users\/1"}],"replies":[{"embeddable":true,"href":"https:\/\/galeriebecot.com\/index.php?rest_route=%2Fwp%2Fv2%2Fcomments&post=6890"}],"version-history":[{"count":10,"href":"https:\/\/galeriebecot.com\/index.php?rest_route=\/wp\/v2\/posts\/6890\/revisions"}],"predecessor-version":[{"id":6920,"href":"https:\/\/galeriebecot.com\/index.php?rest_route=\/wp\/v2\/posts\/6890\/revisions\/6920"}],"wp:attachment":[{"href":"https:\/\/galeriebecot.com\/index.php?rest_route=%2Fwp%2Fv2%2Fmedia&parent=6890"}],"wp:term":[{"taxonomy":"category","embeddable":true,"href":"https:\/\/galeriebecot.com\/index.php?rest_route=%2Fwp%2Fv2%2Fcategories&post=6890"},{"taxonomy":"post_tag","embeddable":true,"href":"https:\/\/galeriebecot.com\/index.php?rest_route=%2Fwp%2Fv2%2Ftags&post=6890"}],"curies":[{"name":"wp","href":"https:\/\/api.w.org\/{rel}","templated":true}]}}