{"id":6880,"date":"2017-05-30T17:17:05","date_gmt":"2017-05-30T21:17:05","guid":{"rendered":"http:\/\/www.clubdescollectionneursenartsvisuelsdequebec.com\/?p=6880"},"modified":"2017-06-06T11:13:25","modified_gmt":"2017-06-06T15:13:25","slug":"giorgia-volpe-expose","status":"publish","type":"post","link":"https:\/\/galeriebecot.com\/?p=6880","title":{"rendered":"Giorgia Volpe expose&#8230;."},"content":{"rendered":"<p><a href=\"https:\/\/www.galeriebecot.com\/wp-content\/uploads\/2017\/06\/Giorgia-Volpe.jpg\"><img loading=\"lazy\" decoding=\"async\" class=\"alignnone size-full wp-image-6881\" src=\"https:\/\/www.galeriebecot.com\/wp-content\/uploads\/2017\/06\/Giorgia-Volpe.jpg\" alt=\"\" width=\"938\" height=\"581\" srcset=\"https:\/\/galeriebecot.com\/wp-content\/uploads\/2017\/06\/Giorgia-Volpe.jpg 938w, https:\/\/galeriebecot.com\/wp-content\/uploads\/2017\/06\/Giorgia-Volpe-300x186.jpg 300w, https:\/\/galeriebecot.com\/wp-content\/uploads\/2017\/06\/Giorgia-Volpe-768x476.jpg 768w\" sizes=\"auto, (max-width: 938px) 100vw, 938px\" \/><\/a><\/p>\n<p>Giorgia Volpe : Tisser l&rsquo;existant.<\/p>\n<p>Du 6 juin au 3 septembre 2017.<\/p>\n<p>Vernissage : le 6 juin \u00e0 17h 30.<\/p>\n<p>Maison Hamel-Bruneau<\/p>\n<p>2608, chemin Saint-Louis<\/p>\n<p>Qu\u00e9bec (Qu\u00e9bec) G1S 1G1.<\/p>\n<p>Ouverture : du mardi au dimanche de 11h \u00e0 17h<\/p>\n","protected":false},"excerpt":{"rendered":"<p>Giorgia Volpe : Tisser l&rsquo;existant. Du 6 juin au 3 septembre 2017. Vernissage : le 6 juin \u00e0 17h 30. Maison Hamel-Bruneau 2608, chemin Saint-Louis Qu\u00e9bec (Qu\u00e9bec) G1S 1G1. Ouverture&hellip; <\/p>\n","protected":false},"author":1,"featured_media":0,"comment_status":"open","ping_status":"open","sticky":false,"template":"","format":"standard","meta":{"_exactmetrics_skip_tracking":false,"_exactmetrics_sitenote_active":false,"_exactmetrics_sitenote_note":"","_exactmetrics_sitenote_category":0,"footnotes":""},"categories":[27,19],"tags":[34,6,35,1585,499,555,58,37,443,40],"class_list":["post-6880","post","type-post","status-publish","format-standard","hentry","category-artistes","category-vernissage","tag-andre-becot","tag-club-des-collectionneurs-en-arts-visuels-de-quebec","tag-foire-en-arts-actuel","tag-foreman-galerie-dart-de-luniversite-bishops","tag-giorgia-volpe","tag-maison-hamel-bruneau","tag-marc-bellemare-collectionneur","tag-studio-becot","tag-ville-de-quebec","tag-visuals-arts"],"_links":{"self":[{"href":"https:\/\/galeriebecot.com\/index.php?rest_route=\/wp\/v2\/posts\/6880","targetHints":{"allow":["GET"]}}],"collection":[{"href":"https:\/\/galeriebecot.com\/index.php?rest_route=\/wp\/v2\/posts"}],"about":[{"href":"https:\/\/galeriebecot.com\/index.php?rest_route=\/wp\/v2\/types\/post"}],"author":[{"embeddable":true,"href":"https:\/\/galeriebecot.com\/index.php?rest_route=\/wp\/v2\/users\/1"}],"replies":[{"embeddable":true,"href":"https:\/\/galeriebecot.com\/index.php?rest_route=%2Fwp%2Fv2%2Fcomments&post=6880"}],"version-history":[{"count":2,"href":"https:\/\/galeriebecot.com\/index.php?rest_route=\/wp\/v2\/posts\/6880\/revisions"}],"predecessor-version":[{"id":6883,"href":"https:\/\/galeriebecot.com\/index.php?rest_route=\/wp\/v2\/posts\/6880\/revisions\/6883"}],"wp:attachment":[{"href":"https:\/\/galeriebecot.com\/index.php?rest_route=%2Fwp%2Fv2%2Fmedia&parent=6880"}],"wp:term":[{"taxonomy":"category","embeddable":true,"href":"https:\/\/galeriebecot.com\/index.php?rest_route=%2Fwp%2Fv2%2Fcategories&post=6880"},{"taxonomy":"post_tag","embeddable":true,"href":"https:\/\/galeriebecot.com\/index.php?rest_route=%2Fwp%2Fv2%2Ftags&post=6880"}],"curies":[{"name":"wp","href":"https:\/\/api.w.org\/{rel}","templated":true}]}}