{"id":687,"date":"2014-05-10T10:24:34","date_gmt":"2014-05-10T14:24:34","guid":{"rendered":"http:\/\/www.clubdescollectionneursenartsvisuelsdequebec.com\/?p=687"},"modified":"2014-05-10T10:28:07","modified_gmt":"2014-05-10T14:28:07","slug":"parkinson-blues","status":"publish","type":"post","link":"https:\/\/galeriebecot.com\/?p=687","title":{"rendered":"Kevin Mark Blues Band"},"content":{"rendered":"<p>Spectacle inoubliable pour ramasser des fonds pour l&rsquo;entraide Parkinson.<\/p>\n<p>Entraide Parkinson pr\u00e9sente<\/p>\n<p>Samedi 6 septembre 2014<\/p>\n<p>Dans la salle du Petit Imp\u00e9rial<\/p>\n<p>240,Saint-Joseph Est Qu\u00e9bec<\/p>\n<p>30.00$<\/p>\n<p>Contactez pour des billets.<\/p>\n<p>Louis Archer 418 529 0229<\/p>\n<p><a href=\"https:\/\/www.galeriebecot.com\/wp-content\/uploads\/2013\/07\/Louis_0001.jpg\"><img loading=\"lazy\" decoding=\"async\" class=\"alignnone size-large wp-image-1993\" src=\"https:\/\/www.galeriebecot.com\/wp-content\/uploads\/2013\/07\/Louis_0001-1024x362.jpg\" alt=\"Louis_0001\" width=\"700\" height=\"247\" srcset=\"https:\/\/galeriebecot.com\/wp-content\/uploads\/2013\/07\/Louis_0001-1024x362.jpg 1024w, https:\/\/galeriebecot.com\/wp-content\/uploads\/2013\/07\/Louis_0001-300x106.jpg 300w, https:\/\/galeriebecot.com\/wp-content\/uploads\/2013\/07\/Louis_0001.jpg 1232w\" sizes=\"auto, (max-width: 700px) 100vw, 700px\" \/><\/a><\/p>\n<p>&nbsp;<\/p>\n<p>&nbsp;<\/p>\n<p>&nbsp;<\/p>\n<p>&nbsp;<\/p>\n<p>&nbsp;<\/p>\n<p>&nbsp;<\/p>\n","protected":false},"excerpt":{"rendered":"<p>Spectacle inoubliable pour ramasser des fonds pour l&rsquo;entraide Parkinson. Entraide Parkinson pr\u00e9sente Samedi 6 septembre 2014 Dans la salle du Petit Imp\u00e9rial 240,Saint-Joseph Est Qu\u00e9bec 30.00$ Contactez pour des billets.&hellip; <\/p>\n","protected":false},"author":1,"featured_media":0,"comment_status":"open","ping_status":"open","sticky":false,"template":"","format":"standard","meta":{"_exactmetrics_skip_tracking":false,"_exactmetrics_sitenote_active":false,"_exactmetrics_sitenote_note":"","_exactmetrics_sitenote_category":0,"footnotes":""},"categories":[39],"tags":[34,6,35,242,58,243,40],"class_list":["post-687","post","type-post","status-publish","format-standard","hentry","category-musiquejazz","tag-andre-becot","tag-club-des-collectionneurs-en-arts-visuels-de-quebec","tag-foire-en-arts-actuel","tag-kevin-mark-blues-band","tag-marc-bellemare-collectionneur","tag-salle-du-petit-imperial","tag-visuals-arts"],"_links":{"self":[{"href":"https:\/\/galeriebecot.com\/index.php?rest_route=\/wp\/v2\/posts\/687","targetHints":{"allow":["GET"]}}],"collection":[{"href":"https:\/\/galeriebecot.com\/index.php?rest_route=\/wp\/v2\/posts"}],"about":[{"href":"https:\/\/galeriebecot.com\/index.php?rest_route=\/wp\/v2\/types\/post"}],"author":[{"embeddable":true,"href":"https:\/\/galeriebecot.com\/index.php?rest_route=\/wp\/v2\/users\/1"}],"replies":[{"embeddable":true,"href":"https:\/\/galeriebecot.com\/index.php?rest_route=%2Fwp%2Fv2%2Fcomments&post=687"}],"version-history":[{"count":10,"href":"https:\/\/galeriebecot.com\/index.php?rest_route=\/wp\/v2\/posts\/687\/revisions"}],"predecessor-version":[{"id":1996,"href":"https:\/\/galeriebecot.com\/index.php?rest_route=\/wp\/v2\/posts\/687\/revisions\/1996"}],"wp:attachment":[{"href":"https:\/\/galeriebecot.com\/index.php?rest_route=%2Fwp%2Fv2%2Fmedia&parent=687"}],"wp:term":[{"taxonomy":"category","embeddable":true,"href":"https:\/\/galeriebecot.com\/index.php?rest_route=%2Fwp%2Fv2%2Fcategories&post=687"},{"taxonomy":"post_tag","embeddable":true,"href":"https:\/\/galeriebecot.com\/index.php?rest_route=%2Fwp%2Fv2%2Ftags&post=687"}],"curies":[{"name":"wp","href":"https:\/\/api.w.org\/{rel}","templated":true}]}}