{"id":6805,"date":"2019-07-16T10:18:25","date_gmt":"2019-07-16T14:18:25","guid":{"rendered":"http:\/\/www.clubdescollectionneursenartsvisuelsdequebec.com\/?p=6805"},"modified":"2019-07-31T16:14:02","modified_gmt":"2019-07-31T20:14:02","slug":"exposition-des-finissants-en-arts-visuels-2","status":"publish","type":"post","link":"https:\/\/galeriebecot.com\/?p=6805","title":{"rendered":"Plein Art pr\u00e9sente L&rsquo;ATELIER &#8230;"},"content":{"rendered":"<p><a href=\"https:\/\/www.galeriebecot.com\/wp-content\/uploads\/2017\/05\/creation-en-direct.jpg\"><img loading=\"lazy\" decoding=\"async\" class=\"alignnone size-full wp-image-11575\" src=\"https:\/\/www.galeriebecot.com\/wp-content\/uploads\/2017\/05\/creation-en-direct.jpg\" alt=\"\" width=\"576\" height=\"768\" srcset=\"https:\/\/galeriebecot.com\/wp-content\/uploads\/2017\/05\/creation-en-direct.jpg 576w, https:\/\/galeriebecot.com\/wp-content\/uploads\/2017\/05\/creation-en-direct-225x300.jpg 225w\" sizes=\"auto, (max-width: 576px) 100vw, 576px\" \/><\/a><\/p>\n<p><strong>Projet l&rsquo;ATELIER<\/strong> durant <em><strong>Plein Art.<\/strong><\/em><\/p>\n<p><strong>Finale<\/strong> : <em><strong>Dimanche le 4 ao\u00fbt \u00e0 17 heures.<\/strong><\/em><\/p>\n<p><strong>Le porte-parole de Plein-Art est Christian B\u00e9gin.<\/strong><\/p>\n<p><a href=\"https:\/\/www.galeriebecot.com\/wp-content\/uploads\/2017\/05\/creation-en-direct-texte.jpg\"><img loading=\"lazy\" decoding=\"async\" class=\"alignnone wp-image-11577\" src=\"https:\/\/www.galeriebecot.com\/wp-content\/uploads\/2017\/05\/creation-en-direct-texte-807x1024.jpg\" alt=\"\" width=\"650\" height=\"836\" \/><\/a><\/p>\n<p><a href=\"https:\/\/www.galeriebecot.com\/wp-content\/uploads\/2017\/05\/UI1.jpg\"><img loading=\"lazy\" decoding=\"async\" class=\"alignnone size-large wp-image-6844\" src=\"https:\/\/www.galeriebecot.com\/wp-content\/uploads\/2017\/05\/UI1-586x1024.jpg\" alt=\"\" width=\"586\" height=\"1024\" srcset=\"https:\/\/galeriebecot.com\/wp-content\/uploads\/2017\/05\/UI1-586x1024.jpg 586w, https:\/\/galeriebecot.com\/wp-content\/uploads\/2017\/05\/UI1-172x300.jpg 172w, https:\/\/galeriebecot.com\/wp-content\/uploads\/2017\/05\/UI1.jpg 618w\" sizes=\"auto, (max-width: 586px) 100vw, 586px\" \/><\/a><\/p>\n<p><a href=\"https:\/\/www.galeriebecot.com\/wp-content\/uploads\/2017\/05\/U2.jpg\"><img loading=\"lazy\" decoding=\"async\" class=\"alignnone size-full wp-image-6845\" src=\"https:\/\/www.galeriebecot.com\/wp-content\/uploads\/2017\/05\/U2.jpg\" alt=\"\" width=\"614\" height=\"885\" srcset=\"https:\/\/galeriebecot.com\/wp-content\/uploads\/2017\/05\/U2.jpg 614w, https:\/\/galeriebecot.com\/wp-content\/uploads\/2017\/05\/U2-208x300.jpg 208w\" sizes=\"auto, (max-width: 614px) 100vw, 614px\" \/><\/a><\/p>\n<p><a href=\"https:\/\/www.galeriebecot.com\/wp-content\/uploads\/2017\/05\/U3.jpg\"><img loading=\"lazy\" decoding=\"async\" class=\"alignnone size-full wp-image-6846\" src=\"https:\/\/www.galeriebecot.com\/wp-content\/uploads\/2017\/05\/U3.jpg\" alt=\"\" width=\"624\" height=\"896\" srcset=\"https:\/\/galeriebecot.com\/wp-content\/uploads\/2017\/05\/U3.jpg 624w, https:\/\/galeriebecot.com\/wp-content\/uploads\/2017\/05\/U3-209x300.jpg 209w\" sizes=\"auto, (max-width: 624px) 100vw, 624px\" \/><\/a><\/p>\n<p><a href=\"https:\/\/www.galeriebecot.com\/wp-content\/uploads\/2017\/05\/U4.jpg\"><img loading=\"lazy\" decoding=\"async\" class=\"alignnone size-full wp-image-6847\" src=\"https:\/\/www.galeriebecot.com\/wp-content\/uploads\/2017\/05\/U4.jpg\" alt=\"\" width=\"620\" height=\"880\" srcset=\"https:\/\/galeriebecot.com\/wp-content\/uploads\/2017\/05\/U4.jpg 620w, https:\/\/galeriebecot.com\/wp-content\/uploads\/2017\/05\/U4-211x300.jpg 211w\" sizes=\"auto, (max-width: 620px) 100vw, 620px\" \/><\/a><\/p>\n<p><a href=\"https:\/\/www.galeriebecot.com\/wp-content\/uploads\/2017\/05\/U5.jpg\"><img loading=\"lazy\" decoding=\"async\" class=\"alignnone size-full wp-image-6848\" src=\"https:\/\/www.galeriebecot.com\/wp-content\/uploads\/2017\/05\/U5.jpg\" alt=\"\" width=\"621\" height=\"882\" srcset=\"https:\/\/galeriebecot.com\/wp-content\/uploads\/2017\/05\/U5.jpg 621w, https:\/\/galeriebecot.com\/wp-content\/uploads\/2017\/05\/U5-211x300.jpg 211w\" sizes=\"auto, (max-width: 621px) 100vw, 621px\" \/><\/a><\/p>\n<p><a href=\"https:\/\/www.galeriebecot.com\/wp-content\/uploads\/2017\/05\/U6.jpg\"><img loading=\"lazy\" decoding=\"async\" class=\"alignnone size-large wp-image-6849\" src=\"https:\/\/www.galeriebecot.com\/wp-content\/uploads\/2017\/05\/U6-588x1024.jpg\" alt=\"\" width=\"588\" height=\"1024\" srcset=\"https:\/\/galeriebecot.com\/wp-content\/uploads\/2017\/05\/U6-588x1024.jpg 588w, https:\/\/galeriebecot.com\/wp-content\/uploads\/2017\/05\/U6-172x300.jpg 172w, https:\/\/galeriebecot.com\/wp-content\/uploads\/2017\/05\/U6.jpg 621w\" sizes=\"auto, (max-width: 588px) 100vw, 588px\" \/><\/a><\/p>\n<p><a href=\"https:\/\/www.galeriebecot.com\/wp-content\/uploads\/2017\/05\/Affiche-laval.jpg\"><img loading=\"lazy\" decoding=\"async\" class=\"alignnone size-full wp-image-6806\" src=\"https:\/\/www.galeriebecot.com\/wp-content\/uploads\/2017\/05\/Affiche-laval.jpg\" alt=\"\" width=\"654\" height=\"1018\" srcset=\"https:\/\/galeriebecot.com\/wp-content\/uploads\/2017\/05\/Affiche-laval.jpg 654w, https:\/\/galeriebecot.com\/wp-content\/uploads\/2017\/05\/Affiche-laval-193x300.jpg 193w\" sizes=\"auto, (max-width: 654px) 100vw, 654px\" \/><\/a><\/p>\n<p>Les finissants en arts visuels et m\u00e9diatiques de l&rsquo;Universit\u00e9 Laval pr\u00e9sentent l&rsquo;exposition collective <strong><em>Entre-temps,\u00a0<\/em><\/strong>les choses se pensent du 18 au 28 mai 2017 au 281 rue Saint-Valier Est \u00e0 Qu\u00e9bec.Le vernissage de l&rsquo;exposition aura lieu le jeudi 18 mai \u00e0 17h.<\/p>\n<p><a href=\"https:\/\/www.galeriebecot.com\/wp-content\/uploads\/2017\/05\/Expo-Laval.jpg\"><img loading=\"lazy\" decoding=\"async\" class=\"alignnone size-large wp-image-6807\" src=\"https:\/\/www.galeriebecot.com\/wp-content\/uploads\/2017\/05\/Expo-Laval-670x1024.jpg\" alt=\"\" width=\"670\" height=\"1024\" srcset=\"https:\/\/galeriebecot.com\/wp-content\/uploads\/2017\/05\/Expo-Laval-670x1024.jpg 670w, https:\/\/galeriebecot.com\/wp-content\/uploads\/2017\/05\/Expo-Laval-196x300.jpg 196w, https:\/\/galeriebecot.com\/wp-content\/uploads\/2017\/05\/Expo-Laval.jpg 689w\" sizes=\"auto, (max-width: 670px) 100vw, 670px\" \/><\/a><\/p>\n<p>&nbsp;<\/p>\n<p><a href=\"https:\/\/www.galeriebecot.com\/wp-content\/uploads\/2017\/05\/Vernissage-Cegep.jpg\"><img loading=\"lazy\" decoding=\"async\" class=\"alignnone size-full wp-image-6780\" src=\"https:\/\/www.galeriebecot.com\/wp-content\/uploads\/2017\/05\/Vernissage-Cegep.jpg\" alt=\"\" width=\"432\" height=\"559\" srcset=\"https:\/\/galeriebecot.com\/wp-content\/uploads\/2017\/05\/Vernissage-Cegep.jpg 432w, https:\/\/galeriebecot.com\/wp-content\/uploads\/2017\/05\/Vernissage-Cegep-232x300.jpg 232w\" sizes=\"auto, (max-width: 432px) 100vw, 432px\" \/><\/a><\/p>\n<p>Exposition des finissants en Arts Visuels du C\u00e9gep de Sainte-Foy.<\/p>\n<p>Art-D&rsquo;oeuvres, confiture et confidences.<\/p>\n<p>Vernissage le 19 mai de 17h \u00e0 19h30 au pavillon R.<\/p>\n<p><a href=\"https:\/\/www.galeriebecot.com\/wp-content\/uploads\/2017\/05\/expo.jpg\"><img loading=\"lazy\" decoding=\"async\" class=\"alignnone size-large wp-image-6831\" src=\"https:\/\/www.galeriebecot.com\/wp-content\/uploads\/2017\/05\/expo-592x1024.jpg\" alt=\"\" width=\"592\" height=\"1024\" srcset=\"https:\/\/galeriebecot.com\/wp-content\/uploads\/2017\/05\/expo.jpg 592w, https:\/\/galeriebecot.com\/wp-content\/uploads\/2017\/05\/expo-173x300.jpg 173w\" sizes=\"auto, (max-width: 592px) 100vw, 592px\" \/><\/a><\/p>\n<p>Finissants du baccalaur\u00e9at en design de produits (BDP) Universit\u00e9 Laval.<\/p>\n<p>Visite de l&rsquo;exposition: vendredi\u00a019 mai de 17 \u00e0 22h et samedi\u00a0le 20 mai de 9h30 \u00e0 15h30<\/p>\n<p>\u00c9difice la Fabrique , 295 Boul. Charest Est, Local : FAB-3220<\/p>\n<p><a href=\"https:\/\/www.galeriebecot.com\/wp-content\/uploads\/2017\/05\/Metiers-dart.jpg\"><img loading=\"lazy\" decoding=\"async\" class=\"alignnone size-full wp-image-6833\" src=\"https:\/\/www.galeriebecot.com\/wp-content\/uploads\/2017\/05\/Metiers-dart.jpg\" alt=\"\" width=\"720\" height=\"375\" srcset=\"https:\/\/galeriebecot.com\/wp-content\/uploads\/2017\/05\/Metiers-dart.jpg 720w, https:\/\/galeriebecot.com\/wp-content\/uploads\/2017\/05\/Metiers-dart-300x156.jpg 300w\" sizes=\"auto, (max-width: 720px) 100vw, 720px\" \/><\/a><\/p>\n<p>Exposition des finissants en m\u00e9tiers d&rsquo;art<\/p>\n<p>du 7 au 18 juin 2017<\/p>\n<p>Mus\u00e9e national des beaux-arts du Qu\u00e9bec<\/p>\n","protected":false},"excerpt":{"rendered":"<p>Projet l&rsquo;ATELIER durant Plein Art. Finale : Dimanche le 4 ao\u00fbt \u00e0 17 heures. Le porte-parole de Plein-Art est Christian B\u00e9gin. Les finissants en arts visuels et m\u00e9diatiques de l&rsquo;Universit\u00e9&hellip; <\/p>\n","protected":false},"author":1,"featured_media":0,"comment_status":"open","ping_status":"open","sticky":false,"template":"","format":"standard","meta":{"_exactmetrics_skip_tracking":false,"_exactmetrics_sitenote_active":false,"_exactmetrics_sitenote_note":"","_exactmetrics_sitenote_category":0,"footnotes":""},"categories":[1],"tags":[1507,1499,1509,34,1534,1503,2837,1367,1500,1537,1514,1520,1533,1530,1531,1528,1496,1539,1517,1542,2831,1521,2832,2828,6,2833,2830,1522,1532,1543,1489,1538,1508,1505,1523,1529,1519,1493,1480,1510,1502,1516,1550,2835,1515,1501,2834,1535,1498,1545,1511,1512,1524,1494,1506,1513,995,596,768,1525,1526,2836,58,1495,1504,666,2829,1518,1536,1544,1540,1541,1549,1546,1551,1552,1547,1497,1548,1527,1205,37,1439,40,525],"class_list":["post-6805","post","type-post","status-publish","format-standard","hentry","category-non-classe","tag-alex-savard","tag-alphiya-joncas","tag-amelie-tremblay","tag-andre-becot","tag-andreanne-perron","tag-andreanne-yevrah","tag-anie-toole","tag-anne-marie-proulx","tag-annie-cote-labonte","tag-annie-labonte","tag-avatar","tag-bdp","tag-bourse-la-vigie","tag-bourse-louis-garneau","tag-bourse-rene-richard","tag-bourses-2017","tag-camille-dionne","tag-caroline-gagne","tag-cegep-de-sainte-foy","tag-celine-marcotte","tag-centre-de-formation-et-de-consultation-en-metiers-dart","tag-ceramique","tag-cfcma","tag-christian-begin","tag-club-des-collectionneurs-en-arts-visuels-de-quebec","tag-cmaq","tag-conseil-des-metiers-dart-du-quebec","tag-construction-textile","tag-david-naylor","tag-delphine-hebert","tag-design-de-produits","tag-diane-landry","tag-diego-pena-abrego","tag-dioana-rodriguez","tag-ebenisterie-artisanale","tag-ecole-dart-de-luniversite-laval","tag-edifice-la-fabrique","tag-edouard-reny-coulombe","tag-engramme","tag-felix-tremblay","tag-florence-morissette","tag-folie-ulture","tag-francois-vallee","tag-georges-alexandre-briere","tag-inter-le-lieu","tag-iris-lindsay","tag-jacob-couture","tag-jacques-samson","tag-jasmine-guay","tag-jerome-trudelle","tag-jerome-truselle","tag-jerome-zoulou","tag-joaillerie","tag-kassandra-couture","tag-ken-selis-jr","tag-loeil-de-poisson","tag-la-bande-video","tag-la-chambre-blanche","tag-louis-garneau","tag-lutherie-guitare","tag-lutherie-violon","tag-manon-maurios","tag-marc-bellemare-collectionneur","tag-marianne-dicaire","tag-marie-chantal-poirier","tag-meriol-lehmann","tag-plein-art","tag-premiere-expo","tag-prix-avatar","tag-prix-bande-video","tag-prix-engramme","tag-prix-folie-culture","tag-prix-la-chambre-blanche","tag-prix-le-lieu","tag-prix-oeil-de-poisson","tag-prix-vu","tag-richard-martel","tag-roxane-tremblay-girard","tag-roxanne-tremblay-girard","tag-sculpture","tag-sebastien-hudon","tag-studio-becot","tag-universite-laval","tag-visuals-arts","tag-vu-photo"],"_links":{"self":[{"href":"https:\/\/galeriebecot.com\/index.php?rest_route=\/wp\/v2\/posts\/6805","targetHints":{"allow":["GET"]}}],"collection":[{"href":"https:\/\/galeriebecot.com\/index.php?rest_route=\/wp\/v2\/posts"}],"about":[{"href":"https:\/\/galeriebecot.com\/index.php?rest_route=\/wp\/v2\/types\/post"}],"author":[{"embeddable":true,"href":"https:\/\/galeriebecot.com\/index.php?rest_route=\/wp\/v2\/users\/1"}],"replies":[{"embeddable":true,"href":"https:\/\/galeriebecot.com\/index.php?rest_route=%2Fwp%2Fv2%2Fcomments&post=6805"}],"version-history":[{"count":16,"href":"https:\/\/galeriebecot.com\/index.php?rest_route=\/wp\/v2\/posts\/6805\/revisions"}],"predecessor-version":[{"id":11578,"href":"https:\/\/galeriebecot.com\/index.php?rest_route=\/wp\/v2\/posts\/6805\/revisions\/11578"}],"wp:attachment":[{"href":"https:\/\/galeriebecot.com\/index.php?rest_route=%2Fwp%2Fv2%2Fmedia&parent=6805"}],"wp:term":[{"taxonomy":"category","embeddable":true,"href":"https:\/\/galeriebecot.com\/index.php?rest_route=%2Fwp%2Fv2%2Fcategories&post=6805"},{"taxonomy":"post_tag","embeddable":true,"href":"https:\/\/galeriebecot.com\/index.php?rest_route=%2Fwp%2Fv2%2Ftags&post=6805"}],"curies":[{"name":"wp","href":"https:\/\/api.w.org\/{rel}","templated":true}]}}