{"id":6750,"date":"2023-12-18T11:35:00","date_gmt":"2023-12-18T16:35:00","guid":{"rendered":"http:\/\/www.clubdescollectionneursenartsvisuelsdequebec.com\/?p=6750"},"modified":"2023-12-20T16:26:04","modified_gmt":"2023-12-20T21:26:04","slug":"amelie-proulx-expose","status":"publish","type":"post","link":"https:\/\/galeriebecot.com\/?p=6750","title":{"rendered":"V\u00e9ronique Martel en exposition au centre Materia..retour sur Laurent Gagnon, Magali Thibeault-Gobeil, Carole Baillargeon, Mireille Racine et Am\u00e9lie Proulx."},"content":{"rendered":"\n<p class=\"wp-block-paragraph\">Orient\u00e9e autour du dialogue et de la <strong>force f\u00e9minine<\/strong>, l&rsquo;exposition <em><strong>For\u00eat sur amphores<\/strong><\/em> pr\u00e9sente un vaste univers all\u00e9gorique port\u00e9 par des oeuvres empreintes de r\u00e9sistance et de sinc\u00e9rit\u00e9, propre au travail de la c\u00e9ramiste <strong>V\u00e9ronique Martel<\/strong><\/p>\n\n\n\n<figure class=\"wp-block-image size-large\"><a href=\"https:\/\/www.galeriebecot.com\/wp-content\/uploads\/2023\/12\/Veronique-Martel-OK.jpg\"><img loading=\"lazy\" decoding=\"async\" width=\"1024\" height=\"922\" src=\"https:\/\/www.galeriebecot.com\/wp-content\/uploads\/2023\/12\/Veronique-Martel-OK-1024x922.jpg\" alt=\"\" class=\"wp-image-18647\" srcset=\"https:\/\/galeriebecot.com\/wp-content\/uploads\/2023\/12\/Veronique-Martel-OK-1024x922.jpg 1024w, https:\/\/galeriebecot.com\/wp-content\/uploads\/2023\/12\/Veronique-Martel-OK-300x270.jpg 300w, https:\/\/galeriebecot.com\/wp-content\/uploads\/2023\/12\/Veronique-Martel-OK-768x691.jpg 768w, https:\/\/galeriebecot.com\/wp-content\/uploads\/2023\/12\/Veronique-Martel-OK.jpg 1224w\" sizes=\"auto, (max-width: 1024px) 100vw, 1024px\" \/><\/a><\/figure>\n\n\n<p><a href=\"http:\/\/centremateria.com\/portfolio\/la-cle-du-paysage\/\"><img loading=\"lazy\" decoding=\"async\" class=\"alignnone size-full wp-image-12510\" src=\"https:\/\/www.galeriebecot.com\/wp-content\/uploads\/2019\/08\/Gagnon1.jpg\" alt=\"\" width=\"720\" height=\"333\" srcset=\"https:\/\/galeriebecot.com\/wp-content\/uploads\/2019\/08\/Gagnon1.jpg 720w, https:\/\/galeriebecot.com\/wp-content\/uploads\/2019\/08\/Gagnon1-300x139.jpg 300w\" sizes=\"auto, (max-width: 720px) 100vw, 720px\" \/><\/a><\/p>\n<p><a href=\"http:\/\/centremateria.com\/portfolio\/la-cle-du-paysage\/\">Vernissage le vendredi le 31 janvier 2020 d\u00e8s 17 h. Bienvenue \u00e0 tous !<\/a>.<\/p>\n<p>Carte :&nbsp;<a href=\"https:\/\/www.google.com\/maps\/place\/395+Boulevard+Charest+E,+Qu%C3%A9bec,+QC+G1K+3H3\/@46.8135271,-71.2245125,15z\/data=!4m13!1m7!3m6!1s0x4cb8967165ec9cff:0xfaa47d75e453a8b3!2s395+Boulevard+Charest+E,+Qu%C3%A9bec,+QC+G1K+3H3!3b1!8m2!3d46.813389!4d-71.2243401!3m4!1s0x4cb8967165ec9cff:0xfaa47d75e453a8b3!8m2!3d46.813389!4d-71.2243401\">395 Boulevard Charest Est<\/a>.<\/p>\n<p>Prenant pour point de d\u00e9part la cl\u00e9, cet objet du quotidien souvent charg\u00e9 d\u2019histoires singuli\u00e8res, l\u2019artiste Laurent Gagnon propose un parcours dans lequel on d\u00e9couvre une trame narrative sous forme d\u2019histoires de cl\u00e9s. Symboliquement, la cl\u00e9 est un objet charg\u00e9 de sens. Elle donne acc\u00e8s \u00e0 l\u2019int\u00e9rieur, au chez-soi. Par l\u2019entremise de ce simple objet, l\u2019artiste investigue la notion de fronti\u00e8re, mais aussi celle de la rencontre. Cette exploration conduit le spectateur dans un espace partag\u00e9, celui du paysage.<\/p>\n<p><a href=\"https:\/\/www.galeriebecot.com\/wp-content\/uploads\/2020\/01\/Gagnon-Noel.jpg\"><img loading=\"lazy\" decoding=\"async\" class=\"alignnone size-full wp-image-12551\" src=\"https:\/\/www.galeriebecot.com\/wp-content\/uploads\/2020\/01\/Gagnon-Noel.jpg\" alt=\"\" width=\"576\" height=\"432\" srcset=\"https:\/\/galeriebecot.com\/wp-content\/uploads\/2020\/01\/Gagnon-Noel.jpg 576w, https:\/\/galeriebecot.com\/wp-content\/uploads\/2020\/01\/Gagnon-Noel-300x225.jpg 300w\" sizes=\"auto, (max-width: 576px) 100vw, 576px\" \/><\/a><\/p>\n<p>Pr\u00e9sentation de Laurent Gagnon par Monsieur Yvon No\u00ebl<\/p>\n<p><a href=\"https:\/\/www.galeriebecot.com\/wp-content\/uploads\/2020\/01\/Gagnon.jpg\"><img loading=\"lazy\" decoding=\"async\" class=\"alignnone size-full wp-image-12552\" src=\"https:\/\/www.galeriebecot.com\/wp-content\/uploads\/2020\/01\/Gagnon.jpg\" alt=\"\" width=\"576\" height=\"432\" srcset=\"https:\/\/galeriebecot.com\/wp-content\/uploads\/2020\/01\/Gagnon.jpg 576w, https:\/\/galeriebecot.com\/wp-content\/uploads\/2020\/01\/Gagnon-300x225.jpg 300w\" sizes=\"auto, (max-width: 576px) 100vw, 576px\" \/><\/a><\/p>\n<p>Laurent Gagnon, prend la parole .<\/p>\n<p>(&nbsp;<em>vernissage du 31 janvier 2020 , cr\u00e9dit photo Andr\u00e9 B\u00e9cot )<\/em><\/p>\n<p><a href=\"https:\/\/www.galeriebecot.com\/?p=12332\"><img loading=\"lazy\" decoding=\"async\" class=\"alignnone size-full wp-image-12513\" src=\"https:\/\/www.galeriebecot.com\/wp-content\/uploads\/2020\/01\/Gagnon-LaurentLien.jpg\" alt=\"\" width=\"360\" height=\"210\" srcset=\"https:\/\/galeriebecot.com\/wp-content\/uploads\/2020\/01\/Gagnon-LaurentLien.jpg 360w, https:\/\/galeriebecot.com\/wp-content\/uploads\/2020\/01\/Gagnon-LaurentLien-300x175.jpg 300w\" sizes=\"auto, (max-width: 360px) 100vw, 360px\" \/><\/a><\/p>\n<p><a href=\"https:\/\/www.galeriebecot.com\/?p=12332\">Voir le dernier projet du 1% , de Laurent Gagnon, &nbsp;\u00e0 L\u00e9vis.<\/a><\/p>\n<p>&nbsp;<\/p>\n<p><a href=\"https:\/\/michelparent.com\/club\/index.php\"><img loading=\"lazy\" decoding=\"async\" class=\"alignnone size-large wp-image-11648\" src=\"https:\/\/www.galeriebecot.com\/wp-content\/uploads\/2019\/08\/Logo-inscription-1-1024x85.jpg\" alt=\"\" width=\"700\" height=\"58\" srcset=\"https:\/\/galeriebecot.com\/wp-content\/uploads\/2019\/08\/Logo-inscription-1-1024x85.jpg 1024w, https:\/\/galeriebecot.com\/wp-content\/uploads\/2019\/08\/Logo-inscription-1-300x25.jpg 300w, https:\/\/galeriebecot.com\/wp-content\/uploads\/2019\/08\/Logo-inscription-1-768x64.jpg 768w, https:\/\/galeriebecot.com\/wp-content\/uploads\/2019\/08\/Logo-inscription-1.jpg 1403w\" sizes=\"auto, (max-width: 700px) 100vw, 700px\" \/><\/a><\/p>\n<p><a href=\"https:\/\/www.galeriebecot.com\/wp-content\/uploads\/2019\/08\/Magali11.jpg\"><img loading=\"lazy\" decoding=\"async\" class=\"alignnone size-large wp-image-11634\" src=\"https:\/\/www.galeriebecot.com\/wp-content\/uploads\/2019\/08\/Magali11-880x1024.jpg\" alt=\"\" width=\"700\" height=\"815\" srcset=\"https:\/\/galeriebecot.com\/wp-content\/uploads\/2019\/08\/Magali11-880x1024.jpg 880w, https:\/\/galeriebecot.com\/wp-content\/uploads\/2019\/08\/Magali11-258x300.jpg 258w, https:\/\/galeriebecot.com\/wp-content\/uploads\/2019\/08\/Magali11-768x893.jpg 768w, https:\/\/galeriebecot.com\/wp-content\/uploads\/2019\/08\/Magali11.jpg 1200w\" sizes=\"auto, (max-width: 700px) 100vw, 700px\" \/><\/a><a href=\"https:\/\/www.galeriebecot.com\/wp-content\/uploads\/2017\/10\/Magali-Thibeault-Gobeil.jpg\"><img loading=\"lazy\" decoding=\"async\" class=\"alignnone size-large wp-image-11615\" src=\"https:\/\/www.galeriebecot.com\/wp-content\/uploads\/2017\/10\/Magali-Thibeault-Gobeil-998x1024.jpg\" alt=\"\" width=\"700\" height=\"718\" srcset=\"https:\/\/galeriebecot.com\/wp-content\/uploads\/2017\/10\/Magali-Thibeault-Gobeil-998x1024.jpg 998w, https:\/\/galeriebecot.com\/wp-content\/uploads\/2017\/10\/Magali-Thibeault-Gobeil-292x300.jpg 292w, https:\/\/galeriebecot.com\/wp-content\/uploads\/2017\/10\/Magali-Thibeault-Gobeil-768x788.jpg 768w, https:\/\/galeriebecot.com\/wp-content\/uploads\/2017\/10\/Magali-Thibeault-Gobeil.jpg 1046w\" sizes=\"auto, (max-width: 700px) 100vw, 700px\" \/><\/a><\/p>\n<p><a href=\"http:\/\/centremateria.com\/programmation-2019-2020\/magali-thibault-gobeil\/\"><img loading=\"lazy\" decoding=\"async\" class=\"alignnone size-large wp-image-11616\" src=\"https:\/\/www.galeriebecot.com\/wp-content\/uploads\/2017\/10\/Magali2-1024x914.jpg\" alt=\"\" width=\"700\" height=\"625\" srcset=\"https:\/\/galeriebecot.com\/wp-content\/uploads\/2017\/10\/Magali2-1024x914.jpg 1024w, https:\/\/galeriebecot.com\/wp-content\/uploads\/2017\/10\/Magali2-300x268.jpg 300w, https:\/\/galeriebecot.com\/wp-content\/uploads\/2017\/10\/Magali2-768x686.jpg 768w, https:\/\/galeriebecot.com\/wp-content\/uploads\/2017\/10\/Magali2.jpg 1026w\" sizes=\"auto, (max-width: 700px) 100vw, 700px\" \/><\/a><\/p>\n<p><a href=\"http:\/\/centremateria.com\/programmation-2019-2020\/magali-thibault-gobeil\/\">Magali Thibault-Gobeil.<\/a><\/p>\n<p>Vernissage le 6 septembre d\u00e8s 17 h.<\/p>\n<p>Bienvenue \u00e0 tous !<\/p>\n<p>Dipl\u00f4m\u00e9e de l&rsquo;\u00c9cole de joaillerie de Montr\u00e9al en 2013, Magali Thibault Gobeil poursuit une carri\u00e8re &#8230;.<\/p>\n<p>&nbsp;<\/p>\n<p><a href=\"https:\/\/www.galeriebecot.com\/wp-content\/uploads\/2019\/08\/Magali2.jpg\"><img loading=\"lazy\" decoding=\"async\" class=\"alignnone size-full wp-image-11624\" src=\"https:\/\/www.galeriebecot.com\/wp-content\/uploads\/2019\/08\/Magali2.jpg\" alt=\"\" width=\"878\" height=\"240\" srcset=\"https:\/\/galeriebecot.com\/wp-content\/uploads\/2019\/08\/Magali2.jpg 878w, https:\/\/galeriebecot.com\/wp-content\/uploads\/2019\/08\/Magali2-300x82.jpg 300w, https:\/\/galeriebecot.com\/wp-content\/uploads\/2019\/08\/Magali2-768x210.jpg 768w\" sizes=\"auto, (max-width: 878px) 100vw, 878px\" \/><\/a><\/p>\n<p><a href=\"https:\/\/www.galeriebecot.com\/wp-content\/uploads\/2019\/08\/Magali3.jpg\"><img loading=\"lazy\" decoding=\"async\" class=\"alignnone size-full wp-image-11625\" src=\"https:\/\/www.galeriebecot.com\/wp-content\/uploads\/2019\/08\/Magali3.jpg\" alt=\"\" width=\"899\" height=\"658\" srcset=\"https:\/\/galeriebecot.com\/wp-content\/uploads\/2019\/08\/Magali3.jpg 899w, https:\/\/galeriebecot.com\/wp-content\/uploads\/2019\/08\/Magali3-300x220.jpg 300w, https:\/\/galeriebecot.com\/wp-content\/uploads\/2019\/08\/Magali3-768x562.jpg 768w\" sizes=\"auto, (max-width: 899px) 100vw, 899px\" \/><\/a><\/p>\n<p><a href=\"https:\/\/www.galeriebecot.com\/wp-content\/uploads\/2019\/08\/Magali4-1.jpg\"><img loading=\"lazy\" decoding=\"async\" class=\"alignnone size-full wp-image-11627\" src=\"https:\/\/www.galeriebecot.com\/wp-content\/uploads\/2019\/08\/Magali4-1.jpg\" alt=\"\" width=\"891\" height=\"747\" srcset=\"https:\/\/galeriebecot.com\/wp-content\/uploads\/2019\/08\/Magali4-1.jpg 891w, https:\/\/galeriebecot.com\/wp-content\/uploads\/2019\/08\/Magali4-1-300x252.jpg 300w, https:\/\/galeriebecot.com\/wp-content\/uploads\/2019\/08\/Magali4-1-768x644.jpg 768w\" sizes=\"auto, (max-width: 891px) 100vw, 891px\" \/><\/a><\/p>\n<p><a href=\"https:\/\/www.galeriebecot.com\/wp-content\/uploads\/2019\/08\/Magali5.jpg\"><img loading=\"lazy\" decoding=\"async\" class=\"alignnone size-full wp-image-11629\" src=\"https:\/\/www.galeriebecot.com\/wp-content\/uploads\/2019\/08\/Magali5.jpg\" alt=\"\" width=\"881\" height=\"379\" srcset=\"https:\/\/galeriebecot.com\/wp-content\/uploads\/2019\/08\/Magali5.jpg 881w, https:\/\/galeriebecot.com\/wp-content\/uploads\/2019\/08\/Magali5-300x129.jpg 300w, https:\/\/galeriebecot.com\/wp-content\/uploads\/2019\/08\/Magali5-768x330.jpg 768w\" sizes=\"auto, (max-width: 881px) 100vw, 881px\" \/><\/a><\/p>\n<p><a href=\"https:\/\/www.galeriebecot.com\/wp-content\/uploads\/2017\/05\/Racine-Baillargeon.jpg\"><img loading=\"lazy\" decoding=\"async\" class=\"alignnone size-full wp-image-7824\" src=\"https:\/\/www.galeriebecot.com\/wp-content\/uploads\/2017\/05\/Racine-Baillargeon.jpg\" alt=\"\" width=\"599\" height=\"864\" srcset=\"https:\/\/galeriebecot.com\/wp-content\/uploads\/2017\/05\/Racine-Baillargeon.jpg 599w, https:\/\/galeriebecot.com\/wp-content\/uploads\/2017\/05\/Racine-Baillargeon-208x300.jpg 208w\" sizes=\"auto, (max-width: 599px) 100vw, 599px\" \/><\/a><\/p>\n<p>Vernissage de l&rsquo;exposition Recoudre.<\/p>\n<p>Vernissage le Dimanche 3 novembre 2017 de 17 \u00e0 19h.<\/p>\n<p>L&rsquo;exposition se poursuit jusqu&rsquo;au 17 d\u00e9cembre.<\/p>\n<p>Ouverture de 12 \u00e0 17h au 395 boul. Charest est, Qu\u00e9bec.<\/p>\n<p>418-524-0354<\/p>\n<p><a href=\"https:\/\/www.galeriebecot.com\/wp-content\/uploads\/2017\/05\/Carole-Baillargeon.jpg\"><img loading=\"lazy\" decoding=\"async\" class=\"alignnone size-full wp-image-6860\" src=\"https:\/\/www.galeriebecot.com\/wp-content\/uploads\/2017\/05\/Carole-Baillargeon.jpg\" alt=\"\" width=\"720\" height=\"810\" srcset=\"https:\/\/galeriebecot.com\/wp-content\/uploads\/2017\/05\/Carole-Baillargeon.jpg 720w, https:\/\/galeriebecot.com\/wp-content\/uploads\/2017\/05\/Carole-Baillargeon-267x300.jpg 267w\" sizes=\"auto, (max-width: 720px) 100vw, 720px\" \/><\/a><\/p>\n<p>Heureuse de pr\u00e9senter les \u0153uvres de <em>Ainsi&#8230;<\/em> amorc\u00e9es lors d&rsquo;une r\u00e9sidence de cr\u00e9ation \u00e0 l&rsquo;\u00c9cole internationale d&rsquo;\u00e9t\u00e9 de l&rsquo;Universit\u00e9 Laval \u00e0 Perc\u00e9 en 2014.<\/p>\n<p>En 2015, &nbsp;j&rsquo;ai eu la chance de pr\u00e9senter un ensemble de 17 pi\u00e8ces lors de la Biennale internationale du lin de Portneuf, commissariat Barbara Wisnoski et Lalie Douglas<\/p>\n<p>\u00c0 ce jour, &nbsp;le corpus rassemble plus de 150 pi\u00e8ces, vous pourrez en voir plus d&rsquo;une centaine au Mus\u00e9e Marius-Barbeau.<br>\nBienvenue au vernissage de l&rsquo;exposition <em>Ainsi&#8230;<\/em> le dimanche 11 juin de 13h30 \u00e0 16h00<\/p>\n<p>139 rue Ste-Christine, Saint-Joseph-de-Beauce<\/p>\n<p>L&rsquo;exposition se poursuit jusqu&rsquo;au 1\u1d49 octobre 2017.<\/p>\n<p><a href=\"http:\/\/mailchi.mp\/bebca7cc03d7\/invitation-vernissage-la-galerie-3\"><img loading=\"lazy\" decoding=\"async\" class=\"alignnone size-full wp-image-6751\" src=\"https:\/\/www.galeriebecot.com\/wp-content\/uploads\/2017\/05\/Amelie-Proulx.jpg\" alt=\"\" width=\"461\" height=\"477\" srcset=\"https:\/\/galeriebecot.com\/wp-content\/uploads\/2017\/05\/Amelie-Proulx.jpg 461w, https:\/\/galeriebecot.com\/wp-content\/uploads\/2017\/05\/Amelie-Proulx-290x300.jpg 290w\" sizes=\"auto, (max-width: 461px) 100vw, 461px\" \/><\/a><\/p>\n<p>Les oeuvres faisant partie de l&rsquo;exposition pr\u00e9sent\u00e9e \u00e0 la Galerie 3 ont \u00e9t\u00e9 r\u00e9alis\u00e9es lors d&rsquo;une r\u00e9sidence de cr\u00e9ation unique et convoit\u00e9e dans l&rsquo;usine de c\u00e9ramique&nbsp;de&nbsp;<a href=\"http:\/\/www.corporate.kohler.com\/arts#we-believe-in-bridging-the-gap-between-arts-and-industry\">Kohler Co<\/a>., au Wisconsin, o\u00f9&nbsp;une&nbsp;poign\u00e9e d&rsquo;artistes travaille tous les ans pendant trois mois au contact d&rsquo;experts et ont acc\u00e8s&nbsp;\u00e0 des \u00e9quipements hautement sophistiqu\u00e9s. En 2017, quatorze r\u00e9sidents ont \u00e9t\u00e9 s\u00e9lectionn\u00e9s, dont&nbsp;Am\u00e9lie Proulx, sur les 300 postulants.<\/p>\n<p>Les oiseaux des villes en tout et en parties sont les principaux sujets et mod\u00e8les de ce mariage entre la technologie et la po\u00e9sie, l&rsquo;immuable et le quotidien en continuelle transformation. Ici encore et avec une force \u00e9vocatrice d\u00e9multipli\u00e9e, Am\u00e9lie Proulx manipule et&nbsp;\u00ab&nbsp;active&nbsp;\u00bb&nbsp;la c\u00e9ramique de diverses mani\u00e8res afin de cr\u00e9er des sculptures qui sugg\u00e8rent un perp\u00e9tuel glissement de sens dans le langage et dans la perception de ph\u00e9nom\u00e8nes naturels.<\/p>\n<h3><span lang=\"FR\"><strong><span style=\"color: #1f3763; font-family: 'Calibri Light'; font-size: medium;\">De l\u2019imprimante 3D au four, tout un proc\u00e9d\u00e9 \u00e0 inventer pour donner vie \u00e0 l\u2019art<\/span><\/strong><\/span><\/h3>\n<p>Plusieurs des sculptures c\u00e9ramiques qui sont pr\u00e9sent\u00e9es dans cette exposition ont \u00e9t\u00e9 cr\u00e9\u00e9es gr\u00e2ce \u00e0 des objets qui ont \u00e9t\u00e9 num\u00e9ris\u00e9s avec un scanner 3D puis imprim\u00e9s en plastique avant d\u2019\u00eatre utilis\u00e9s pour en faire des moules de production. Les objets ainsi coul\u00e9s en porcelaine ont par la suite \u00e9t\u00e9 assembl\u00e9s de diverses mani\u00e8res, de sorte \u00e0 en modifier potentiellement la signification.<\/p>\n<p>&nbsp;<\/p>","protected":false},"excerpt":{"rendered":"<p>Orient\u00e9e autour du dialogue et de la force f\u00e9minine, l&rsquo;exposition For\u00eat sur amphores pr\u00e9sente un vaste univers all\u00e9gorique port\u00e9 par des oeuvres empreintes de r\u00e9sistance et de sinc\u00e9rit\u00e9, propre au&hellip; <\/p>\n","protected":false},"author":1,"featured_media":0,"comment_status":"open","ping_status":"open","sticky":false,"template":"","format":"standard","meta":{"_exactmetrics_skip_tracking":false,"_exactmetrics_sitenote_active":false,"_exactmetrics_sitenote_note":"","_exactmetrics_sitenote_category":0,"footnotes":""},"categories":[18,19],"tags":[955,34,44,301,67,1489,35,1553,1490,292,2843,58,1437,1838,673,37,1839,1439,4634,40,4635],"class_list":["post-6750","post","type-post","status-publish","format-standard","hentry","category-evenement","category-vernissage","tag-amelie-proulx","tag-andre-becot","tag-artiste","tag-carole-baillargeon","tag-club-des-collectionneurs-en-arts-visuels-de-quebec-marc-bellemare","tag-design-de-produits","tag-foire-en-arts-actuel","tag-jean-marc-labbe","tag-la-fabrique","tag-laurent-gagnon","tag-magali-thibault-gobeil","tag-marc-bellemare-collectionneur","tag-materia","tag-mireille-racine","tag-musee-marius-barbeau","tag-studio-becot","tag-textile","tag-universite-laval","tag-veronique-martle","tag-visuals-arts","tag-ymca-de-quebec"],"_links":{"self":[{"href":"https:\/\/galeriebecot.com\/index.php?rest_route=\/wp\/v2\/posts\/6750","targetHints":{"allow":["GET"]}}],"collection":[{"href":"https:\/\/galeriebecot.com\/index.php?rest_route=\/wp\/v2\/posts"}],"about":[{"href":"https:\/\/galeriebecot.com\/index.php?rest_route=\/wp\/v2\/types\/post"}],"author":[{"embeddable":true,"href":"https:\/\/galeriebecot.com\/index.php?rest_route=\/wp\/v2\/users\/1"}],"replies":[{"embeddable":true,"href":"https:\/\/galeriebecot.com\/index.php?rest_route=%2Fwp%2Fv2%2Fcomments&post=6750"}],"version-history":[{"count":39,"href":"https:\/\/galeriebecot.com\/index.php?rest_route=\/wp\/v2\/posts\/6750\/revisions"}],"predecessor-version":[{"id":18649,"href":"https:\/\/galeriebecot.com\/index.php?rest_route=\/wp\/v2\/posts\/6750\/revisions\/18649"}],"wp:attachment":[{"href":"https:\/\/galeriebecot.com\/index.php?rest_route=%2Fwp%2Fv2%2Fmedia&parent=6750"}],"wp:term":[{"taxonomy":"category","embeddable":true,"href":"https:\/\/galeriebecot.com\/index.php?rest_route=%2Fwp%2Fv2%2Fcategories&post=6750"},{"taxonomy":"post_tag","embeddable":true,"href":"https:\/\/galeriebecot.com\/index.php?rest_route=%2Fwp%2Fv2%2Ftags&post=6750"}],"curies":[{"name":"wp","href":"https:\/\/api.w.org\/{rel}","templated":true}]}}