{"id":6568,"date":"2017-04-06T12:34:54","date_gmt":"2017-04-06T16:34:54","guid":{"rendered":"http:\/\/www.clubdescollectionneursenartsvisuelsdequebec.com\/?p=6568"},"modified":"2017-04-09T18:19:05","modified_gmt":"2017-04-09T22:19:05","slug":"6568","status":"publish","type":"post","link":"https:\/\/galeriebecot.com\/?p=6568","title":{"rendered":"Conf\u00e9rence La MANIF D&rsquo;ART 8, Mus\u00e9e national des Beaux-Arts, La biennale de Qu\u00e9bec."},"content":{"rendered":"<p><a href=\"https:\/\/www.galeriebecot.com\/wp-content\/uploads\/2017\/03\/club-manif.jpg\"><img loading=\"lazy\" decoding=\"async\" class=\"alignnone size-full wp-image-6572\" src=\"https:\/\/www.galeriebecot.com\/wp-content\/uploads\/2017\/03\/club-manif.jpg\" alt=\"\" width=\"583\" height=\"982\" srcset=\"https:\/\/galeriebecot.com\/wp-content\/uploads\/2017\/03\/club-manif.jpg 583w, https:\/\/galeriebecot.com\/wp-content\/uploads\/2017\/03\/club-manif-178x300.jpg 178w\" sizes=\"auto, (max-width: 583px) 100vw, 583px\" \/><\/a><\/p>\n<p><a href=\"https:\/\/www.galeriebecot.com\/wp-content\/uploads\/2017\/03\/Club-manif2.jpg\"><img loading=\"lazy\" decoding=\"async\" class=\"alignnone size-full wp-image-6570\" src=\"https:\/\/www.galeriebecot.com\/wp-content\/uploads\/2017\/03\/Club-manif2.jpg\" alt=\"\" width=\"919\" height=\"814\" srcset=\"https:\/\/galeriebecot.com\/wp-content\/uploads\/2017\/03\/Club-manif2.jpg 919w, https:\/\/galeriebecot.com\/wp-content\/uploads\/2017\/03\/Club-manif2-300x266.jpg 300w, https:\/\/galeriebecot.com\/wp-content\/uploads\/2017\/03\/Club-manif2-768x680.jpg 768w\" sizes=\"auto, (max-width: 919px) 100vw, 919px\" \/><\/a><\/p>\n<p>Lundi le 27 Mars 2017, Conf\u00e9rence \u00e9v\u00e9nement: La MANIF D&rsquo;ART\/8. Pavillon Pierre-Lassonde du Mus\u00e9e national des beaux-arts.<\/p>\n<p>Bienvenue \u00e0 tous !<\/p>\n","protected":false},"excerpt":{"rendered":"<p>Lundi le 27 Mars 2017, Conf\u00e9rence \u00e9v\u00e9nement: La MANIF D&rsquo;ART\/8. Pavillon Pierre-Lassonde du Mus\u00e9e national des beaux-arts. Bienvenue \u00e0 tous !<\/p>\n","protected":false},"author":1,"featured_media":0,"comment_status":"open","ping_status":"open","sticky":false,"template":"","format":"standard","meta":{"_exactmetrics_skip_tracking":false,"_exactmetrics_sitenote_active":false,"_exactmetrics_sitenote_note":"","_exactmetrics_sitenote_category":0,"footnotes":""},"categories":[27,17,18,1,19],"tags":[34,1470,43,207,109,1469,1471,1417,1468,1472,35,917,1442,58,1375,1467,390,37,40],"class_list":["post-6568","post","type-post","status-publish","format-standard","hentry","category-artistes","category-conference","category-evenement","category-non-classe","category-vernissage","tag-andre-becot","tag-annette-messager","tag-arts-visuels","tag-bernard-lamarche","tag-bgl","tag-carlos-amorales","tag-christian-bolstanski","tag-claude-belanger","tag-clement-cogitore","tag-cynthia-dinan-mitchelle","tag-foire-en-arts-actuel","tag-jacynthe-carrier","tag-manif-dart-8-la-biennale-de-quebec","tag-marc-bellemare-collectionneur","tag-musee-national-des-beaux-arts","tag-pavillon-pierre-lassonde","tag-pierre-et-marie","tag-studio-becot","tag-visuals-arts"],"_links":{"self":[{"href":"https:\/\/galeriebecot.com\/index.php?rest_route=\/wp\/v2\/posts\/6568","targetHints":{"allow":["GET"]}}],"collection":[{"href":"https:\/\/galeriebecot.com\/index.php?rest_route=\/wp\/v2\/posts"}],"about":[{"href":"https:\/\/galeriebecot.com\/index.php?rest_route=\/wp\/v2\/types\/post"}],"author":[{"embeddable":true,"href":"https:\/\/galeriebecot.com\/index.php?rest_route=\/wp\/v2\/users\/1"}],"replies":[{"embeddable":true,"href":"https:\/\/galeriebecot.com\/index.php?rest_route=%2Fwp%2Fv2%2Fcomments&post=6568"}],"version-history":[{"count":6,"href":"https:\/\/galeriebecot.com\/index.php?rest_route=\/wp\/v2\/posts\/6568\/revisions"}],"predecessor-version":[{"id":6576,"href":"https:\/\/galeriebecot.com\/index.php?rest_route=\/wp\/v2\/posts\/6568\/revisions\/6576"}],"wp:attachment":[{"href":"https:\/\/galeriebecot.com\/index.php?rest_route=%2Fwp%2Fv2%2Fmedia&parent=6568"}],"wp:term":[{"taxonomy":"category","embeddable":true,"href":"https:\/\/galeriebecot.com\/index.php?rest_route=%2Fwp%2Fv2%2Fcategories&post=6568"},{"taxonomy":"post_tag","embeddable":true,"href":"https:\/\/galeriebecot.com\/index.php?rest_route=%2Fwp%2Fv2%2Ftags&post=6568"}],"curies":[{"name":"wp","href":"https:\/\/api.w.org\/{rel}","templated":true}]}}