{"id":6205,"date":"2018-03-19T17:06:15","date_gmt":"2018-03-19T21:06:15","guid":{"rendered":"http:\/\/www.clubdescollectionneursenartsvisuelsdequebec.com\/?p=6205"},"modified":"2018-03-24T13:21:57","modified_gmt":"2018-03-24T17:21:57","slug":"josee-landry-et-paryse-martin-exposent-a-la-maison-hamel-bruneau","status":"publish","type":"post","link":"https:\/\/galeriebecot.com\/?p=6205","title":{"rendered":"Dans les traces de Dumouchel \u00e0 la maison Hamel Bruneau."},"content":{"rendered":"<p><a href=\"https:\/\/www.galeriebecot.com\/wp-content\/uploads\/2017\/01\/Dumouchel.jpeg\"><img loading=\"lazy\" decoding=\"async\" class=\"alignnone size-large wp-image-8381\" src=\"https:\/\/www.galeriebecot.com\/wp-content\/uploads\/2017\/01\/Dumouchel-1024x436.jpeg\" alt=\"\" width=\"700\" height=\"298\" srcset=\"https:\/\/galeriebecot.com\/wp-content\/uploads\/2017\/01\/Dumouchel-1024x436.jpeg 1024w, https:\/\/galeriebecot.com\/wp-content\/uploads\/2017\/01\/Dumouchel-300x128.jpeg 300w, https:\/\/galeriebecot.com\/wp-content\/uploads\/2017\/01\/Dumouchel-768x327.jpeg 768w, https:\/\/galeriebecot.com\/wp-content\/uploads\/2017\/01\/Dumouchel.jpeg 1280w\" sizes=\"auto, (max-width: 700px) 100vw, 700px\" \/><\/a><\/p>\n<p class=\"x_MsoNormal\" style=\"text-align: left;\" align=\"center\">L\u2019Arrondissement de Sainte-Foy\u2013Sillery\u2013Cap-Rouge a le plaisir de vous inviter au vernissage de l&rsquo;exposition<\/p>\n<p class=\"x_MsoNormal\" style=\"text-align: left;\" align=\"center\"><b><i>Dans les traces de Dumouchel<\/i><\/b><\/p>\n<p class=\"x_MsoNormal\" style=\"text-align: left;\" align=\"center\"><b><i>70 artistes\/70 estampes<\/i><\/b><\/p>\n<p class=\"x_MsoNormal\" style=\"text-align: left;\" align=\"center\">le samedi 24 mars 2018 \u00e0 14 h 30<\/p>\n<p class=\"x_MsoNormal\" style=\"text-align: left;\" align=\"center\">\u00e0 la maison Hamel-Bruneau, situ\u00e9e au 2608, chemin Saint-Louis, Qu\u00e9bec<\/p>\n<p class=\"x_MsoNormal\" style=\"text-align: left;\" align=\"center\">en pr\u00e9sence de monsieur R\u00e9my Normand, pr\u00e9sident du conseil d\u2019arrondissement,<\/p>\n<p class=\"x_MsoNormal\" style=\"text-align: left;\" align=\"center\">de mesdames Ren\u00e9e G\u00e9linas et Nicole Milette, commissaires de l\u2019exposition et artistes,<\/p>\n<p class=\"x_MsoNormal\" style=\"text-align: left;\" align=\"center\">ainsi que de plusieurs artistes participants.<\/p>\n<p><a href=\"https:\/\/www.galeriebecot.com\/wp-content\/uploads\/2017\/02\/Magnificat.jpg\"><img loading=\"lazy\" decoding=\"async\" class=\"alignnone size-large wp-image-6206\" src=\"https:\/\/www.galeriebecot.com\/wp-content\/uploads\/2017\/02\/Magnificat-1024x931.jpg\" alt=\"\" width=\"700\" height=\"636\" srcset=\"https:\/\/galeriebecot.com\/wp-content\/uploads\/2017\/02\/Magnificat-1024x931.jpg 1024w, https:\/\/galeriebecot.com\/wp-content\/uploads\/2017\/02\/Magnificat-300x273.jpg 300w, https:\/\/galeriebecot.com\/wp-content\/uploads\/2017\/02\/Magnificat-768x698.jpg 768w, https:\/\/galeriebecot.com\/wp-content\/uploads\/2017\/02\/Magnificat.jpg 1030w\" sizes=\"auto, (max-width: 700px) 100vw, 700px\" \/><\/a><\/p>\n<p>Vernissage le mercredi 15 f\u00e9vrier \u00e0 17h 30<\/p>\n<p>2608,chemin Saint-Louis, Qu\u00e9bec<\/p>\n<p>en pr\u00e9sence de monsieur R\u00e9my Normand pr\u00e9sident du conseil d&rsquo;arrondissement, de monsieur Claude B\u00e9langer, directeur artistique de Manif d&rsquo;art, ainsi que de mesdames Jos\u00e9e Landry Sirois et Paryse Martin,artistes.<\/p>\n","protected":false},"excerpt":{"rendered":"<p>L\u2019Arrondissement de Sainte-Foy\u2013Sillery\u2013Cap-Rouge a le plaisir de vous inviter au vernissage de l&rsquo;exposition Dans les traces de Dumouchel 70 artistes\/70 estampes le samedi 24 mars 2018 \u00e0 14 h 30&hellip; <\/p>\n","protected":false},"author":1,"featured_media":0,"comment_status":"open","ping_status":"open","sticky":false,"template":"","format":"standard","meta":{"_exactmetrics_skip_tracking":false,"_exactmetrics_sitenote_active":false,"_exactmetrics_sitenote_note":"","_exactmetrics_sitenote_category":0,"footnotes":""},"categories":[27,19],"tags":[34,735,43,1417,35,457,1446,555,250,58,2059,1447,926,2058,37,40],"class_list":["post-6205","post","type-post","status-publish","format-standard","hentry","category-artistes","category-vernissage","tag-andre-becot","tag-artistes","tag-arts-visuels","tag-claude-belanger","tag-foire-en-arts-actuel","tag-helene-larouche","tag-josee-landry-sirois-artiste","tag-maison-hamel-bruneau","tag-manif-dart","tag-marc-bellemare-collectionneur","tag-nicole-milette","tag-paryse-martin-artiste","tag-remy-normand","tag-renee-gelinas","tag-studio-becot","tag-visuals-arts"],"_links":{"self":[{"href":"https:\/\/galeriebecot.com\/index.php?rest_route=\/wp\/v2\/posts\/6205","targetHints":{"allow":["GET"]}}],"collection":[{"href":"https:\/\/galeriebecot.com\/index.php?rest_route=\/wp\/v2\/posts"}],"about":[{"href":"https:\/\/galeriebecot.com\/index.php?rest_route=\/wp\/v2\/types\/post"}],"author":[{"embeddable":true,"href":"https:\/\/galeriebecot.com\/index.php?rest_route=\/wp\/v2\/users\/1"}],"replies":[{"embeddable":true,"href":"https:\/\/galeriebecot.com\/index.php?rest_route=%2Fwp%2Fv2%2Fcomments&post=6205"}],"version-history":[{"count":7,"href":"https:\/\/galeriebecot.com\/index.php?rest_route=\/wp\/v2\/posts\/6205\/revisions"}],"predecessor-version":[{"id":8384,"href":"https:\/\/galeriebecot.com\/index.php?rest_route=\/wp\/v2\/posts\/6205\/revisions\/8384"}],"wp:attachment":[{"href":"https:\/\/galeriebecot.com\/index.php?rest_route=%2Fwp%2Fv2%2Fmedia&parent=6205"}],"wp:term":[{"taxonomy":"category","embeddable":true,"href":"https:\/\/galeriebecot.com\/index.php?rest_route=%2Fwp%2Fv2%2Fcategories&post=6205"},{"taxonomy":"post_tag","embeddable":true,"href":"https:\/\/galeriebecot.com\/index.php?rest_route=%2Fwp%2Fv2%2Ftags&post=6205"}],"curies":[{"name":"wp","href":"https:\/\/api.w.org\/{rel}","templated":true}]}}