{"id":6114,"date":"2017-01-05T18:01:00","date_gmt":"2017-01-05T23:01:00","guid":{"rendered":"http:\/\/www.clubdescollectionneursenartsvisuelsdequebec.com\/?p=6114"},"modified":"2017-01-20T12:46:14","modified_gmt":"2017-01-20T17:46:14","slug":"mylene-michaud-chez-materia-du-6-janvier-au-5-fevrier-2017","status":"publish","type":"post","link":"https:\/\/galeriebecot.com\/?p=6114","title":{"rendered":"Myl\u00e8ne Michaud chez Mat\u00e9ria, du 6 janvier au 5 f\u00e9vrier 2017"},"content":{"rendered":"<p><a href=\"http:\/\/centremateria.com\/programmation-2016-2017\/mylene-michaud\/\"><strong>D\u2019un point \u00e0 l\u2019autre <\/strong>s\u2019inscrit dans une volont\u00e9 d\u2019actualiser la technique du tricot. D\u00e9velopp\u00e9e autour de la rencontre entre les techniques de la maille et les nouvelles technologies, l\u2019exposition pr\u00e9sente des \u0153uvres r\u00e9alis\u00e9es \u00e0 partir d\u2019images satellites capt\u00e9es sur le web. La maille \u00e9tant abord\u00e9e en tant que pixel dans un ratio de 1:1, il en r\u00e9sulte des tricots gigantesques dans lesquels la pixellisation de l\u2019image et la structure en r\u00e9seau de l\u2019\u00e9toffe sont mises en valeur.<\/a><\/p>\n<p><a href=\"http:\/\/centremateria.com\/programmation-2016-2017\/mylene-michaud\/\"><img loading=\"lazy\" decoding=\"async\" class=\"alignnone size-full wp-image-6126\" src=\"https:\/\/www.galeriebecot.com\/wp-content\/uploads\/2017\/01\/Mylene-Michaud.jpg\" alt=\"\" width=\"919\" height=\"937\" srcset=\"https:\/\/galeriebecot.com\/wp-content\/uploads\/2017\/01\/Mylene-Michaud.jpg 919w, https:\/\/galeriebecot.com\/wp-content\/uploads\/2017\/01\/Mylene-Michaud-294x300.jpg 294w, https:\/\/galeriebecot.com\/wp-content\/uploads\/2017\/01\/Mylene-Michaud-768x783.jpg 768w\" sizes=\"auto, (max-width: 919px) 100vw, 919px\" \/><\/a><\/p>\n","protected":false},"excerpt":{"rendered":"<p>D\u2019un point \u00e0 l\u2019autre s\u2019inscrit dans une volont\u00e9 d\u2019actualiser la technique du tricot. D\u00e9velopp\u00e9e autour de la rencontre entre les techniques de la maille et les nouvelles technologies, l\u2019exposition pr\u00e9sente&hellip; <\/p>\n","protected":false},"author":1,"featured_media":0,"comment_status":"open","ping_status":"open","sticky":false,"template":"","format":"standard","meta":{"_exactmetrics_skip_tracking":false,"_exactmetrics_sitenote_active":false,"_exactmetrics_sitenote_note":"","_exactmetrics_sitenote_category":0,"footnotes":""},"categories":[27],"tags":[34,66,35,58,1437,1436,37,40],"class_list":["post-6114","post","type-post","status-publish","format-standard","hentry","category-artistes","tag-andre-becot","tag-club-des-collectionneurs-en-arts-visuels-de-quebec-studio-becot","tag-foire-en-arts-actuel","tag-marc-bellemare-collectionneur","tag-materia","tag-mylene-michaud","tag-studio-becot","tag-visuals-arts"],"_links":{"self":[{"href":"https:\/\/galeriebecot.com\/index.php?rest_route=\/wp\/v2\/posts\/6114","targetHints":{"allow":["GET"]}}],"collection":[{"href":"https:\/\/galeriebecot.com\/index.php?rest_route=\/wp\/v2\/posts"}],"about":[{"href":"https:\/\/galeriebecot.com\/index.php?rest_route=\/wp\/v2\/types\/post"}],"author":[{"embeddable":true,"href":"https:\/\/galeriebecot.com\/index.php?rest_route=\/wp\/v2\/users\/1"}],"replies":[{"embeddable":true,"href":"https:\/\/galeriebecot.com\/index.php?rest_route=%2Fwp%2Fv2%2Fcomments&post=6114"}],"version-history":[{"count":9,"href":"https:\/\/galeriebecot.com\/index.php?rest_route=\/wp\/v2\/posts\/6114\/revisions"}],"predecessor-version":[{"id":6128,"href":"https:\/\/galeriebecot.com\/index.php?rest_route=\/wp\/v2\/posts\/6114\/revisions\/6128"}],"wp:attachment":[{"href":"https:\/\/galeriebecot.com\/index.php?rest_route=%2Fwp%2Fv2%2Fmedia&parent=6114"}],"wp:term":[{"taxonomy":"category","embeddable":true,"href":"https:\/\/galeriebecot.com\/index.php?rest_route=%2Fwp%2Fv2%2Fcategories&post=6114"},{"taxonomy":"post_tag","embeddable":true,"href":"https:\/\/galeriebecot.com\/index.php?rest_route=%2Fwp%2Fv2%2Ftags&post=6114"}],"curies":[{"name":"wp","href":"https:\/\/api.w.org\/{rel}","templated":true}]}}