{"id":6106,"date":"2017-11-14T17:38:42","date_gmt":"2017-11-14T22:38:42","guid":{"rendered":"http:\/\/www.clubdescollectionneursenartsvisuelsdequebec.com\/?p=6106"},"modified":"2017-11-17T11:38:39","modified_gmt":"2017-11-17T16:38:39","slug":"dan-brault-expose-a-la-galerie-3","status":"publish","type":"post","link":"https:\/\/galeriebecot.com\/?p=6106","title":{"rendered":"Shary Boyle expose \u00e0 la Galerie 3,vernissage le 17 novembre \u00e0 17h30"},"content":{"rendered":"<p><a href=\"https:\/\/www.galeriebecot.com\/wp-content\/uploads\/2017\/01\/Shary-Boyle-1.jpg\"><img loading=\"lazy\" decoding=\"async\" class=\"alignnone size-full wp-image-7953\" src=\"https:\/\/www.galeriebecot.com\/wp-content\/uploads\/2017\/01\/Shary-Boyle-1.jpg\" alt=\"\" width=\"467\" height=\"883\" srcset=\"https:\/\/galeriebecot.com\/wp-content\/uploads\/2017\/01\/Shary-Boyle-1.jpg 467w, https:\/\/galeriebecot.com\/wp-content\/uploads\/2017\/01\/Shary-Boyle-1-159x300.jpg 159w\" sizes=\"auto, (max-width: 467px) 100vw, 467px\" \/><\/a><\/p>\n<p><a href=\"https:\/\/www.galeriebecot.com\/wp-content\/uploads\/2017\/01\/Shary-Boyle-2.jpg\"><img loading=\"lazy\" decoding=\"async\" class=\"alignnone size-full wp-image-7954\" src=\"https:\/\/www.galeriebecot.com\/wp-content\/uploads\/2017\/01\/Shary-Boyle-2.jpg\" alt=\"\" width=\"463\" height=\"578\" srcset=\"https:\/\/galeriebecot.com\/wp-content\/uploads\/2017\/01\/Shary-Boyle-2.jpg 463w, https:\/\/galeriebecot.com\/wp-content\/uploads\/2017\/01\/Shary-Boyle-2-240x300.jpg 240w\" sizes=\"auto, (max-width: 463px) 100vw, 463px\" \/><\/a><\/p>\n<p><strong>Vernissage de Shary Boyle.<\/strong><\/p>\n<p><strong><em>The Smile<\/em><\/strong><\/p>\n<p><strong><em>at the Bottom of the Ladder.<\/em><\/strong><\/p>\n<p><strong><em>( Le sourire au bas de l&rsquo;\u00e9chelle).<\/em><\/strong><\/p>\n<p>Du 17 novembre au 17 d\u00e9cembre 2017.<\/p>\n<p><strong>Vernissage : Vendredi 17 novembre d\u00e8s 17 h 30.<\/strong><\/p>\n<p>247, rue St-Vallier est, Qu\u00e9bec.<\/p>\n<p><a href=\"https:\/\/www.galeriebecot.com\/wp-content\/uploads\/2017\/01\/Sherry-Boyle-3.jpg\"><img loading=\"lazy\" decoding=\"async\" class=\"alignnone size-full wp-image-7955\" src=\"https:\/\/www.galeriebecot.com\/wp-content\/uploads\/2017\/01\/Sherry-Boyle-3.jpg\" alt=\"\" width=\"419\" height=\"144\" srcset=\"https:\/\/galeriebecot.com\/wp-content\/uploads\/2017\/01\/Sherry-Boyle-3.jpg 419w, https:\/\/galeriebecot.com\/wp-content\/uploads\/2017\/01\/Sherry-Boyle-3-300x103.jpg 300w\" sizes=\"auto, (max-width: 419px) 100vw, 419px\" \/><\/a><\/p>\n<p><a href=\"https:\/\/www.galeriebecot.com\/wp-content\/uploads\/2017\/01\/Dan-Brault-1.jpg\"><img loading=\"lazy\" decoding=\"async\" class=\"alignnone size-full wp-image-6107\" src=\"https:\/\/www.galeriebecot.com\/wp-content\/uploads\/2017\/01\/Dan-Brault-1.jpg\" alt=\"\" width=\"513\" height=\"872\" srcset=\"https:\/\/galeriebecot.com\/wp-content\/uploads\/2017\/01\/Dan-Brault-1.jpg 513w, https:\/\/galeriebecot.com\/wp-content\/uploads\/2017\/01\/Dan-Brault-1-176x300.jpg 176w\" sizes=\"auto, (max-width: 513px) 100vw, 513px\" \/><\/a><\/p>\n<p><a href=\"http:\/\/www.lagalerie3.com\/\"><img loading=\"lazy\" decoding=\"async\" class=\"alignnone size-full wp-image-6108\" src=\"https:\/\/www.galeriebecot.com\/wp-content\/uploads\/2017\/01\/Dan-Breault-2.jpg\" alt=\"\" width=\"461\" height=\"865\" srcset=\"https:\/\/galeriebecot.com\/wp-content\/uploads\/2017\/01\/Dan-Breault-2.jpg 461w, https:\/\/galeriebecot.com\/wp-content\/uploads\/2017\/01\/Dan-Breault-2-160x300.jpg 160w\" sizes=\"auto, (max-width: 461px) 100vw, 461px\" \/><\/a><\/p>\n<p>Dan Brault cr\u00e9e ses tableaux \u00e0 l&rsquo;image de &lt;&lt; gens normaux &gt;&gt; tel qu&rsquo;il se pla\u00eet \u00e0 le dire lui-m\u00eame,soit grandioses, imparfaits et attachants.On croirait entendre des sons, toucher du doigt la po\u00e9sie et l&rsquo;humour, percevoir un mouvement&#8230;<\/p>\n","protected":false},"excerpt":{"rendered":"<p>Vernissage de Shary Boyle. The Smile at the Bottom of the Ladder. ( Le sourire au bas de l&rsquo;\u00e9chelle). Du 17 novembre au 17 d\u00e9cembre 2017. Vernissage : Vendredi 17&hellip; <\/p>\n","protected":false},"author":1,"featured_media":0,"comment_status":"open","ping_status":"open","sticky":false,"template":"","format":"standard","meta":{"_exactmetrics_skip_tracking":false,"_exactmetrics_sitenote_active":false,"_exactmetrics_sitenote_note":"","_exactmetrics_sitenote_category":0,"footnotes":""},"categories":[27,18,19],"tags":[34,1873,588,1435,834,66,368,1874,1207,58,1872,1871,1875,1870,37,40],"class_list":["post-6106","post","type-post","status-publish","format-standard","hentry","category-artistes","category-evenement","category-vernissage","tag-andre-becot","tag-biennale-de-ceramique-gyeonggi","tag-biennale-de-venise","tag-boowaboowaboo","tag-centre-pompidou","tag-club-des-collectionneurs-en-arts-visuels-de-quebec-studio-becot","tag-dan-brault","tag-fondation-hnatyshyn","tag-galerie3","tag-marc-bellemare-collectionneur","tag-musee-des-beaux-arts-du-canada","tag-musee-hammer","tag-prix-gershon-iskowitz","tag-shary-boyle","tag-studio-becot","tag-visuals-arts"],"_links":{"self":[{"href":"https:\/\/galeriebecot.com\/index.php?rest_route=\/wp\/v2\/posts\/6106","targetHints":{"allow":["GET"]}}],"collection":[{"href":"https:\/\/galeriebecot.com\/index.php?rest_route=\/wp\/v2\/posts"}],"about":[{"href":"https:\/\/galeriebecot.com\/index.php?rest_route=\/wp\/v2\/types\/post"}],"author":[{"embeddable":true,"href":"https:\/\/galeriebecot.com\/index.php?rest_route=\/wp\/v2\/users\/1"}],"replies":[{"embeddable":true,"href":"https:\/\/galeriebecot.com\/index.php?rest_route=%2Fwp%2Fv2%2Fcomments&post=6106"}],"version-history":[{"count":6,"href":"https:\/\/galeriebecot.com\/index.php?rest_route=\/wp\/v2\/posts\/6106\/revisions"}],"predecessor-version":[{"id":7956,"href":"https:\/\/galeriebecot.com\/index.php?rest_route=\/wp\/v2\/posts\/6106\/revisions\/7956"}],"wp:attachment":[{"href":"https:\/\/galeriebecot.com\/index.php?rest_route=%2Fwp%2Fv2%2Fmedia&parent=6106"}],"wp:term":[{"taxonomy":"category","embeddable":true,"href":"https:\/\/galeriebecot.com\/index.php?rest_route=%2Fwp%2Fv2%2Fcategories&post=6106"},{"taxonomy":"post_tag","embeddable":true,"href":"https:\/\/galeriebecot.com\/index.php?rest_route=%2Fwp%2Fv2%2Ftags&post=6106"}],"curies":[{"name":"wp","href":"https:\/\/api.w.org\/{rel}","templated":true}]}}