{"id":6093,"date":"2019-04-26T07:43:25","date_gmt":"2019-04-26T11:43:25","guid":{"rendered":"http:\/\/www.clubdescollectionneursenartsvisuelsdequebec.com\/?p=6093"},"modified":"2019-05-05T17:58:57","modified_gmt":"2019-05-05T21:58:57","slug":"6093","status":"publish","type":"post","link":"https:\/\/galeriebecot.com\/?p=6093","title":{"rendered":"Philippe Pallafray, Sculpteur, expose \u00e0 Oeno Gallery"},"content":{"rendered":"<p><a href=\"https:\/\/oenogallery.com\/artists\/philippe-pallafray\/\"><img loading=\"lazy\" decoding=\"async\" class=\"alignnone size-full wp-image-11290\" src=\"https:\/\/www.galeriebecot.com\/wp-content\/uploads\/2019\/02\/Pallafray.jpg\" alt=\"\" width=\"638\" height=\"791\" srcset=\"https:\/\/galeriebecot.com\/wp-content\/uploads\/2019\/02\/Pallafray.jpg 638w, https:\/\/galeriebecot.com\/wp-content\/uploads\/2019\/02\/Pallafray-242x300.jpg 242w\" sizes=\"auto, (max-width: 638px) 100vw, 638px\" \/><\/a><\/p>\n<p>Du 4 au 20 mai 2019.<\/p>\n<p><a href=\"https:\/\/www.galeriebecot.com\/wp-content\/uploads\/2019\/02\/Pallafray111.jpg\"><img loading=\"lazy\" decoding=\"async\" class=\"alignnone size-full wp-image-10549\" src=\"https:\/\/www.galeriebecot.com\/wp-content\/uploads\/2019\/02\/Pallafray111.jpg\" alt=\"\" width=\"713\" height=\"1007\" srcset=\"https:\/\/galeriebecot.com\/wp-content\/uploads\/2019\/02\/Pallafray111.jpg 713w, https:\/\/galeriebecot.com\/wp-content\/uploads\/2019\/02\/Pallafray111-212x300.jpg 212w\" sizes=\"auto, (max-width: 713px) 100vw, 713px\" \/><\/a><\/p>\n<p><a href=\"https:\/\/www.pallafray.com\/\"><img loading=\"lazy\" decoding=\"async\" class=\"alignnone size-full wp-image-10546\" src=\"https:\/\/www.galeriebecot.com\/wp-content\/uploads\/2017\/01\/Pallafray2.jpg\" alt=\"\" width=\"740\" height=\"611\" srcset=\"https:\/\/galeriebecot.com\/wp-content\/uploads\/2017\/01\/Pallafray2.jpg 740w, https:\/\/galeriebecot.com\/wp-content\/uploads\/2017\/01\/Pallafray2-300x248.jpg 300w\" sizes=\"auto, (max-width: 740px) 100vw, 740px\" \/><\/a><\/p>\n<p>Vernissage le dimanche 24 f\u00e9vrier 2019, de 13h 30 \u00e0 16 h, en pr\u00e9sence de l&rsquo;artiste.<\/p>\n<p><a href=\"http:\/\/sahb.ca\/calendrier\/le-temps-des-migrations\/\"><img loading=\"lazy\" decoding=\"async\" class=\"alignnone size-full wp-image-6099\" src=\"https:\/\/www.galeriebecot.com\/wp-content\/uploads\/2017\/01\/logoSahb.gif\" alt=\"\" width=\"225\" height=\"90\" \/><\/a><\/p>\n<p><a href=\"http:\/\/www.pallafray.com\/\"><img loading=\"lazy\" decoding=\"async\" class=\"alignnone size-full wp-image-6094\" src=\"https:\/\/www.galeriebecot.com\/wp-content\/uploads\/2017\/01\/Pallafray.jpg\" alt=\"\" width=\"734\" height=\"733\" srcset=\"https:\/\/galeriebecot.com\/wp-content\/uploads\/2017\/01\/Pallafray.jpg 734w, https:\/\/galeriebecot.com\/wp-content\/uploads\/2017\/01\/Pallafray-150x150.jpg 150w, https:\/\/galeriebecot.com\/wp-content\/uploads\/2017\/01\/Pallafray-300x300.jpg 300w, https:\/\/galeriebecot.com\/wp-content\/uploads\/2017\/01\/Pallafray-330x330.jpg 330w\" sizes=\"auto, (max-width: 734px) 100vw, 734px\" \/><\/a><\/p>\n<h2 data-fontsize=\"18\" data-lineheight=\"33\">Exposition multidisciplinaire sur le th\u00e8me des oies blanches<\/h2>\n<p>Les oies, invit\u00e9es par la po\u00e9sie de Pierre Morency, prendront forme sous l\u2019encre de Chine de Pierre-Paul Bertin, se coloreront dans les peintures \u00e9clat\u00e9es de Benoit C\u00f4t\u00e9, dans les gravures de Liliane Bernier, les illustrations de Joanne Ouellet, les techniques mixtes d\u2019H\u00e9l\u00e8ne de Passill\u00e9 et sous l\u2019oeil du photographe du ciel Pierre Lahoud. Nous avons aussi invit\u00e9 des sculpteurs, Violette Goulet, Philippe Pallafray et Paul Duval, \u00e0 pr\u00e9senter leurs oeuvres si diff\u00e9rentes dans le traitement et la mati\u00e8re.<\/p>\n<p>&nbsp;<\/p>\n","protected":false},"excerpt":{"rendered":"<p>Du 4 au 20 mai 2019. Vernissage le dimanche 24 f\u00e9vrier 2019, de 13h 30 \u00e0 16 h, en pr\u00e9sence de l&rsquo;artiste. Exposition multidisciplinaire sur le th\u00e8me des oies blanches&hellip; <\/p>\n","protected":false},"author":1,"featured_media":0,"comment_status":"open","ping_status":"open","sticky":false,"template":"","format":"standard","meta":{"_exactmetrics_skip_tracking":false,"_exactmetrics_sitenote_active":false,"_exactmetrics_sitenote_note":"","_exactmetrics_sitenote_category":0,"footnotes":""},"categories":[27,18,19],"tags":[34,1425,6,1428,1427,1426,58,1431,1421,1429,1423,1424,1422,37,1430,40],"class_list":["post-6093","post","type-post","status-publish","format-standard","hentry","category-artistes","category-evenement","category-vernissage","tag-andre-becot","tag-benoit-cote","tag-club-des-collectionneurs-en-arts-visuels-de-quebec","tag-helene-de-passille","tag-joanne-ouellet","tag-liliane-bernier","tag-marc-bellemare-collectionneur","tag-paul-duval","tag-philippe-pallafray","tag-pierre-lahoud","tag-pierre-morency","tag-pierre-paul-bertin","tag-societe-dart-et-dhistoire-de-beauport","tag-studio-becot","tag-violette-goulet","tag-visuals-arts"],"_links":{"self":[{"href":"https:\/\/galeriebecot.com\/index.php?rest_route=\/wp\/v2\/posts\/6093","targetHints":{"allow":["GET"]}}],"collection":[{"href":"https:\/\/galeriebecot.com\/index.php?rest_route=\/wp\/v2\/posts"}],"about":[{"href":"https:\/\/galeriebecot.com\/index.php?rest_route=\/wp\/v2\/types\/post"}],"author":[{"embeddable":true,"href":"https:\/\/galeriebecot.com\/index.php?rest_route=\/wp\/v2\/users\/1"}],"replies":[{"embeddable":true,"href":"https:\/\/galeriebecot.com\/index.php?rest_route=%2Fwp%2Fv2%2Fcomments&post=6093"}],"version-history":[{"count":15,"href":"https:\/\/galeriebecot.com\/index.php?rest_route=\/wp\/v2\/posts\/6093\/revisions"}],"predecessor-version":[{"id":11293,"href":"https:\/\/galeriebecot.com\/index.php?rest_route=\/wp\/v2\/posts\/6093\/revisions\/11293"}],"wp:attachment":[{"href":"https:\/\/galeriebecot.com\/index.php?rest_route=%2Fwp%2Fv2%2Fmedia&parent=6093"}],"wp:term":[{"taxonomy":"category","embeddable":true,"href":"https:\/\/galeriebecot.com\/index.php?rest_route=%2Fwp%2Fv2%2Fcategories&post=6093"},{"taxonomy":"post_tag","embeddable":true,"href":"https:\/\/galeriebecot.com\/index.php?rest_route=%2Fwp%2Fv2%2Ftags&post=6093"}],"curies":[{"name":"wp","href":"https:\/\/api.w.org\/{rel}","templated":true}]}}