{"id":6072,"date":"2017-01-30T17:14:10","date_gmt":"2017-01-30T22:14:10","guid":{"rendered":"http:\/\/www.clubdescollectionneursenartsvisuelsdequebec.com\/?p=6072"},"modified":"2017-02-09T17:07:54","modified_gmt":"2017-02-09T22:07:54","slug":"evenement-benefice-au-profit-de-manif-dart","status":"publish","type":"post","link":"https:\/\/galeriebecot.com\/?p=6072","title":{"rendered":"\u00c9v\u00e9nement b\u00e9n\u00e9fice au profit de MANIF D&rsquo;ART"},"content":{"rendered":"<p><a href=\"http:\/\/manifdart.org\/evenement-benefice-au-profit-de-manif-dart-et-la-fondation-du-musee-national-des-beaux-arts-du-quebec\/\"><img loading=\"lazy\" decoding=\"async\" class=\"alignnone size-full wp-image-6160\" src=\"https:\/\/www.galeriebecot.com\/wp-content\/uploads\/2017\/01\/evebenefice.jpg\" alt=\"\" width=\"758\" height=\"370\" srcset=\"https:\/\/galeriebecot.com\/wp-content\/uploads\/2017\/01\/evebenefice.jpg 758w, https:\/\/galeriebecot.com\/wp-content\/uploads\/2017\/01\/evebenefice-300x146.jpg 300w\" sizes=\"auto, (max-width: 758px) 100vw, 758px\" \/><\/a><\/p>\n<p><a href=\"http:\/\/manifdart.org\/evenement-benefice-au-profit-de-manif-dart-et-la-fondation-du-musee-national-des-beaux-arts-du-quebec\/\">UNE RENCONTRE ENTRE ARTISTES, AMATEURS ET COLLECTIONNEURS POUR L\u2019ART ACTUEL<\/a><\/p>\n<p>&nbsp;<\/p>\n<p><a href=\"http:\/\/manifdart.org\/evenement-benefice-au-profit-de-manif-dart-et-la-fondation-du-musee-national-des-beaux-arts-du-quebec\/\"><img loading=\"lazy\" decoding=\"async\" class=\"alignnone size-large wp-image-6167\" src=\"https:\/\/www.galeriebecot.com\/wp-content\/uploads\/2017\/01\/Grant-Hamilton-1024x821.jpg\" alt=\"\" width=\"700\" height=\"561\" srcset=\"https:\/\/galeriebecot.com\/wp-content\/uploads\/2017\/01\/Grant-Hamilton-1024x821.jpg 1024w, https:\/\/galeriebecot.com\/wp-content\/uploads\/2017\/01\/Grant-Hamilton-300x241.jpg 300w, https:\/\/galeriebecot.com\/wp-content\/uploads\/2017\/01\/Grant-Hamilton-768x616.jpg 768w, https:\/\/galeriebecot.com\/wp-content\/uploads\/2017\/01\/Grant-Hamilton.jpg 1034w\" sizes=\"auto, (max-width: 700px) 100vw, 700px\" \/><\/a><\/p>\n<p>\u00c9v\u00e9nement b\u00e9n\u00e9fice au profit de Manif d&rsquo;art et la Fondation du Mus\u00e9e.<\/p>\n<p>Sous la pr\u00e9sidence d\u2019honneur de Grant Hamilton, Pr\u00e9sident, Anglocom et du comit\u00e9 compos\u00e9 de ;<br \/>\nLara Emond, Cofondatrice, Groupe Sub Rosa, BHLB et Nota Bene<\/p>\n<p>Norbert Langlois, Codirecteur, Galerie 3<\/p>\n<p>M\u00e9lanie L\u00e9vesque, Directrice d\u00e9veloppement de march\u00e9, Caisse Desjardins du Plateau Montcalm<\/p>\n<p>Annie Talbot, Pr\u00e9sidente et directrice-g\u00e9n\u00e9rale de la Fondation du MNBAQ<\/p>\n<p>Claude B\u00e9langer, Directeur g\u00e9n\u00e9ral et artistique de Manif d\u2019art<\/p>\n","protected":false},"excerpt":{"rendered":"<p>UNE RENCONTRE ENTRE ARTISTES, AMATEURS ET COLLECTIONNEURS POUR L\u2019ART ACTUEL &nbsp; \u00c9v\u00e9nement b\u00e9n\u00e9fice au profit de Manif d&rsquo;art et la Fondation du Mus\u00e9e. Sous la pr\u00e9sidence d\u2019honneur de Grant Hamilton,&hellip; <\/p>\n","protected":false},"author":1,"featured_media":0,"comment_status":"open","ping_status":"open","sticky":false,"template":"","format":"standard","meta":{"_exactmetrics_skip_tracking":false,"_exactmetrics_sitenote_active":false,"_exactmetrics_sitenote_note":"","_exactmetrics_sitenote_category":0,"footnotes":""},"categories":[27,18],"tags":[34,1418,1416,53,43,1413,564,1231,1417,275,1207,232,1410,1412,271,1411,250,58,123,1415,157,482,1414,1421,158,37,40],"class_list":["post-6072","post","type-post","status-publish","format-standard","hentry","category-artistes","category-evenement","tag-andre-becot","tag-anglocom","tag-annie-talbot","tag-aristide-gagnon","tag-arts-visuels","tag-bhlb","tag-carol-poulin","tag-celine-lapointe","tag-claude-belanger","tag-don-darby","tag-galerie3","tag-gerard-belanger","tag-grant-hamilton","tag-groupe-sub-rosa","tag-jacques-sylvain","tag-lara-emond","tag-manif-dart","tag-marc-bellemare-collectionneur","tag-marie-rioux","tag-melanie-levesque","tag-mnbaq","tag-norbert-langlois","tag-nota-bene","tag-philippe-pallafray","tag-renald-brisebois","tag-studio-becot","tag-visuals-arts"],"_links":{"self":[{"href":"https:\/\/galeriebecot.com\/index.php?rest_route=\/wp\/v2\/posts\/6072","targetHints":{"allow":["GET"]}}],"collection":[{"href":"https:\/\/galeriebecot.com\/index.php?rest_route=\/wp\/v2\/posts"}],"about":[{"href":"https:\/\/galeriebecot.com\/index.php?rest_route=\/wp\/v2\/types\/post"}],"author":[{"embeddable":true,"href":"https:\/\/galeriebecot.com\/index.php?rest_route=\/wp\/v2\/users\/1"}],"replies":[{"embeddable":true,"href":"https:\/\/galeriebecot.com\/index.php?rest_route=%2Fwp%2Fv2%2Fcomments&post=6072"}],"version-history":[{"count":21,"href":"https:\/\/galeriebecot.com\/index.php?rest_route=\/wp\/v2\/posts\/6072\/revisions"}],"predecessor-version":[{"id":6175,"href":"https:\/\/galeriebecot.com\/index.php?rest_route=\/wp\/v2\/posts\/6072\/revisions\/6175"}],"wp:attachment":[{"href":"https:\/\/galeriebecot.com\/index.php?rest_route=%2Fwp%2Fv2%2Fmedia&parent=6072"}],"wp:term":[{"taxonomy":"category","embeddable":true,"href":"https:\/\/galeriebecot.com\/index.php?rest_route=%2Fwp%2Fv2%2Fcategories&post=6072"},{"taxonomy":"post_tag","embeddable":true,"href":"https:\/\/galeriebecot.com\/index.php?rest_route=%2Fwp%2Fv2%2Ftags&post=6072"}],"curies":[{"name":"wp","href":"https:\/\/api.w.org\/{rel}","templated":true}]}}