{"id":5968,"date":"2026-05-12T11:16:00","date_gmt":"2026-05-12T15:16:00","guid":{"rendered":"http:\/\/www.clubdescollectionneursenartsvisuelsdequebec.com\/?p=5968"},"modified":"2026-05-13T11:59:46","modified_gmt":"2026-05-13T15:59:46","slug":"klody","status":"publish","type":"post","link":"https:\/\/galeriebecot.com\/?p=5968","title":{"rendered":"Kl\u00f6dy Tremblay : La note di\u00e8se, au centre d&rsquo;art Crit\u00e9rium"},"content":{"rendered":"\n<p class=\"wp-block-paragraph\"><strong>Vernissage Jeudi le 4 juin 2026 d\u00e8s 17 h<\/strong><\/p>\n\n\n\n<p class=\"wp-block-paragraph\">L&rsquo;exposition se poursuivra jusqu&rsquo;au<strong> 15 juin 2026<\/strong><\/p>\n\n\n\n<p class=\"wp-block-paragraph\">Centre d&rsquo;art Crit\u00e9rium, <strong>371 rue Dupont ,Qu\u00e9bec<\/strong>.<\/p>\n\n\n\n<figure class=\"wp-block-image size-large\"><a href=\"https:\/\/galeriebecot.com\/wp-content\/uploads\/2026\/05\/La-Note-Diese.jpg\"><img loading=\"lazy\" decoding=\"async\" width=\"667\" height=\"1024\" src=\"https:\/\/galeriebecot.com\/wp-content\/uploads\/2026\/05\/La-Note-Diese-667x1024.jpg\" alt=\"\" class=\"wp-image-21826\" srcset=\"https:\/\/galeriebecot.com\/wp-content\/uploads\/2026\/05\/La-Note-Diese-667x1024.jpg 667w, https:\/\/galeriebecot.com\/wp-content\/uploads\/2026\/05\/La-Note-Diese-195x300.jpg 195w, https:\/\/galeriebecot.com\/wp-content\/uploads\/2026\/05\/La-Note-Diese-768x1179.jpg 768w, https:\/\/galeriebecot.com\/wp-content\/uploads\/2026\/05\/La-Note-Diese-1001x1536.jpg 1001w, https:\/\/galeriebecot.com\/wp-content\/uploads\/2026\/05\/La-Note-Diese.jpg 1114w\" sizes=\"auto, (max-width: 667px) 100vw, 667px\" \/><\/a><\/figure>\n\n\n\n<figure class=\"wp-block-image size-large is-resized\"><a href=\"https:\/\/galeriebecot.com\/wp-content\/uploads\/2026\/05\/Klody-communiquee-de-presse.jpg\"><img loading=\"lazy\" decoding=\"async\" width=\"791\" height=\"1024\" src=\"https:\/\/galeriebecot.com\/wp-content\/uploads\/2026\/05\/Klody-communiquee-de-presse-791x1024.jpg\" alt=\"\" class=\"wp-image-21828\" style=\"width:669px;height:auto\" srcset=\"https:\/\/galeriebecot.com\/wp-content\/uploads\/2026\/05\/Klody-communiquee-de-presse-791x1024.jpg 791w, https:\/\/galeriebecot.com\/wp-content\/uploads\/2026\/05\/Klody-communiquee-de-presse-232x300.jpg 232w, https:\/\/galeriebecot.com\/wp-content\/uploads\/2026\/05\/Klody-communiquee-de-presse-768x994.jpg 768w, https:\/\/galeriebecot.com\/wp-content\/uploads\/2026\/05\/Klody-communiquee-de-presse-1187x1536.jpg 1187w, https:\/\/galeriebecot.com\/wp-content\/uploads\/2026\/05\/Klody-communiquee-de-presse.jpg 1224w\" sizes=\"auto, (max-width: 791px) 100vw, 791px\" \/><\/a><\/figure>\n\n\n\n<figure class=\"wp-block-image size-large\"><a href=\"https:\/\/www.clubdescollectionneursenartsvisuelsdequebec.com\/klody-tremblay\"><img loading=\"lazy\" decoding=\"async\" width=\"1022\" height=\"1024\" src=\"https:\/\/galeriebecot.com\/wp-content\/uploads\/2026\/05\/Klody-presentation1-1022x1024.jpg\" alt=\"\" class=\"wp-image-21833\" srcset=\"https:\/\/galeriebecot.com\/wp-content\/uploads\/2026\/05\/Klody-presentation1-1022x1024.jpg 1022w, https:\/\/galeriebecot.com\/wp-content\/uploads\/2026\/05\/Klody-presentation1-300x300.jpg 300w, https:\/\/galeriebecot.com\/wp-content\/uploads\/2026\/05\/Klody-presentation1-150x150.jpg 150w, https:\/\/galeriebecot.com\/wp-content\/uploads\/2026\/05\/Klody-presentation1-768x770.jpg 768w, https:\/\/galeriebecot.com\/wp-content\/uploads\/2026\/05\/Klody-presentation1-1533x1536.jpg 1533w, https:\/\/galeriebecot.com\/wp-content\/uploads\/2026\/05\/Klody-presentation1-330x330.jpg 330w, https:\/\/galeriebecot.com\/wp-content\/uploads\/2026\/05\/Klody-presentation1.jpg 1837w\" sizes=\"auto, (max-width: 1022px) 100vw, 1022px\" \/><\/a><\/figure>\n\n\n\n<p class=\"wp-block-paragraph\"><\/p>\n\n\n\n<figure class=\"wp-block-image size-large\"><a href=\"https:\/\/www.galeriebecot.com\/wp-content\/uploads\/2024\/06\/bio-klody-t-ml-2024-002.jpg\"><img loading=\"lazy\" decoding=\"async\" width=\"939\" height=\"1024\" src=\"https:\/\/www.galeriebecot.com\/wp-content\/uploads\/2024\/06\/bio-klody-t-ml-2024-002-939x1024.jpg\" alt=\"\" class=\"wp-image-19497\" srcset=\"https:\/\/galeriebecot.com\/wp-content\/uploads\/2024\/06\/bio-klody-t-ml-2024-002-939x1024.jpg 939w, https:\/\/galeriebecot.com\/wp-content\/uploads\/2024\/06\/bio-klody-t-ml-2024-002-275x300.jpg 275w, https:\/\/galeriebecot.com\/wp-content\/uploads\/2024\/06\/bio-klody-t-ml-2024-002-768x837.jpg 768w, https:\/\/galeriebecot.com\/wp-content\/uploads\/2024\/06\/bio-klody-t-ml-2024-002.jpg 1132w\" sizes=\"auto, (max-width: 939px) 100vw, 939px\" \/><\/a><\/figure>\n\n\n<\/p>\n<p><a href=\"https:\/\/www.facebook.com\/klody.tremblay\/videos\/10154804724567351\/\"><img loading=\"lazy\" decoding=\"async\" class=\"alignnone size-full wp-image-5969\" src=\"https:\/\/www.galeriebecot.com\/wp-content\/uploads\/2016\/12\/Klody.jpg\" alt=\"klody\" width=\"360\" height=\"501\" srcset=\"https:\/\/galeriebecot.com\/wp-content\/uploads\/2016\/12\/Klody.jpg 360w, https:\/\/galeriebecot.com\/wp-content\/uploads\/2016\/12\/Klody-216x300.jpg 216w\" sizes=\"auto, (max-width: 360px) 100vw, 360px\" \/><\/a><\/p>\n<h3><a href=\"https:\/\/www.facebook.com\/klody.tremblay\/videos\/10154804724567351\/\">Interview avec Denis Leli\u00e8vre<\/a><\/h3>\n<p><a href=\"https:\/\/www.galeriebecot.com\/wp-content\/uploads\/2016\/11\/CKRL_Horizontal.jpg\"><img loading=\"lazy\" decoding=\"async\" class=\"alignnone size-full wp-image-5904\" src=\"https:\/\/www.galeriebecot.com\/wp-content\/uploads\/2016\/11\/CKRL_Horizontal.jpg\" alt=\"ckrl_horizontal\" width=\"108\" height=\"49\" \/><\/a><\/p>\n<p>&#8230; l\u2019artiste a cumul\u00e9 une impressionnante s\u00e9rie d\u2019expositions partout au Qu\u00e9bec. On l\u2019a croise du c\u00f4t\u00e9 du jazz, l\u2019artiste se r\u00e9invente constamment. Si on voulait \u00e0 tout prix mettre en mots le parcours artistique de Kl\u00f6dy Tremblay, il faudrait choisir ceux qui symbolisent la vie, le langage po\u00e9tique du corps et l&rsquo;\u00e2me du jazz .<\/p>\n<p><a href=\"https:\/\/www.galeriebecot.com\/wp-content\/uploads\/2016\/12\/Klody-Affiche.jpg\"><img loading=\"lazy\" decoding=\"async\" class=\"alignnone wp-image-5973\" src=\"https:\/\/www.galeriebecot.com\/wp-content\/uploads\/2016\/12\/Klody-Affiche.jpg\" alt=\"klody-affiche\" width=\"639\" height=\"396\" \/><\/a><\/p>\n<h3>Kl\u00f6dy Tremblay<\/h3>\n<h3>Vernissage le 8 d\u00e9cembre 2016 \u00a0avec CBC Trio<\/h3>\n<h3><span style=\"color: #993300;\">Jazz au Jules et Jim<\/span><\/h3>\n<div class=\"mod\" data-md=\"1002\" data-ved=\"0ahUKEwj1sa_6weLQAhWm7IMKHSDSCcUQkCkIeigCMA8\">\n<div class=\"_eFb\">\n<div class=\"_mr kno-fb-ctx\" data-dtype=\"d3adr\" data-ved=\"0ahUKEwj1sa_6weLQAhWm7IMKHSDSCcUQghwIeygAMA8\"><span class=\"_xdb\"><a class=\"fl\" href=\"https:\/\/www.google.ca\/search?biw=2560&amp;bih=1410&amp;q=jules+et+jim+le+adresse&amp;stick=H4sIAAAAAAAAAOPgE-LWT9c3LElJq0wySdGSzU620s_JT04syczPgzOsElNSilKLiwGnnMrlLgAAAA&amp;sa=X&amp;ved=0ahUKEwj1sa_6weLQAhWm7IMKHSDSCcUQ6BMIfDAP\" data-ved=\"0ahUKEwj1sa_6weLQAhWm7IMKHSDSCcUQ6BMIfDAP\">Adresse<\/a>\u00a0: <\/span><span class=\"_Xbe\">1060 Avenue Cartier, Ville de Qu\u00e9bec, QC G1R 2S5<\/span><\/div>\n<\/div>\n<\/div>\n<div class=\"mod\" data-md=\"1006\" data-ved=\"0ahUKEwj1sa_6weLQAhWm7IMKHSDSCcUQkCkIfSgDMBA\">\n<div class=\"_eFb\">\n<div class=\"_mr kno-fb-ctx\" data-dtype=\"d3ph\" data-ved=\"0ahUKEwj1sa_6weLQAhWm7IMKHSDSCcUQ8I0BCH4oADAQ\"><span class=\"_xdb\"><a class=\"fl\" href=\"https:\/\/www.google.ca\/search?biw=2560&amp;bih=1410&amp;q=jules+et+jim+le+t%C3%A9l%C3%A9phone&amp;stick=H4sIAAAAAAAAAOPgE-LWT9c3LElJq0wySdHSz0620k_Oz8lJTS7JzM_Tz87LL89JTUlPjS9IzEvNKdbPSCyOL8jIz0u1ApMAvA-JcEAAAAA&amp;sa=X&amp;ved=0ahUKEwj1sa_6weLQAhWm7IMKHSDSCcUQ6BMIfzAQ\" data-ved=\"0ahUKEwj1sa_6weLQAhWm7IMKHSDSCcUQ6BMIfzAQ\">T\u00e9l\u00e9phone<\/a>\u00a0: <\/span><span class=\"_Xbe _ZWk kno-fv\"><span data-dtype=\"d3ph\">(418) 524-9570<\/span><\/span><\/div>\n<div data-dtype=\"d3ph\" data-ved=\"0ahUKEwj1sa_6weLQAhWm7IMKHSDSCcUQ8I0BCH4oADAQ\">\u00a0<\/div>\n<\/div>\n<div data-dtype=\"d3ph\" data-ved=\"0ahUKEwj1sa_6weLQAhWm7IMKHSDSCcUQ8I0BCH4oADAQ\">\u00a0<\/div>\n<\/div>","protected":false},"excerpt":{"rendered":"<p>Vernissage Jeudi le 4 juin 2026 d\u00e8s 17 h L&rsquo;exposition se poursuivra jusqu&rsquo;au 15 juin 2026 Centre d&rsquo;art Crit\u00e9rium, 371 rue Dupont ,Qu\u00e9bec. Interview avec Denis Leli\u00e8vre &#8230; l\u2019artiste a&hellip; <\/p>\n","protected":false},"author":1,"featured_media":0,"comment_status":"open","ping_status":"open","sticky":false,"template":"","format":"standard","meta":{"_exactmetrics_skip_tracking":false,"_exactmetrics_sitenote_active":false,"_exactmetrics_sitenote_note":"","_exactmetrics_sitenote_category":0,"footnotes":""},"categories":[27,18,19],"tags":[34,1397,2769,1396,1381,6,66,1395,37,40],"class_list":["post-5968","post","type-post","status-publish","format-standard","hentry","category-artistes","category-evenement","category-vernissage","tag-andre-becot","tag-bar-jules-et-jim","tag-carole-turgeon","tag-cbc-trio","tag-ckrl-89-virgule1","tag-club-des-collectionneurs-en-arts-visuels-de-quebec","tag-club-des-collectionneurs-en-arts-visuels-de-quebec-studio-becot","tag-denis-lelievre","tag-studio-becot","tag-visuals-arts"],"_links":{"self":[{"href":"https:\/\/galeriebecot.com\/index.php?rest_route=\/wp\/v2\/posts\/5968","targetHints":{"allow":["GET"]}}],"collection":[{"href":"https:\/\/galeriebecot.com\/index.php?rest_route=\/wp\/v2\/posts"}],"about":[{"href":"https:\/\/galeriebecot.com\/index.php?rest_route=\/wp\/v2\/types\/post"}],"author":[{"embeddable":true,"href":"https:\/\/galeriebecot.com\/index.php?rest_route=\/wp\/v2\/users\/1"}],"replies":[{"embeddable":true,"href":"https:\/\/galeriebecot.com\/index.php?rest_route=%2Fwp%2Fv2%2Fcomments&post=5968"}],"version-history":[{"count":33,"href":"https:\/\/galeriebecot.com\/index.php?rest_route=\/wp\/v2\/posts\/5968\/revisions"}],"predecessor-version":[{"id":21836,"href":"https:\/\/galeriebecot.com\/index.php?rest_route=\/wp\/v2\/posts\/5968\/revisions\/21836"}],"wp:attachment":[{"href":"https:\/\/galeriebecot.com\/index.php?rest_route=%2Fwp%2Fv2%2Fmedia&parent=5968"}],"wp:term":[{"taxonomy":"category","embeddable":true,"href":"https:\/\/galeriebecot.com\/index.php?rest_route=%2Fwp%2Fv2%2Fcategories&post=5968"},{"taxonomy":"post_tag","embeddable":true,"href":"https:\/\/galeriebecot.com\/index.php?rest_route=%2Fwp%2Fv2%2Ftags&post=5968"}],"curies":[{"name":"wp","href":"https:\/\/api.w.org\/{rel}","templated":true}]}}