{"id":5847,"date":"2016-12-01T19:46:04","date_gmt":"2016-12-02T00:46:04","guid":{"rendered":"http:\/\/www.clubdescollectionneursenartsvisuelsdequebec.com\/?p=5847"},"modified":"2017-02-27T14:03:08","modified_gmt":"2017-02-27T19:03:08","slug":"exposition-de-jacques-sylvain-en-sol-chez-becot","status":"publish","type":"post","link":"https:\/\/galeriebecot.com\/?p=5847","title":{"rendered":"Jacques Sylvain expose"},"content":{"rendered":"<p>&nbsp;<\/p>\n<p><a href=\"https:\/\/www.galeriebecot.com\/wp-content\/uploads\/2016\/12\/Vernissage-de-Jacques-Sylvain-.jpg\"><img loading=\"lazy\" decoding=\"async\" class=\"alignnone size-full wp-image-6016\" src=\"https:\/\/www.galeriebecot.com\/wp-content\/uploads\/2016\/12\/Vernissage-de-Jacques-Sylvain-.jpg\" alt=\"vernissage-de-jacques-sylvain\" width=\"871\" height=\"647\" srcset=\"https:\/\/galeriebecot.com\/wp-content\/uploads\/2016\/12\/Vernissage-de-Jacques-Sylvain-.jpg 871w, https:\/\/galeriebecot.com\/wp-content\/uploads\/2016\/12\/Vernissage-de-Jacques-Sylvain--300x223.jpg 300w, https:\/\/galeriebecot.com\/wp-content\/uploads\/2016\/12\/Vernissage-de-Jacques-Sylvain--768x570.jpg 768w\" sizes=\"auto, (max-width: 871px) 100vw, 871px\" \/><\/a><\/p>\n<p><span style=\"color: #993300;\">Cr\u00e9dit photo: Michel Boulianne.<\/span><\/p>\n<p>Ils sont des millions \u00e0 laisser leurs traces et rester inconnus.<\/p>\n<div class=\"titlewrapper\">Exposition des oeuvres de Jacques Sylvain.<\/div>\n<p>Atelier Galerie B\u00e9cot.<\/p>\n<p>344 Sainte-H\u00e9l\u00e8ne, Qu\u00e9bec.<\/p>\n<p>Jeudi le 1 d\u00e9cembre 2016<\/p>\n<p>17 h \u00e0 19 h<\/p>\n<p>Si vous ne pouvez assister au vernissage,il me fera plaisir de vous accueillir,<\/p>\n<p>Samedi et dimanche le 3-4 d\u00e9cembre de 13h \u00e0 16 h.<\/p>\n<p>Samedi et dimanche le 10-11 d\u00e9cembre de 13 h \u00e0 16 h.<\/p>\n<div class=\"titlewrapper\">\n<h1 class=\"title\"><a href=\"https:\/\/giacomosylvano.blogspot.ca\/\">Histoire d&rsquo;\u00e9changer sur l&rsquo;art<\/a><\/h1>\n<\/div>\n<div class=\"descriptionwrapper\">\n<p class=\"description\">Ce blog se veut: Un lieu d&rsquo;\u00e9changes artistiques; Un moyen de briser l&rsquo;isolement des artistes; Un moyen de cr\u00e9er des liens avec d&rsquo;autres artistes; Une Ouverture sur le monde artistique peinture, musique, po\u00e9sie, th\u00e9\u00e2tre&#8230; Un moyen de s&rsquo;\u00e9lever par la lecture de publication et de point de vue.<\/p>\n<\/div>\n<p>&nbsp;<\/p>\n<p>Artiste peintre autodidacte, l\u2019art<strong>,<\/strong>\u00a0sous toutes ses formes<strong>,<\/strong>\u00a0a toujours fait partie du quotidien de Jacques Sylvain. Adolescent, il pr\u00e9f\u00e9rait d\u00e9j\u00e0 gribouiller dans ses cahiers et se perdre dans ses r\u00eaveries plut\u00f4t que d\u2019\u00e9couter le discours rationnel de professeur. Ce caract\u00e8re r\u00eaveur et visionnaire est un des traits pour lequel on appr\u00e9cie ses \u0153uvres.<\/p>\n<p>Plus de trente ans de travail ont fa\u00e7onn\u00e9 ses tableaux. Il a exerc\u00e9 le m\u00e9tier de peintre en parall\u00e8le \u00e0 sa carri\u00e8re, C\u2019est la passion qui lui a permis de trouver cette \u00e9nergie au travers ses obligations professionnelles et familiales. Depuis 2007, il se consacre \u00e0 temps plein \u00e0 la cr\u00e9ation.<\/p>\n<p>Voici ce qu\u2019il r\u00e9pond si on lui pose la question sur ses sujets de pr\u00e9dilection et ses\u00a0 motivations \u00e0 peindre\u00a0:<\/p>\n<p>Je peins la beaut\u00e9 des gens qui croisent mon chemin et mon regard.<\/p>\n<p>Je peins l\u2019expression des musiciens, ces artistes qui nous font danser et chanter. J\u2019aime leur gestuelle et leur sensibilit\u00e9, l\u2019expression de leur corps par lequel passe la musique.<\/p>\n<p>Je peins la danse des champs de bl\u00e9 balay\u00e9s par le vent.<\/p>\n<p>Je peins les couleurs vibrantes des coquelicots qui ont une esp\u00e9rance de vie trop courte.<\/p>\n<p>Je peins la fille qui m\u2019accompagne, pour qu\u2019on s\u2019offre encore son visage quand ni elle, ni moi n\u2019y serons plus.<\/p>\n","protected":false},"excerpt":{"rendered":"<p>&nbsp; Cr\u00e9dit photo: Michel Boulianne. Ils sont des millions \u00e0 laisser leurs traces et rester inconnus. Exposition des oeuvres de Jacques Sylvain. Atelier Galerie B\u00e9cot. 344 Sainte-H\u00e9l\u00e8ne, Qu\u00e9bec. Jeudi le&hellip; <\/p>\n","protected":false},"author":1,"featured_media":0,"comment_status":"open","ping_status":"open","sticky":false,"template":"","format":"standard","meta":{"_exactmetrics_skip_tracking":false,"_exactmetrics_sitenote_active":false,"_exactmetrics_sitenote_note":"","_exactmetrics_sitenote_category":0,"footnotes":""},"categories":[27,19],"tags":[34,43,271,37,40],"class_list":["post-5847","post","type-post","status-publish","format-standard","hentry","category-artistes","category-vernissage","tag-andre-becot","tag-arts-visuels","tag-jacques-sylvain","tag-studio-becot","tag-visuals-arts"],"_links":{"self":[{"href":"https:\/\/galeriebecot.com\/index.php?rest_route=\/wp\/v2\/posts\/5847","targetHints":{"allow":["GET"]}}],"collection":[{"href":"https:\/\/galeriebecot.com\/index.php?rest_route=\/wp\/v2\/posts"}],"about":[{"href":"https:\/\/galeriebecot.com\/index.php?rest_route=\/wp\/v2\/types\/post"}],"author":[{"embeddable":true,"href":"https:\/\/galeriebecot.com\/index.php?rest_route=\/wp\/v2\/users\/1"}],"replies":[{"embeddable":true,"href":"https:\/\/galeriebecot.com\/index.php?rest_route=%2Fwp%2Fv2%2Fcomments&post=5847"}],"version-history":[{"count":29,"href":"https:\/\/galeriebecot.com\/index.php?rest_route=\/wp\/v2\/posts\/5847\/revisions"}],"predecessor-version":[{"id":6463,"href":"https:\/\/galeriebecot.com\/index.php?rest_route=\/wp\/v2\/posts\/5847\/revisions\/6463"}],"wp:attachment":[{"href":"https:\/\/galeriebecot.com\/index.php?rest_route=%2Fwp%2Fv2%2Fmedia&parent=5847"}],"wp:term":[{"taxonomy":"category","embeddable":true,"href":"https:\/\/galeriebecot.com\/index.php?rest_route=%2Fwp%2Fv2%2Fcategories&post=5847"},{"taxonomy":"post_tag","embeddable":true,"href":"https:\/\/galeriebecot.com\/index.php?rest_route=%2Fwp%2Fv2%2Ftags&post=5847"}],"curies":[{"name":"wp","href":"https:\/\/api.w.org\/{rel}","templated":true}]}}