{"id":5814,"date":"2016-12-05T09:03:40","date_gmt":"2016-12-05T14:03:40","guid":{"rendered":"http:\/\/www.clubdescollectionneursenartsvisuelsdequebec.com\/?p=5814"},"modified":"2016-12-07T22:54:40","modified_gmt":"2016-12-08T03:54:40","slug":"conference-hommage-a-rosa-luxembourg-lundi-le-28-novembre-2016","status":"publish","type":"post","link":"https:\/\/galeriebecot.com\/?p=5814","title":{"rendered":"Conf\u00e9rence, Hommage \u00e0 Rosa Luxembourg, lundi le 28 novembre 2016."},"content":{"rendered":"<p><a href=\"https:\/\/www.galeriebecot.com\/wp-content\/uploads\/2016\/11\/Riopelle-retour.jpg\"><img loading=\"lazy\" decoding=\"async\" class=\"alignnone size-full wp-image-5935\" src=\"https:\/\/www.galeriebecot.com\/wp-content\/uploads\/2016\/11\/Riopelle-retour.jpg\" alt=\"riopelle-retour\" width=\"548\" height=\"685\" srcset=\"https:\/\/galeriebecot.com\/wp-content\/uploads\/2016\/11\/Riopelle-retour.jpg 548w, https:\/\/galeriebecot.com\/wp-content\/uploads\/2016\/11\/Riopelle-retour-240x300.jpg 240w\" sizes=\"auto, (max-width: 548px) 100vw, 548px\" \/><\/a><\/p>\n<p><a href=\"https:\/\/www.galeriebecot.com\/wp-content\/uploads\/2016\/11\/riopelle-lesoleil-.jpg\"><img loading=\"lazy\" decoding=\"async\" class=\"alignnone size-full wp-image-5954\" src=\"https:\/\/www.galeriebecot.com\/wp-content\/uploads\/2016\/11\/riopelle-lesoleil-.jpg\" alt=\"riopelle-lesoleil\" width=\"802\" height=\"778\" srcset=\"https:\/\/galeriebecot.com\/wp-content\/uploads\/2016\/11\/riopelle-lesoleil-.jpg 802w, https:\/\/galeriebecot.com\/wp-content\/uploads\/2016\/11\/riopelle-lesoleil--300x291.jpg 300w, https:\/\/galeriebecot.com\/wp-content\/uploads\/2016\/11\/riopelle-lesoleil--768x745.jpg 768w\" sizes=\"auto, (max-width: 802px) 100vw, 802px\" \/><\/a><\/p>\n<p>&nbsp;<\/p>\n<p><a href=\"https:\/\/www.galeriebecot.com\/wp-content\/uploads\/2016\/11\/Club-Riopelle-1.jpg\"><img loading=\"lazy\" decoding=\"async\" class=\"alignnone size-large wp-image-5820\" src=\"https:\/\/www.galeriebecot.com\/wp-content\/uploads\/2016\/11\/Club-Riopelle-1-711x1024.jpg\" alt=\"club-riopelle-1\" width=\"700\" height=\"1008\" srcset=\"https:\/\/galeriebecot.com\/wp-content\/uploads\/2016\/11\/Club-Riopelle-1-711x1024.jpg 711w, https:\/\/galeriebecot.com\/wp-content\/uploads\/2016\/11\/Club-Riopelle-1-208x300.jpg 208w, https:\/\/galeriebecot.com\/wp-content\/uploads\/2016\/11\/Club-Riopelle-1-768x1106.jpg 768w, https:\/\/galeriebecot.com\/wp-content\/uploads\/2016\/11\/Club-Riopelle-1.jpg 1276w\" sizes=\"auto, (max-width: 700px) 100vw, 700px\" \/><\/a><\/p>\n<p><a href=\"https:\/\/www.galeriebecot.com\/wp-content\/uploads\/2016\/11\/Club-Riopelle2.jpg\"><img loading=\"lazy\" decoding=\"async\" class=\"alignnone size-large wp-image-5816\" src=\"https:\/\/www.galeriebecot.com\/wp-content\/uploads\/2016\/11\/Club-Riopelle2-1024x255.jpg\" alt=\"club-riopelle2\" width=\"700\" height=\"174\" srcset=\"https:\/\/galeriebecot.com\/wp-content\/uploads\/2016\/11\/Club-Riopelle2-1024x255.jpg 1024w, https:\/\/galeriebecot.com\/wp-content\/uploads\/2016\/11\/Club-Riopelle2-300x75.jpg 300w, https:\/\/galeriebecot.com\/wp-content\/uploads\/2016\/11\/Club-Riopelle2-768x191.jpg 768w, https:\/\/galeriebecot.com\/wp-content\/uploads\/2016\/11\/Club-Riopelle2.jpg 1204w\" sizes=\"auto, (max-width: 700px) 100vw, 700px\" \/><\/a><\/p>\n<p><a href=\"http:\/\/c1f1.podcast.ustream.ca\/a\/132490.mp3\"><img loading=\"lazy\" decoding=\"async\" class=\"alignnone size-full wp-image-5884\" src=\"https:\/\/www.galeriebecot.com\/wp-content\/uploads\/2016\/11\/Ni-Vu-Ni-Cornucurseur.jpg\" alt=\"ni-vu-ni-cornucurseur\" width=\"612\" height=\"355\" srcset=\"https:\/\/galeriebecot.com\/wp-content\/uploads\/2016\/11\/Ni-Vu-Ni-Cornucurseur.jpg 612w, https:\/\/galeriebecot.com\/wp-content\/uploads\/2016\/11\/Ni-Vu-Ni-Cornucurseur-300x174.jpg 300w\" sizes=\"auto, (max-width: 612px) 100vw, 612px\" \/><\/a><\/p>\n<p><strong>Le Club des collectionneurs en arts visuels de Qu\u00e9bec convie le vaste public \u00e0 l&rsquo;\u00e9v\u00e9nement <span style=\"text-decoration: underline;\"><span style=\"color: #993300; text-decoration: underline;\"><em>Hommage \u00e0 Rosa Luxembourg<\/em><\/span><\/span>,<em><span style=\"text-decoration: underline;\"><span style=\"color: #993300; text-decoration: underline;\">t\u00e9moignages<\/span><\/span><\/em>,une soir\u00e9e consacr\u00e9e \u00e0 l&rsquo;artiste Jean-Paul Riopelle,d\u00e9c\u00e9d\u00e9 en 2002.<\/strong><\/p>\n<p><a href=\"https:\/\/www.galeriebecot.com\/wp-content\/uploads\/2016\/11\/Club-Riopelle-3.jpg\"><img loading=\"lazy\" decoding=\"async\" class=\"alignnone size-large wp-image-5817\" src=\"https:\/\/www.galeriebecot.com\/wp-content\/uploads\/2016\/11\/Club-Riopelle-3-731x1024.jpg\" alt=\"club-riopelle-3\" width=\"700\" height=\"981\" srcset=\"https:\/\/galeriebecot.com\/wp-content\/uploads\/2016\/11\/Club-Riopelle-3-731x1024.jpg 731w, https:\/\/galeriebecot.com\/wp-content\/uploads\/2016\/11\/Club-Riopelle-3-214x300.jpg 214w, https:\/\/galeriebecot.com\/wp-content\/uploads\/2016\/11\/Club-Riopelle-3-768x1076.jpg 768w, https:\/\/galeriebecot.com\/wp-content\/uploads\/2016\/11\/Club-Riopelle-3.jpg 1183w\" sizes=\"auto, (max-width: 700px) 100vw, 700px\" \/><\/a><\/p>\n<p><a href=\"https:\/\/www.facebook.com\/NiVuNiCornu\/posts\/1194496173931631\"><img loading=\"lazy\" decoding=\"async\" class=\"alignnone size-full wp-image-5887\" src=\"https:\/\/www.galeriebecot.com\/wp-content\/uploads\/2016\/11\/Logo.jpg\" alt=\"logo\" width=\"54\" height=\"54\" \/><\/a>\u00a0 \u00a0<a href=\"https:\/\/www.facebook.com\/NiVuNiCornu\/posts\/1194496173931631\">Annie L\u00e9vesque artiste et animatrice .<\/a><\/p>\n<p><a href=\"http:\/\/www.ckrl.qc.ca\/\"><img loading=\"lazy\" decoding=\"async\" class=\"alignnone size-full wp-image-5904\" src=\"https:\/\/www.galeriebecot.com\/wp-content\/uploads\/2016\/11\/CKRL_Horizontal.jpg\" alt=\"ckrl_horizontal\" width=\"108\" height=\"49\" \/><\/a><a href=\"http:\/\/www.ckrl.qc.ca\/\"><span style=\"text-decoration: underline;\"><span style=\"color: #ff00ff;\"><strong>89,1<\/strong><\/span><\/span><\/a><\/p>\n<p><strong>Publi\u00e9 le 02 novembre 2016 \u00e0 16h41<\/strong><\/p>\n<p><a href=\"http:\/\/www.lapresse.ca\/le-soleil\/actualites\/chroniques\/nous-les-humains\/201611\/02\/01-5037021-la-routine-creatrice.php\"><img loading=\"lazy\" decoding=\"async\" class=\"alignnone size-full wp-image-5892\" src=\"https:\/\/www.galeriebecot.com\/wp-content\/uploads\/2016\/11\/1292410-illustre-peintre-quebecois-jean-paul.jpg\" alt=\"1292410-illustre-peintre-quebecois-jean-paul\" width=\"641\" height=\"427\" srcset=\"https:\/\/galeriebecot.com\/wp-content\/uploads\/2016\/11\/1292410-illustre-peintre-quebecois-jean-paul.jpg 641w, https:\/\/galeriebecot.com\/wp-content\/uploads\/2016\/11\/1292410-illustre-peintre-quebecois-jean-paul-300x200.jpg 300w\" sizes=\"auto, (max-width: 641px) 100vw, 641px\" \/><\/a><\/p>\n<p id=\"articleMainImageDesc\" class=\"desc\">L&rsquo;illustre peintre qu\u00e9b\u00e9cois Jean-Paul Riopelle \u00e9tait un homme d&rsquo;habitude. \u00abSa routine de vie devenait sa routine de travail\u00bb, raconte Huguette Vachon, sa compagne des 16 derni\u00e8res ann\u00e9es avant sa mort.<\/p>\n<p id=\"articleMainImageAuteur\" class=\"auteur\">ARCHIVES LA PRESSE<\/p>\n<p class=\"auteur\"><a href=\"http:\/\/www.lapresse.ca\/le-soleil\/actualites\/chroniques\/nous-les-humains\/201611\/02\/01-5037021-la-routine-creatrice.php\"><img loading=\"lazy\" decoding=\"async\" class=\"alignnone size-full wp-image-5894\" src=\"https:\/\/www.galeriebecot.com\/wp-content\/uploads\/2016\/11\/Riopelle-Le-Soleil.jpg\" alt=\"riopelle-le-soleil\" width=\"599\" height=\"967\" srcset=\"https:\/\/galeriebecot.com\/wp-content\/uploads\/2016\/11\/Riopelle-Le-Soleil.jpg 599w, https:\/\/galeriebecot.com\/wp-content\/uploads\/2016\/11\/Riopelle-Le-Soleil-186x300.jpg 186w\" sizes=\"auto, (max-width: 599px) 100vw, 599px\" \/><\/a><\/p>\n<p class=\"auteur\"><span style=\"color: #993300;\">Article complet: faire un clic dans le texte ci-haut.<\/span><\/p>\n<p class=\"auteur\">\n","protected":false},"excerpt":{"rendered":"<p>&nbsp; Le Club des collectionneurs en arts visuels de Qu\u00e9bec convie le vaste public \u00e0 l&rsquo;\u00e9v\u00e9nement Hommage \u00e0 Rosa Luxembourg,t\u00e9moignages,une soir\u00e9e consacr\u00e9e \u00e0 l&rsquo;artiste Jean-Paul Riopelle,d\u00e9c\u00e9d\u00e9 en 2002. \u00a0 \u00a0Annie&hellip; <\/p>\n","protected":false},"author":1,"featured_media":0,"comment_status":"open","ping_status":"open","sticky":false,"template":"","format":"standard","meta":{"_exactmetrics_skip_tracking":false,"_exactmetrics_sitenote_active":false,"_exactmetrics_sitenote_note":"","_exactmetrics_sitenote_category":0,"footnotes":""},"categories":[27,17,18],"tags":[34,523,1381,1380,66,1372,687,1379,1377,1378,58,1375,1373,1374,1371,40],"class_list":["post-5814","post","type-post","status-publish","format-standard","hentry","category-artistes","category-conference","category-evenement","tag-andre-becot","tag-annie-levesque","tag-ckrl-89-virgule1","tag-ckrl-89_1","tag-club-des-collectionneurs-en-arts-visuels-de-quebec-studio-becot","tag-huguette-vachon","tag-jean-paul-riopelle","tag-le-soleil","tag-les-matins-ephemeres","tag-marc-allard","tag-marc-bellemare-collectionneur","tag-musee-national-des-beaux-arts","tag-paquerette-villeneuve","tag-pavillon-pierre-lasonde","tag-rosa-luxembourg","tag-visuals-arts"],"_links":{"self":[{"href":"https:\/\/galeriebecot.com\/index.php?rest_route=\/wp\/v2\/posts\/5814","targetHints":{"allow":["GET"]}}],"collection":[{"href":"https:\/\/galeriebecot.com\/index.php?rest_route=\/wp\/v2\/posts"}],"about":[{"href":"https:\/\/galeriebecot.com\/index.php?rest_route=\/wp\/v2\/types\/post"}],"author":[{"embeddable":true,"href":"https:\/\/galeriebecot.com\/index.php?rest_route=\/wp\/v2\/users\/1"}],"replies":[{"embeddable":true,"href":"https:\/\/galeriebecot.com\/index.php?rest_route=%2Fwp%2Fv2%2Fcomments&post=5814"}],"version-history":[{"count":40,"href":"https:\/\/galeriebecot.com\/index.php?rest_route=\/wp\/v2\/posts\/5814\/revisions"}],"predecessor-version":[{"id":5955,"href":"https:\/\/galeriebecot.com\/index.php?rest_route=\/wp\/v2\/posts\/5814\/revisions\/5955"}],"wp:attachment":[{"href":"https:\/\/galeriebecot.com\/index.php?rest_route=%2Fwp%2Fv2%2Fmedia&parent=5814"}],"wp:term":[{"taxonomy":"category","embeddable":true,"href":"https:\/\/galeriebecot.com\/index.php?rest_route=%2Fwp%2Fv2%2Fcategories&post=5814"},{"taxonomy":"post_tag","embeddable":true,"href":"https:\/\/galeriebecot.com\/index.php?rest_route=%2Fwp%2Fv2%2Ftags&post=5814"}],"curies":[{"name":"wp","href":"https:\/\/api.w.org\/{rel}","templated":true}]}}