{"id":5787,"date":"2019-09-10T09:33:40","date_gmt":"2019-09-10T13:33:40","guid":{"rendered":"http:\/\/www.clubdescollectionneursenartsvisuelsdequebec.com\/?p=5787"},"modified":"2019-09-17T16:12:28","modified_gmt":"2019-09-17T20:12:28","slug":"exposition-ensemble-cest-tout","status":"publish","type":"post","link":"https:\/\/galeriebecot.com\/?p=5787","title":{"rendered":"H\u00e9l\u00e8ne Larouche expose \u00e0 la Galerie d&rsquo;art Trait-Carr\u00e9"},"content":{"rendered":"<p><a href=\"https:\/\/www.galeriebecot.com\/wp-content\/uploads\/2017\/09\/Larouche.jpg\"><img loading=\"lazy\" decoding=\"async\" class=\"alignnone wp-image-11707\" src=\"https:\/\/www.galeriebecot.com\/wp-content\/uploads\/2017\/09\/Larouche.jpg\" alt=\"\" width=\"616\" height=\"277\" srcset=\"https:\/\/galeriebecot.com\/wp-content\/uploads\/2017\/09\/Larouche.jpg 750w, https:\/\/galeriebecot.com\/wp-content\/uploads\/2017\/09\/Larouche-300x136.jpg 300w\" sizes=\"auto, (max-width: 616px) 100vw, 616px\" \/><\/a><\/p>\n<p>Vous \u00eates cordialement invit\u00e9 au vernissage de l\u2019exposition de l\u2019artiste H\u00e9l\u00e8ne Larouche, pr\u00e9sent\u00e9e \u00e0 la Galerie d\u2019Art Trait-Carr\u00e9, du 7985, rue Trait-Carr\u00e9 Est, Qu\u00e9bec, le 21 septembre \u00e0 19h sous le th\u00e8me de \u00abParlez-moi de vous\u00bb,<\/p>\n<p><a href=\"https:\/\/www.galeriebecot.com\/wp-content\/uploads\/2017\/09\/Truong.jpg\"><img loading=\"lazy\" decoding=\"async\" class=\"alignnone size-full wp-image-7446\" src=\"https:\/\/www.galeriebecot.com\/wp-content\/uploads\/2017\/09\/Truong.jpg\" alt=\"\" width=\"619\" height=\"792\" srcset=\"https:\/\/galeriebecot.com\/wp-content\/uploads\/2017\/09\/Truong.jpg 619w, https:\/\/galeriebecot.com\/wp-content\/uploads\/2017\/09\/Truong-234x300.jpg 234w\" sizes=\"auto, (max-width: 619px) 100vw, 619px\" \/><\/a><\/p>\n<p>A la Galerie d&rsquo;Art du Trait-Carr\u00e9, 7985, rue du Trait-Carr\u00e9 Est, Qu\u00e9bec, nous recevons l&rsquo;artiste maintes fois prim\u00e9 Truong Chanh Trung qui nous pr\u00e9sente une exposition remarquable de sculptures de papier et d&rsquo;encre sur acrylique sous le th\u00e8me \u00abLes musiciennes de Chanh\u00bb. Un vernissage aura lieu exceptionnellement le 29 septembre \u00e0 19:30 h. Prenez note que la galerie ouvrira ses portes \u00e0 19h.<\/p>\n<p>Bienvenue \u00e0 tous!<\/p>\n<p><a href=\"https:\/\/www.galeriebecot.com\/wp-content\/uploads\/2016\/11\/Carton-promotionnel-Exposition-Atelier-18.jpg\"><img loading=\"lazy\" decoding=\"async\" class=\"alignnone size-large wp-image-5788\" src=\"https:\/\/www.galeriebecot.com\/wp-content\/uploads\/2016\/11\/Carton-promotionnel-Exposition-Atelier-18-1024x433.jpg\" alt=\"carton-promotionnel-exposition-atelier-18\" width=\"700\" height=\"296\" srcset=\"https:\/\/galeriebecot.com\/wp-content\/uploads\/2016\/11\/Carton-promotionnel-Exposition-Atelier-18-1024x433.jpg 1024w, https:\/\/galeriebecot.com\/wp-content\/uploads\/2016\/11\/Carton-promotionnel-Exposition-Atelier-18-300x127.jpg 300w, https:\/\/galeriebecot.com\/wp-content\/uploads\/2016\/11\/Carton-promotionnel-Exposition-Atelier-18-768x325.jpg 768w\" sizes=\"auto, (max-width: 700px) 100vw, 700px\" \/><\/a><\/p>\n<p><span style=\"color: #993300;\">Exposition: Ensemble&#8230;c&rsquo;est tout.<\/span><\/p>\n<p><a href=\"http:\/\/www.trait-carre.org\/fr\/galerie-dart-du-trait-carre.aspx\"><img loading=\"lazy\" decoding=\"async\" class=\"alignnone size-full wp-image-5799\" src=\"https:\/\/www.galeriebecot.com\/wp-content\/uploads\/2016\/11\/Logo-Trait.jpg\" alt=\"logo-trait\" width=\"94\" height=\"123\" \/><\/a><\/p>\n<p><a href=\"http:\/\/www.trait-carre.org\/fr\/galerie-dart-du-trait-carre.aspx\">Oeuvres des membres de l&rsquo;atelier 18 (groupe 2).<\/a><\/p>\n<p>Linda Bernier, Martin Bouchard, H\u00e9l\u00e8ne Breton, Denis Couture, Marie-Claude Ferland, Guy Filion, Micheline Fournier, Christianne Gagnon, Pierre Lanoie, H\u00e9l\u00e8ne Larouche, Albini Leblanc, Michel Ngen, Fleurette Sauvageau, Lise V\u00e9zina.<\/p>\n<p>Du 2 d\u00e9cembre 2016 au 8 janvier 2017.<\/p>\n<p>\u00e0 la Galerie du Trait-Carr\u00e9,<\/p>\n<p>7985, trait-Carr\u00e9 est Qu\u00e9bec,Qc.<\/p>\n<p>Vernissage, le vendredi 2 d\u00e9cembre, 19h30.<\/p>\n<p>Information au 418 524-5175.<\/p>\n","protected":false},"excerpt":{"rendered":"<p>Vous \u00eates cordialement invit\u00e9 au vernissage de l\u2019exposition de l\u2019artiste H\u00e9l\u00e8ne Larouche, pr\u00e9sent\u00e9e \u00e0 la Galerie d\u2019Art Trait-Carr\u00e9, du 7985, rue Trait-Carr\u00e9 Est, Qu\u00e9bec, le 21 septembre \u00e0 19h sous&hellip; <\/p>\n","protected":false},"author":1,"featured_media":0,"comment_status":"open","ping_status":"open","sticky":false,"template":"","format":"standard","meta":{"_exactmetrics_skip_tracking":false,"_exactmetrics_sitenote_active":false,"_exactmetrics_sitenote_note":"","_exactmetrics_sitenote_category":0,"footnotes":""},"categories":[27,19],"tags":[456,34,43,1341,1339,460,35,1343,1340,448,457,446,461,58,451,447,1342,1037,458,1344,40],"class_list":["post-5787","post","type-post","status-publish","format-standard","hentry","category-artistes","category-vernissage","tag-albini-leblanc","tag-andre-becot","tag-arts-visuels","tag-christianne-gagnon","tag-denis-couture","tag-fleurette-sauvageau","tag-foire-en-arts-actuel","tag-galerie-du-trait-carre","tag-guy-filion","tag-helene-breton","tag-helene-larouche","tag-linda-bernier","tag-lise-vezina","tag-marc-bellemare-collectionneur","tag-marie-claude-ferland","tag-martin-bouchard","tag-michel-ngen","tag-micheline-fournier","tag-pierre-lanoie","tag-societe-artistique-de-charlesbourg","tag-visuals-arts"],"_links":{"self":[{"href":"https:\/\/galeriebecot.com\/index.php?rest_route=\/wp\/v2\/posts\/5787","targetHints":{"allow":["GET"]}}],"collection":[{"href":"https:\/\/galeriebecot.com\/index.php?rest_route=\/wp\/v2\/posts"}],"about":[{"href":"https:\/\/galeriebecot.com\/index.php?rest_route=\/wp\/v2\/types\/post"}],"author":[{"embeddable":true,"href":"https:\/\/galeriebecot.com\/index.php?rest_route=\/wp\/v2\/users\/1"}],"replies":[{"embeddable":true,"href":"https:\/\/galeriebecot.com\/index.php?rest_route=%2Fwp%2Fv2%2Fcomments&post=5787"}],"version-history":[{"count":14,"href":"https:\/\/galeriebecot.com\/index.php?rest_route=\/wp\/v2\/posts\/5787\/revisions"}],"predecessor-version":[{"id":11708,"href":"https:\/\/galeriebecot.com\/index.php?rest_route=\/wp\/v2\/posts\/5787\/revisions\/11708"}],"wp:attachment":[{"href":"https:\/\/galeriebecot.com\/index.php?rest_route=%2Fwp%2Fv2%2Fmedia&parent=5787"}],"wp:term":[{"taxonomy":"category","embeddable":true,"href":"https:\/\/galeriebecot.com\/index.php?rest_route=%2Fwp%2Fv2%2Fcategories&post=5787"},{"taxonomy":"post_tag","embeddable":true,"href":"https:\/\/galeriebecot.com\/index.php?rest_route=%2Fwp%2Fv2%2Ftags&post=5787"}],"curies":[{"name":"wp","href":"https:\/\/api.w.org\/{rel}","templated":true}]}}