{"id":5731,"date":"2016-11-01T15:38:18","date_gmt":"2016-11-01T19:38:18","guid":{"rendered":"http:\/\/www.clubdescollectionneursenartsvisuelsdequebec.com\/?p=5731"},"modified":"2016-11-05T15:40:17","modified_gmt":"2016-11-05T19:40:17","slug":"bob-dylan-expose-a-londres","status":"publish","type":"post","link":"https:\/\/galeriebecot.com\/?p=5731","title":{"rendered":"Bob Dylan expose \u00e0 Londres"},"content":{"rendered":"<p><a href=\"http:\/\/www.halcyongallery.com\/\"><img loading=\"lazy\" decoding=\"async\" class=\"alignnone size-full wp-image-5732\" src=\"https:\/\/www.galeriebecot.com\/wp-content\/uploads\/2016\/11\/Bob-Dylan.jpg\" alt=\"bob-dylan\" width=\"814\" height=\"688\" srcset=\"https:\/\/galeriebecot.com\/wp-content\/uploads\/2016\/11\/Bob-Dylan.jpg 814w, https:\/\/galeriebecot.com\/wp-content\/uploads\/2016\/11\/Bob-Dylan-300x254.jpg 300w, https:\/\/galeriebecot.com\/wp-content\/uploads\/2016\/11\/Bob-Dylan-768x649.jpg 768w\" sizes=\"auto, (max-width: 814px) 100vw, 814px\" \/><\/a><\/p>\n<p><a href=\"http:\/\/www.halcyongallery.com\/\"><span style=\"color: #993300;\">Quelque 200 toiles de Bob Dylan,r\u00e9alis\u00e9es ces deux derni\u00e8res ann\u00e9es,sont pr\u00e9sent\u00e9es jusqu&rsquo;au 11 d\u00e9cembre \u00e0 la galerie Halcyon, \u00e0 Londres.<\/span><\/a><\/p>\n","protected":false},"excerpt":{"rendered":"<p>Quelque 200 toiles de Bob Dylan,r\u00e9alis\u00e9es ces deux derni\u00e8res ann\u00e9es,sont pr\u00e9sent\u00e9es jusqu&rsquo;au 11 d\u00e9cembre \u00e0 la galerie Halcyon, \u00e0 Londres.<\/p>\n","protected":false},"author":1,"featured_media":0,"comment_status":"open","ping_status":"open","sticky":false,"template":"","format":"standard","meta":{"_exactmetrics_skip_tracking":false,"_exactmetrics_sitenote_active":false,"_exactmetrics_sitenote_note":"","_exactmetrics_sitenote_category":0,"footnotes":""},"categories":[27,30,19],"tags":[34,1317,1318,58,37,40],"class_list":["post-5731","post","type-post","status-publish","format-standard","hentry","category-artistes","category-le-soleil","category-vernissage","tag-andre-becot","tag-bob-dylan","tag-galerie-halcyon","tag-marc-bellemare-collectionneur","tag-studio-becot","tag-visuals-arts"],"_links":{"self":[{"href":"https:\/\/galeriebecot.com\/index.php?rest_route=\/wp\/v2\/posts\/5731","targetHints":{"allow":["GET"]}}],"collection":[{"href":"https:\/\/galeriebecot.com\/index.php?rest_route=\/wp\/v2\/posts"}],"about":[{"href":"https:\/\/galeriebecot.com\/index.php?rest_route=\/wp\/v2\/types\/post"}],"author":[{"embeddable":true,"href":"https:\/\/galeriebecot.com\/index.php?rest_route=\/wp\/v2\/users\/1"}],"replies":[{"embeddable":true,"href":"https:\/\/galeriebecot.com\/index.php?rest_route=%2Fwp%2Fv2%2Fcomments&post=5731"}],"version-history":[{"count":3,"href":"https:\/\/galeriebecot.com\/index.php?rest_route=\/wp\/v2\/posts\/5731\/revisions"}],"predecessor-version":[{"id":5735,"href":"https:\/\/galeriebecot.com\/index.php?rest_route=\/wp\/v2\/posts\/5731\/revisions\/5735"}],"wp:attachment":[{"href":"https:\/\/galeriebecot.com\/index.php?rest_route=%2Fwp%2Fv2%2Fmedia&parent=5731"}],"wp:term":[{"taxonomy":"category","embeddable":true,"href":"https:\/\/galeriebecot.com\/index.php?rest_route=%2Fwp%2Fv2%2Fcategories&post=5731"},{"taxonomy":"post_tag","embeddable":true,"href":"https:\/\/galeriebecot.com\/index.php?rest_route=%2Fwp%2Fv2%2Ftags&post=5731"}],"curies":[{"name":"wp","href":"https:\/\/api.w.org\/{rel}","templated":true}]}}