{"id":5708,"date":"2016-10-31T10:28:22","date_gmt":"2016-10-31T14:28:22","guid":{"rendered":"http:\/\/www.clubdescollectionneursenartsvisuelsdequebec.com\/?p=5708"},"modified":"2016-11-04T14:43:54","modified_gmt":"2016-11-04T18:43:54","slug":"phelipe-soldevila-et-olivier-deserres-avec-commentaires-de-jacques-sylvain","status":"publish","type":"post","link":"https:\/\/galeriebecot.com\/?p=5708","title":{"rendered":"Nouvelle murale pour Phelipe Soldevila et Olivier Deserres."},"content":{"rendered":"<p><a href=\"https:\/\/www.galeriebecot.com\/wp-content\/uploads\/2016\/10\/Phelipe.jpg\"><img loading=\"lazy\" decoding=\"async\" class=\"alignnone size-full wp-image-5725\" src=\"https:\/\/www.galeriebecot.com\/wp-content\/uploads\/2016\/10\/Phelipe.jpg\" alt=\"phelipe\" width=\"720\" height=\"411\" srcset=\"https:\/\/galeriebecot.com\/wp-content\/uploads\/2016\/10\/Phelipe.jpg 720w, https:\/\/galeriebecot.com\/wp-content\/uploads\/2016\/10\/Phelipe-300x171.jpg 300w\" sizes=\"auto, (max-width: 720px) 100vw, 720px\" \/><\/a><\/p>\n<p>Catherine Laberge: directrice de la SDC Faubourg St-Jean.<\/p>\n<p>Phelipe Soldevila: artiste.<\/p>\n<p>Olivier De Serres: artiste.<\/p>\n<p><img loading=\"lazy\" decoding=\"async\" class=\"alignnone size-full wp-image-5710\" src=\"https:\/\/www.galeriebecot.com\/wp-content\/uploads\/2016\/11\/Phelipe1.jpg\" alt=\"phelipe1\" width=\"561\" height=\"331\" srcset=\"https:\/\/galeriebecot.com\/wp-content\/uploads\/2016\/11\/Phelipe1.jpg 561w, https:\/\/galeriebecot.com\/wp-content\/uploads\/2016\/11\/Phelipe1-300x177.jpg 300w\" sizes=\"auto, (max-width: 561px) 100vw, 561px\" \/><\/p>\n<p><a href=\"http:\/\/ici.radio-canada.ca\/regions\/quebec\/2016\/11\/01\/005-boucherie-we-begin-phelipe-soldevila-olivier-de-serres-art-public.shtml?isAutoPlay=1\"><img loading=\"lazy\" decoding=\"async\" class=\"alignnone size-full wp-image-5711\" src=\"https:\/\/www.galeriebecot.com\/wp-content\/uploads\/2016\/11\/Phelipe-2.jpg\" alt=\"phelipe-2\" width=\"525\" height=\"329\" srcset=\"https:\/\/galeriebecot.com\/wp-content\/uploads\/2016\/11\/Phelipe-2.jpg 525w, https:\/\/galeriebecot.com\/wp-content\/uploads\/2016\/11\/Phelipe-2-300x188.jpg 300w\" sizes=\"auto, (max-width: 525px) 100vw, 525px\" \/><\/a><\/p>\n<div class=\"bunker-component lead\" data-component-name=\"DocumentSummary\">\n<p>La fa\u00e7ade de l&rsquo;ancienne boucherie W.E. B\u00e9gin a une nouvelle allure. Les artistes Phelipe Soldevila et Olivier De Serres ont mis de la couleur \u00e0 l&rsquo;\u00e9difice du quartier Saint-Jean-Baptiste laiss\u00e9 \u00e0 l&rsquo;abandon.<\/p>\n<\/div>\n<div class=\"document-body bunker-component news-story-content\">\n<div class=\"bunker-component\" data-component-name=\"DocumentNewsStoryBody\">\n<p>La r\u00e9alisation \u00a0de cette fresque urbaine est une initiative de la Soci\u00e9t\u00e9 de d\u00e9veloppement commercial (SDC) Faubourg Saint-Jean afin de camoufler le local de l&rsquo;ancien commerce, inoccup\u00e9 depuis 2012.<\/p>\n<p>Les r\u00e9sidents et les commer\u00e7ants du quartier se plaignaient depuis plusieurs ann\u00e9es de l&rsquo;\u00e9tat de d\u00e9labrement de l&rsquo;\u00e9difice situ\u00e9 au coin des rues Saint-Jean et Sainte-Claire.<\/p>\n<p>Une large toile a \u00e9t\u00e9 install\u00e9e sur toute la longueur de la fa\u00e7ade pour que les artistes puissent r\u00e9aliser la fresque. La m\u00e9t\u00e9o automnale a toutefois ralenti la confection de la murale amorc\u00e9e il y a une semaine.<\/p>\n<p>\u00ab\u00a0On a fait un concept qui va rejoindre la peinture du c\u00f4t\u00e9 beaux-arts et graffitis\u00a0\u00bb, explique Phelipe Soldevila. L&rsquo;artiste se r\u00e9jouit des commentaires positifs des passants.<\/p>\n<p>Phelipe Soldevila a \u00e9galement r\u00e9alis\u00e9 la fresque sur le mur de l&rsquo;ancien cin\u00e9ma Place Charest et la place \u00e9ph\u00e9m\u00e8re \u00e0 l&rsquo;intersection de l&rsquo;avenue Cartier et de Ren\u00e9-L\u00e9vesque.<\/p>\n<\/div>\n<\/div>\n","protected":false},"excerpt":{"rendered":"<p>Catherine Laberge: directrice de la SDC Faubourg St-Jean. Phelipe Soldevila: artiste. Olivier De Serres: artiste. La fa\u00e7ade de l&rsquo;ancienne boucherie W.E. B\u00e9gin a une nouvelle allure. Les artistes Phelipe Soldevila&hellip; <\/p>\n","protected":false},"author":1,"featured_media":0,"comment_status":"open","ping_status":"open","sticky":false,"template":"","format":"standard","meta":{"_exactmetrics_skip_tracking":false,"_exactmetrics_sitenote_active":false,"_exactmetrics_sitenote_note":"","_exactmetrics_sitenote_category":0,"footnotes":""},"categories":[27,218],"tags":[34,1316,6,58,658,87,37,40],"class_list":["post-5708","post","type-post","status-publish","format-standard","hentry","category-artistes","category-galerie-becot-2","tag-andre-becot","tag-catherine-laberge-directrice-de-sdc-faubourg-st-jean","tag-club-des-collectionneurs-en-arts-visuels-de-quebec","tag-marc-bellemare-collectionneur","tag-olivier-de-serres","tag-phelipe-soldevila","tag-studio-becot","tag-visuals-arts"],"_links":{"self":[{"href":"https:\/\/galeriebecot.com\/index.php?rest_route=\/wp\/v2\/posts\/5708","targetHints":{"allow":["GET"]}}],"collection":[{"href":"https:\/\/galeriebecot.com\/index.php?rest_route=\/wp\/v2\/posts"}],"about":[{"href":"https:\/\/galeriebecot.com\/index.php?rest_route=\/wp\/v2\/types\/post"}],"author":[{"embeddable":true,"href":"https:\/\/galeriebecot.com\/index.php?rest_route=\/wp\/v2\/users\/1"}],"replies":[{"embeddable":true,"href":"https:\/\/galeriebecot.com\/index.php?rest_route=%2Fwp%2Fv2%2Fcomments&post=5708"}],"version-history":[{"count":7,"href":"https:\/\/galeriebecot.com\/index.php?rest_route=\/wp\/v2\/posts\/5708\/revisions"}],"predecessor-version":[{"id":5728,"href":"https:\/\/galeriebecot.com\/index.php?rest_route=\/wp\/v2\/posts\/5708\/revisions\/5728"}],"wp:attachment":[{"href":"https:\/\/galeriebecot.com\/index.php?rest_route=%2Fwp%2Fv2%2Fmedia&parent=5708"}],"wp:term":[{"taxonomy":"category","embeddable":true,"href":"https:\/\/galeriebecot.com\/index.php?rest_route=%2Fwp%2Fv2%2Fcategories&post=5708"},{"taxonomy":"post_tag","embeddable":true,"href":"https:\/\/galeriebecot.com\/index.php?rest_route=%2Fwp%2Fv2%2Ftags&post=5708"}],"curies":[{"name":"wp","href":"https:\/\/api.w.org\/{rel}","templated":true}]}}