{"id":5695,"date":"2016-10-21T14:00:28","date_gmt":"2016-10-21T18:00:28","guid":{"rendered":"http:\/\/www.clubdescollectionneursenartsvisuelsdequebec.com\/?p=5695"},"modified":"2016-10-25T14:06:17","modified_gmt":"2016-10-25T18:06:17","slug":"24e-vente-aux-encheres-a-langlicane-le-mercredi-26-octobre-2016","status":"publish","type":"post","link":"https:\/\/galeriebecot.com\/?p=5695","title":{"rendered":"24e vente aux ench\u00e8res \u00e0 l&rsquo;anglicane le mercredi 26 octobre 2016."},"content":{"rendered":"<p><a href=\"https:\/\/www.galeriebecot.com\/wp-content\/uploads\/2016\/10\/Enhere1.jpg\"><img loading=\"lazy\" decoding=\"async\" class=\"alignnone size-large wp-image-5696\" src=\"https:\/\/www.galeriebecot.com\/wp-content\/uploads\/2016\/10\/Enhere1-1024x914.jpg\" alt=\"enhere1\" width=\"700\" height=\"625\" srcset=\"https:\/\/galeriebecot.com\/wp-content\/uploads\/2016\/10\/Enhere1-1024x914.jpg 1024w, https:\/\/galeriebecot.com\/wp-content\/uploads\/2016\/10\/Enhere1-300x268.jpg 300w, https:\/\/galeriebecot.com\/wp-content\/uploads\/2016\/10\/Enhere1-768x686.jpg 768w, https:\/\/galeriebecot.com\/wp-content\/uploads\/2016\/10\/Enhere1.jpg 1081w\" sizes=\"auto, (max-width: 700px) 100vw, 700px\" \/><\/a><\/p>\n<p><a href=\"https:\/\/www.galeriebecot.com\/wp-content\/uploads\/2016\/10\/enchere2.jpg\"><img loading=\"lazy\" decoding=\"async\" class=\"alignnone size-large wp-image-5697\" src=\"https:\/\/www.galeriebecot.com\/wp-content\/uploads\/2016\/10\/enchere2-1024x883.jpg\" alt=\"enchere2\" width=\"700\" height=\"604\" srcset=\"https:\/\/galeriebecot.com\/wp-content\/uploads\/2016\/10\/enchere2-1024x883.jpg 1024w, https:\/\/galeriebecot.com\/wp-content\/uploads\/2016\/10\/enchere2-300x259.jpg 300w, https:\/\/galeriebecot.com\/wp-content\/uploads\/2016\/10\/enchere2-768x662.jpg 768w, https:\/\/galeriebecot.com\/wp-content\/uploads\/2016\/10\/enchere2.jpg 1077w\" sizes=\"auto, (max-width: 700px) 100vw, 700px\" \/><\/a><\/p>\n<p><strong><span style=\"text-decoration: underline;\">L&rsquo;exposition,pr\u00e9sent\u00e9e \u00e0 la galerie du 9 au 25 octobre 2016,regroupe les oeuvres des artistes :<\/span><\/strong><\/p>\n<p>H\u00e9l\u00e8ne Allard,Luc Archambeault,Ginette Ash,Guy B\u00e9gin,Paul B\u00e9liveau,Kittie Bruneau,Fran\u00e7ois Carrier,Louise Carrier,Lucienne Cornet,Armand C\u00f4t\u00e9,Claude de Lorimier,Pierre Duquet,Marie \u00c9mond,Michel Filion,Melvyn Florez,Carole Fontaine,Jos\u00e9e Fontaine,Andr\u00e9 Garant,\u00c9milie Garant,Emmanuel Garant,Marie Gauthier,Claire Gravel,Jean-Pierre Guay,Irina Kouznetsova,Yan Laboissonni\u00e8re,Paul Lacroix,Jacinthe Lagueux,Andr\u00e9e Lalibert\u00e9,Pierre Lalibert\u00e9,Constance Lamoureux,C\u00e9line G.Lapointe,Marcel-Marie Lapointe,Albini Leblanc,Cl\u00e9ment Lemieux,Isabelle Lockwell,Aline Mass\u00e9,Joan Mir\u00f4,Edouard Mousseau,Micha\u00ebl Nadeau,Vicente Negrin,Isabel Picard,Claudette Ronfret,Jean-Paul Riopelle,Marie Rioux,Albert Rousseau,Jonathan Roy,Fleurette Sauvageau,Michel Souli\u00e8res,Denyse White Barbeau.<\/p>\n","protected":false},"excerpt":{"rendered":"<p>L&rsquo;exposition,pr\u00e9sent\u00e9e \u00e0 la galerie du 9 au 25 octobre 2016,regroupe les oeuvres des artistes : H\u00e9l\u00e8ne Allard,Luc Archambeault,Ginette Ash,Guy B\u00e9gin,Paul B\u00e9liveau,Kittie Bruneau,Fran\u00e7ois Carrier,Louise Carrier,Lucienne Cornet,Armand C\u00f4t\u00e9,Claude de Lorimier,Pierre Duquet,Marie \u00c9mond,Michel&hellip; <\/p>\n","protected":false},"author":1,"featured_media":0,"comment_status":"open","ping_status":"open","sticky":false,"template":"","format":"standard","meta":{"_exactmetrics_skip_tracking":false,"_exactmetrics_sitenote_active":false,"_exactmetrics_sitenote_note":"","_exactmetrics_sitenote_category":0,"footnotes":""},"categories":[27,21],"tags":[1312,456,1306,34,1112,1300,1280,590,1293,647,1283,1296,1289,1311,1304,1302,1282,1315,1308,1115,1113,460,1287,1285,1286,653,1298,988,1305,262,687,1297,1307,1313,1294,310,1288,1284,594,58,1303,46,1295,123,1281,1292,1309,1291,1314,365,217,1290,1301,37,1310,40,1299],"class_list":["post-5695","post","type-post","status-publish","format-standard","hentry","category-artistes","category-vente-aux-encheres-doeuvres-dart","tag-albert-rousseau","tag-albini-leblanc","tag-aline-masse","tag-andre-becot","tag-andre-garant","tag-andree-laliberte","tag-anglicane","tag-armand-cote","tag-carole-fontaine","tag-celine-g-lapointe","tag-chambre-de-commerce-de-levis","tag-claire-gravel","tag-claude-de-lorimier","tag-claudette-ronfret","tag-clement-lemieux","tag-constance-lamoureux","tag-cormier","tag-denyse-white-barbeau","tag-edouard-mousseau","tag-emilie-garant","tag-emmanuel-garant","tag-fleurette-sauvageau","tag-francois-carrier","tag-ginette-ash","tag-guy-begin","tag-helene-allard","tag-irina-kouznetsova","tag-isabel-picard","tag-isabelle-lockwell","tag-jacinthe-lagueux","tag-jean-paul-riopelle","tag-jean-pierre-guay","tag-joan-miro","tag-jonathan-roy","tag-josee-fontaine","tag-kittie-bruneau","tag-louise-carrier","tag-luc-archambeault","tag-lucienne-cornet","tag-marc-bellemare-collectionneur","tag-marcel-marie-lapointe","tag-marie-emond","tag-marie-gauthier","tag-marie-rioux","tag-marie-huguette","tag-melvyn-florez","tag-michael-nadeau","tag-michel-filion","tag-michel-soulieres","tag-paul-beliveau","tag-paul-lacroix","tag-pierre-duquet","tag-pierre-laliberte","tag-studio-becot","tag-vicente-negrin","tag-visuals-arts","tag-yan-laboissonniere"],"_links":{"self":[{"href":"https:\/\/galeriebecot.com\/index.php?rest_route=\/wp\/v2\/posts\/5695","targetHints":{"allow":["GET"]}}],"collection":[{"href":"https:\/\/galeriebecot.com\/index.php?rest_route=\/wp\/v2\/posts"}],"about":[{"href":"https:\/\/galeriebecot.com\/index.php?rest_route=\/wp\/v2\/types\/post"}],"author":[{"embeddable":true,"href":"https:\/\/galeriebecot.com\/index.php?rest_route=\/wp\/v2\/users\/1"}],"replies":[{"embeddable":true,"href":"https:\/\/galeriebecot.com\/index.php?rest_route=%2Fwp%2Fv2%2Fcomments&post=5695"}],"version-history":[{"count":2,"href":"https:\/\/galeriebecot.com\/index.php?rest_route=\/wp\/v2\/posts\/5695\/revisions"}],"predecessor-version":[{"id":5699,"href":"https:\/\/galeriebecot.com\/index.php?rest_route=\/wp\/v2\/posts\/5695\/revisions\/5699"}],"wp:attachment":[{"href":"https:\/\/galeriebecot.com\/index.php?rest_route=%2Fwp%2Fv2%2Fmedia&parent=5695"}],"wp:term":[{"taxonomy":"category","embeddable":true,"href":"https:\/\/galeriebecot.com\/index.php?rest_route=%2Fwp%2Fv2%2Fcategories&post=5695"},{"taxonomy":"post_tag","embeddable":true,"href":"https:\/\/galeriebecot.com\/index.php?rest_route=%2Fwp%2Fv2%2Ftags&post=5695"}],"curies":[{"name":"wp","href":"https:\/\/api.w.org\/{rel}","templated":true}]}}