{"id":5665,"date":"2019-11-08T15:02:45","date_gmt":"2019-11-08T20:02:45","guid":{"rendered":"http:\/\/www.clubdescollectionneursenartsvisuelsdequebec.com\/?p=5665"},"modified":"2019-11-16T11:30:30","modified_gmt":"2019-11-16T16:30:30","slug":"jean-soucy-le-collectionneur-le-7-novembre-19h00-villa-bagatelle","status":"publish","type":"post","link":"https:\/\/galeriebecot.com\/?p=5665","title":{"rendered":"Vitrail &#038; Art de la lumi\u00e8re \u00e0 la Villa Bagatelle."},"content":{"rendered":"<p><a href=\"https:\/\/www.galeriebecot.com\/wp-content\/uploads\/2019\/11\/Vitrail-22.jpg\"><img loading=\"lazy\" decoding=\"async\" class=\"alignnone size-full wp-image-11878\" src=\"https:\/\/www.galeriebecot.com\/wp-content\/uploads\/2019\/11\/Vitrail-22.jpg\" alt=\"\" width=\"864\" height=\"443\" srcset=\"https:\/\/galeriebecot.com\/wp-content\/uploads\/2019\/11\/Vitrail-22.jpg 864w, https:\/\/galeriebecot.com\/wp-content\/uploads\/2019\/11\/Vitrail-22-300x154.jpg 300w, https:\/\/galeriebecot.com\/wp-content\/uploads\/2019\/11\/Vitrail-22-768x394.jpg 768w\" sizes=\"auto, (max-width: 864px) 100vw, 864px\" \/><\/a><\/p>\n<p>Vitrail art de la lumi\u00e8re.<\/p>\n<p>Collectif d&rsquo;artistes !<\/p>\n<p>Nathalie Boudreault, Guy Charette, Louise Coll, Roger Desjardins, Carole Deslauriers, Rachel Deslauriers, Pierre Duchesneau, Marie-Christine Desbiens, Jean-Marc Dumas, Roger Fecteau, Christiane Hamel, Manon Lebeau, Fernand Lebel, H\u00e9kl\u00e8ne Leclerc, Pierre L\u00e9pine,Armelle Lopez,Maryne Marois, <strong>Colette Matte<\/strong>, Marc Ouellet, <strong>Carol Poulin<\/strong>, <strong>Jean-Yves Richard<\/strong>, Yves Rousseau, Colette Roy, Huguette Simard, Claudette Sylvain, Ren\u00e9 Tremblay, Micheline Verret.<\/p>\n<p>&nbsp;<\/p>\n<p><a href=\"https:\/\/www.galeriebecot.com\/wp-content\/uploads\/2016\/10\/Soucy-1.jpg\"><img loading=\"lazy\" decoding=\"async\" class=\"alignnone size-large wp-image-5666\" src=\"https:\/\/www.galeriebecot.com\/wp-content\/uploads\/2016\/10\/Soucy-1-699x1024.jpg\" alt=\"soucy-1\" width=\"699\" height=\"1024\" srcset=\"https:\/\/galeriebecot.com\/wp-content\/uploads\/2016\/10\/Soucy-1-699x1024.jpg 699w, https:\/\/galeriebecot.com\/wp-content\/uploads\/2016\/10\/Soucy-1-205x300.jpg 205w, https:\/\/galeriebecot.com\/wp-content\/uploads\/2016\/10\/Soucy-1-768x1124.jpg 768w, https:\/\/galeriebecot.com\/wp-content\/uploads\/2016\/10\/Soucy-1.jpg 879w\" sizes=\"auto, (max-width: 699px) 100vw, 699px\" \/><\/a><\/p>\n<p>La Villa Bagatelle,1563 Chemin Saint-Louis, Qu\u00e9bec, G1S 1G1.<\/p>\n<p><a href=\"https:\/\/www.galeriebecot.com\/wp-content\/uploads\/2016\/10\/ph_la_detente_p.jpg\"><img loading=\"lazy\" decoding=\"async\" class=\"alignnone size-full wp-image-5671\" src=\"https:\/\/www.galeriebecot.com\/wp-content\/uploads\/2016\/10\/ph_la_detente_p.jpg\" alt=\"ph_la_detente_p\" width=\"550\" height=\"415\" srcset=\"https:\/\/galeriebecot.com\/wp-content\/uploads\/2016\/10\/ph_la_detente_p.jpg 550w, https:\/\/galeriebecot.com\/wp-content\/uploads\/2016\/10\/ph_la_detente_p-300x226.jpg 300w\" sizes=\"auto, (max-width: 550px) 100vw, 550px\" \/><\/a><\/p>\n<p>Jean Soucy, D\u00e9tente, 1941, Huile sur toile, 40,9 x 54,9 cm . Collection particuli\u00e8re.<\/p>\n<p><a href=\"https:\/\/www.galeriebecot.com\/wp-content\/uploads\/2016\/11\/Yvon-Milliard.jpg\"><img loading=\"lazy\" decoding=\"async\" class=\"alignnone size-full wp-image-5759\" src=\"https:\/\/www.galeriebecot.com\/wp-content\/uploads\/2016\/11\/Yvon-Milliard.jpg\" alt=\"yvon-milliard\" width=\"180\" height=\"389\" srcset=\"https:\/\/galeriebecot.com\/wp-content\/uploads\/2016\/11\/Yvon-Milliard.jpg 180w, https:\/\/galeriebecot.com\/wp-content\/uploads\/2016\/11\/Yvon-Milliard-139x300.jpg 139w\" sizes=\"auto, (max-width: 180px) 100vw, 180px\" \/><\/a><\/p>\n<p><a href=\"https:\/\/www.galeriebecot.com\/wp-content\/uploads\/2016\/11\/Claude-Thibeault.jpg\"><img loading=\"lazy\" decoding=\"async\" class=\"alignnone wp-image-5760\" src=\"https:\/\/www.galeriebecot.com\/wp-content\/uploads\/2016\/11\/Claude-Thibeault.jpg\" alt=\"claude-thibeault\" width=\"187\" height=\"318\" srcset=\"https:\/\/galeriebecot.com\/wp-content\/uploads\/2016\/11\/Claude-Thibeault.jpg 296w, https:\/\/galeriebecot.com\/wp-content\/uploads\/2016\/11\/Claude-Thibeault-176x300.jpg 176w\" sizes=\"auto, (max-width: 187px) 100vw, 187px\" \/><\/a><\/p>\n<p><a href=\"https:\/\/www.galeriebecot.com\/wp-content\/uploads\/2016\/11\/Sebastien-Hudon.jpg\"><img loading=\"lazy\" decoding=\"async\" class=\"alignnone size-full wp-image-5761\" src=\"https:\/\/www.galeriebecot.com\/wp-content\/uploads\/2016\/11\/Sebastien-Hudon.jpg\" alt=\"sebastien-hudon\" width=\"497\" height=\"429\" srcset=\"https:\/\/galeriebecot.com\/wp-content\/uploads\/2016\/11\/Sebastien-Hudon.jpg 497w, https:\/\/galeriebecot.com\/wp-content\/uploads\/2016\/11\/Sebastien-Hudon-300x259.jpg 300w\" sizes=\"auto, (max-width: 497px) 100vw, 497px\" \/><\/a><\/p>\n<p><a href=\"https:\/\/www.galeriebecot.com\/wp-content\/uploads\/2016\/10\/Soucy-2.jpg\"><img loading=\"lazy\" decoding=\"async\" class=\"alignnone size-large wp-image-5667\" src=\"https:\/\/www.galeriebecot.com\/wp-content\/uploads\/2016\/10\/Soucy-2-998x1024.jpg\" alt=\"soucy-2\" width=\"700\" height=\"718\" srcset=\"https:\/\/galeriebecot.com\/wp-content\/uploads\/2016\/10\/Soucy-2-998x1024.jpg 998w, https:\/\/galeriebecot.com\/wp-content\/uploads\/2016\/10\/Soucy-2-292x300.jpg 292w, https:\/\/galeriebecot.com\/wp-content\/uploads\/2016\/10\/Soucy-2-768x788.jpg 768w, https:\/\/galeriebecot.com\/wp-content\/uploads\/2016\/10\/Soucy-2.jpg 1218w\" sizes=\"auto, (max-width: 700px) 100vw, 700px\" \/><\/a><\/p>\n<p>Au cours des ann\u00e9es 1940 \u00e0 1960, Jean Soucy, \u00e0 l&rsquo;instar d&rsquo;autres artistes, s&rsquo;affranchit de l&rsquo;acad\u00e9misme classique pour embrasser de nouveaux sujets, d&rsquo;autres langages et de nouveaux moyens plastiques. Malgr\u00e9 son cheminement riche et cr\u00e9atif, il demeure m\u00e9connu encore aujourd&rsquo;hui, ses productions \u00e9tant demeur\u00e9es cach\u00e9es un demi-si\u00e8cle durant&#8230;. Le Club des collectionneurs vous propose un retour sur l&rsquo;oeuvre exceptionnelle de Jean Soucy en compagnie du conservateur <span style=\"text-decoration: underline;\"><strong>S\u00e9bastien Hudon<\/strong> et de <strong>Yvon Milliard<\/strong><\/span> qui fut \u00e0 l&rsquo;\u00e9poque conservateur au d\u00e9veloppement des collections au Mus\u00e9e du Qu\u00e9bec. A titre de responsable de la succession de Jean Soucy, ce dernier pr\u00e9sentera des photographies que\u00a0<a href=\"https:\/\/www.facebook.com\/patrick.altman.965\"><span style=\"text-decoration: underline;\"><strong>Patrick Altman<\/strong> <\/span><\/a>\u00a0 a prises de l&rsquo;int\u00e9rieur de l&rsquo;appartement de Soucy, un brillant collectionneur.<\/p>\n","protected":false},"excerpt":{"rendered":"<p>Vitrail art de la lumi\u00e8re. Collectif d&rsquo;artistes ! Nathalie Boudreault, Guy Charette, Louise Coll, Roger Desjardins, Carole Deslauriers, Rachel Deslauriers, Pierre Duchesneau, Marie-Christine Desbiens, Jean-Marc Dumas, Roger Fecteau, Christiane Hamel,&hellip; <\/p>\n","protected":false},"author":1,"featured_media":0,"comment_status":"open","ping_status":"open","sticky":false,"template":"","format":"standard","meta":{"_exactmetrics_skip_tracking":false,"_exactmetrics_sitenote_active":false,"_exactmetrics_sitenote_note":"","_exactmetrics_sitenote_category":0,"footnotes":""},"categories":[27,17,18],"tags":[34,2891,564,2880,2886,1326,2897,67,345,2895,2888,2877,2889,2896,1204,2884,2280,2878,2887,58,2893,2883,2892,2899,2876,1265,2882,2890,2881,2898,2900,2885,1205,37,741,40,2894,1264],"class_list":["post-5665","post","type-post","status-publish","format-standard","hentry","category-artistes","category-conference","category-evenement","tag-andre-becot","tag-armelle-lopez","tag-carol-poulin","tag-carole-deslauriers","tag-christiane-hamel","tag-claude-thibeault","tag-claudette-sylvain","tag-club-des-collectionneurs-en-arts-visuels-de-quebec-marc-bellemare","tag-colette-matte","tag-colette-roy","tag-fernand-lebel","tag-guy-charette","tag-heklene-leclerc","tag-huguette-simard","tag-jean-soucy","tag-jean-marc-dumas","tag-jean-yves-richard","tag-louise-coll","tag-manon-lebeau","tag-marc-bellemare-collectionneur","tag-marc-ouellet","tag-marie-christine-desbiens","tag-maryne-marois","tag-micheline-verret","tag-nathalie-boudreault","tag-patrick-altman","tag-pierre-duchesneau","tag-pierre-lepine","tag-rachel-deslauriers","tag-rene-tremblay","tag-roeger-desjardins","tag-roger-fecteau","tag-sebastien-hudon","tag-studio-becot","tag-villa-bagatelle","tag-visuals-arts","tag-yves-rousseau","tag-yvon-milliard"],"_links":{"self":[{"href":"https:\/\/galeriebecot.com\/index.php?rest_route=\/wp\/v2\/posts\/5665","targetHints":{"allow":["GET"]}}],"collection":[{"href":"https:\/\/galeriebecot.com\/index.php?rest_route=\/wp\/v2\/posts"}],"about":[{"href":"https:\/\/galeriebecot.com\/index.php?rest_route=\/wp\/v2\/types\/post"}],"author":[{"embeddable":true,"href":"https:\/\/galeriebecot.com\/index.php?rest_route=\/wp\/v2\/users\/1"}],"replies":[{"embeddable":true,"href":"https:\/\/galeriebecot.com\/index.php?rest_route=%2Fwp%2Fv2%2Fcomments&post=5665"}],"version-history":[{"count":13,"href":"https:\/\/galeriebecot.com\/index.php?rest_route=\/wp\/v2\/posts\/5665\/revisions"}],"predecessor-version":[{"id":11882,"href":"https:\/\/galeriebecot.com\/index.php?rest_route=\/wp\/v2\/posts\/5665\/revisions\/11882"}],"wp:attachment":[{"href":"https:\/\/galeriebecot.com\/index.php?rest_route=%2Fwp%2Fv2%2Fmedia&parent=5665"}],"wp:term":[{"taxonomy":"category","embeddable":true,"href":"https:\/\/galeriebecot.com\/index.php?rest_route=%2Fwp%2Fv2%2Fcategories&post=5665"},{"taxonomy":"post_tag","embeddable":true,"href":"https:\/\/galeriebecot.com\/index.php?rest_route=%2Fwp%2Fv2%2Ftags&post=5665"}],"curies":[{"name":"wp","href":"https:\/\/api.w.org\/{rel}","templated":true}]}}