{"id":5590,"date":"2024-05-08T10:20:00","date_gmt":"2024-05-08T14:20:00","guid":{"rendered":"http:\/\/www.clubdescollectionneursenartsvisuelsdequebec.com\/?p=5590"},"modified":"2024-05-09T19:39:11","modified_gmt":"2024-05-09T23:39:11","slug":"carol-poulin-lesoleil-edition-du-9-octobre-2016","status":"publish","type":"post","link":"https:\/\/galeriebecot.com\/?p=5590","title":{"rendered":"Carol Poulin , l&rsquo;homme qui fait rena\u00eetre les tableaux  et l&rsquo;oubli&#8230;de l\u2019illustre navigateur, Joseph-\u00c9lz\u00e9ar Bernier."},"content":{"rendered":"\n<figure class=\"wp-block-image size-large\"><a href=\"https:\/\/www.lafabriqueculturelle.tv\/capsules\/11639\/l-homme-qui-fait-parler-les-toiles-carol-poulin\"><img loading=\"lazy\" decoding=\"async\" width=\"1024\" height=\"637\" src=\"https:\/\/www.galeriebecot.com\/wp-content\/uploads\/2024\/05\/Carol-Photo-1024x637.jpg\" alt=\"\" class=\"wp-image-19299\" srcset=\"https:\/\/galeriebecot.com\/wp-content\/uploads\/2024\/05\/Carol-Photo-1024x637.jpg 1024w, https:\/\/galeriebecot.com\/wp-content\/uploads\/2024\/05\/Carol-Photo-300x187.jpg 300w, https:\/\/galeriebecot.com\/wp-content\/uploads\/2024\/05\/Carol-Photo-768x478.jpg 768w, https:\/\/galeriebecot.com\/wp-content\/uploads\/2024\/05\/Carol-Photo.jpg 1224w\" sizes=\"auto, (max-width: 1024px) 100vw, 1024px\" \/><\/a><\/figure>\n\n\n\n<figure class=\"wp-block-image size-large\"><a href=\"https:\/\/www.lafabriqueculturelle.tv\/capsules\/11639\/l-homme-qui-fait-parler-les-toiles-carol-poulin\"><img loading=\"lazy\" decoding=\"async\" width=\"1024\" height=\"644\" src=\"https:\/\/www.galeriebecot.com\/wp-content\/uploads\/2024\/05\/Carol-texte-1024x644.jpg\" alt=\"\" class=\"wp-image-19301\" srcset=\"https:\/\/galeriebecot.com\/wp-content\/uploads\/2024\/05\/Carol-texte-1024x644.jpg 1024w, https:\/\/galeriebecot.com\/wp-content\/uploads\/2024\/05\/Carol-texte-300x189.jpg 300w, https:\/\/galeriebecot.com\/wp-content\/uploads\/2024\/05\/Carol-texte-768x483.jpg 768w, https:\/\/galeriebecot.com\/wp-content\/uploads\/2024\/05\/Carol-texte.jpg 1224w\" sizes=\"auto, (max-width: 1024px) 100vw, 1024px\" \/><\/a><\/figure>\n\n\n<p>Carol Poulin,le journal leSoleil ( \u00e9dition du 10 octobre 2011)<\/p>\n<p><a href=\"https:\/\/www.carolpoulinartiste.com\">Carol Poulin ,artiste.<\/a><\/p>\n<p>Capitaine\u00a0<a href=\"https:\/\/fr.wikipedia.org\/wiki\/Joseph-Elz%C3%A9ar_Bernier\">Elz\u00e9ar et l\u2019oubli.<\/a><\/p>\n<p>Lors d\u2019\u00e9v\u00e9nements officiels, on souligne le travail et l\u2019importance d\u2019une personn<span class=\"text_exposed_show\">e qui a influenc\u00e9 notre quotidien. \u00c0 ces occasions on remet une oeuvre d\u2019art, peinture, gravure ou une sculpture, sans mentionner l\u2019artiste qui les a cr\u00e9es. Comme si un bien acquis n\u2019avais plus d\u2019auteur.<\/span><\/p>\n<div class=\"text_exposed_show\">\n<p>Un exemple r\u00e9cent est celui o\u00f9 on a d\u00e9voil\u00e9 la statue du capitaine Elz\u00e9ar Bernier au quai Paquet \u00e0 L\u00e9vis. Personnage historique tr\u00e8s important oubli\u00e9 de nos gouvernants.<\/p>\n<p><a href=\"https:\/\/www.galeriebecot.com\/wp-content\/uploads\/2016\/10\/Caitaine-Bernier.jpg\"><img loading=\"lazy\" decoding=\"async\" class=\"alignnone size-full wp-image-5592\" src=\"https:\/\/www.galeriebecot.com\/wp-content\/uploads\/2016\/10\/Caitaine-Bernier.jpg\" alt=\"caitaine-bernier\" width=\"218\" height=\"320\" srcset=\"https:\/\/galeriebecot.com\/wp-content\/uploads\/2016\/10\/Caitaine-Bernier.jpg 218w, https:\/\/galeriebecot.com\/wp-content\/uploads\/2016\/10\/Caitaine-Bernier-204x300.jpg 204w\" sizes=\"auto, (max-width: 218px) 100vw, 218px\" \/><\/a><\/p>\n<p><a href=\"https:\/\/www.galeriebecot.com\/wp-content\/uploads\/2016\/10\/Capitaine-Bernier.jpg\"><img loading=\"lazy\" decoding=\"async\" class=\"alignnone wp-image-5599\" src=\"https:\/\/www.galeriebecot.com\/wp-content\/uploads\/2016\/10\/Capitaine-Bernier.jpg\" alt=\"capitaine-bernier\" width=\"220\" height=\"342\" \/><\/a><\/p>\n<p>La statue de bronze mesure plus de 8 m\u00e8tres de haut.<\/p>\n<p>\u00a9TC-Media-Raphael Beaumont-Drouin<\/p>\n<p>Tous les dignitaires, les d\u00e9put\u00e9s, maires et officiels \u00e9taient pourtant sur place, eux qui se disent tr\u00e8s int\u00e9resser par la culture. Tous les m\u00e9dias assistaient aussi \u00e0 cet \u00e9v\u00e9nement. Pourtant aucune mention de l\u2019artiste Michel Binette qui a une feuille de route assez enviable n\u2019est mentionn\u00e9. Et encore moins l\u2019atelier o\u00f9 a \u00e9t\u00e9 coul\u00e9e cette oeuvre, soit \u00e0 Inverness.<\/p>\n<p><a href=\"http:\/\/fonderieart.com\/\">Fonderie D&rsquo;art D&rsquo;Inverness<\/a><\/p>\n<p><a href=\"http:\/\/www.atelierdubronze.com\/\">Atelier du bronze<\/a>\u00a0\u00e0 Inverness<\/p>\n<p><a href=\"https:\/\/www.galeriebecot.com\/wp-content\/uploads\/2016\/10\/Raphael.jpg\"><img loading=\"lazy\" decoding=\"async\" class=\"alignnone size-full wp-image-5620\" src=\"https:\/\/www.galeriebecot.com\/wp-content\/uploads\/2016\/10\/Raphael.jpg\" alt=\"raphael\" width=\"72\" height=\"72\" \/><\/a>\u00a0par Rapha\u00ebl Beaumont-Drouin<\/p>\n<\/div>\n<div class=\"text_exposed_show\">\n<h2>INAUGURATION. Apr\u00e8s plusieurs ann\u00e9es pass\u00e9es \u00e0 croupir dans un caisson de bois, l&rsquo;illustre navigateur Joseph-\u00c9lz\u00e9ar Bernier s&rsquo;est finalement dress\u00e9 cet apr\u00e8s-midi au quai Paquet de L\u00e9vis, en compagnie de plusieurs de ses descendants.<\/h2>\n<p>Pour Jeanne Coud\u00e9, c&rsquo;est l&rsquo;accomplissement d&rsquo;un travail de longue haleine entrepris il y a vingt ans. La passionn\u00e9e d&rsquo;histoire avait entrepris des d\u00e9marches afin d&rsquo;honorer la m\u00e9moire de l&rsquo;illustre navigateur, mais s&rsquo;\u00e9tait but\u00e9e a de nombreux d\u00e9lais et impr\u00e9vus. Cette statue con\u00e7ue par le sculpteur Michel Binette en 2008 reposait dans un entrep\u00f4t depuis de nombreuses ann\u00e9es, faute d&rsquo;endroit appropri\u00e9 pour l&rsquo;accueillir.<\/p>\n<p>\u00abL&rsquo;hommage rendu \u00e0 Joseph-Elz\u00e9ar Bernier illustre parfaitement le caract\u00e8re maritime et nordique du Qu\u00e9bec\u00bb, s&rsquo;est exprim\u00e9 le premier ministre Philippe Couillard aux c\u00f4t\u00e9s de la d\u00e9put\u00e9e lib\u00e9rale Dominique Vien ainsi que du maire Gilles Lehouillier. La statue de bronze mesurant plus de 2,5 m\u00e8tres de haut est entour\u00e9e de plusieurs petits socles de blancs, illustrant les glaces qui engorgent le fleuve \u00e0 l&rsquo;hiver.<\/p>\n<p>Par missive, premier ministre Justin Trudeau a \u00e9galement vant\u00e9 les m\u00e9rites de Joseph-Elz\u00e9ar Bernier, le qualifiant de \u00abplus grand navigateur de son \u00e9poque.\u00bb De nombreux descendants du capitaine \u00e9taient r\u00e9unis pour l&rsquo;occasion.<\/p>\n<p>Extrait du journal : <em>Le Peuple L\u00e9vis, 28 septembre 2016.<\/em><\/p>\n<\/div>","protected":false},"excerpt":{"rendered":"<p>Carol Poulin,le journal leSoleil ( \u00e9dition du 10 octobre 2011) Carol Poulin ,artiste. Capitaine\u00a0Elz\u00e9ar et l\u2019oubli. Lors d\u2019\u00e9v\u00e9nements officiels, on souligne le travail et l\u2019importance d\u2019une personne qui a influenc\u00e9&hellip; <\/p>\n","protected":false},"author":1,"featured_media":0,"comment_status":"open","ping_status":"open","sticky":false,"template":"","format":"standard","meta":{"_exactmetrics_skip_tracking":false,"_exactmetrics_sitenote_active":false,"_exactmetrics_sitenote_note":"","_exactmetrics_sitenote_category":0,"footnotes":""},"categories":[20,27,18],"tags":[34,564,6,1244,1237,1245,1246,58,1241,1240,1243,1239,1238,1242,37,40],"class_list":["post-5590","post","type-post","status-publish","format-standard","hentry","category-article-descriptif","category-artistes","category-evenement","tag-andre-becot","tag-carol-poulin","tag-club-des-collectionneurs-en-arts-visuels-de-quebec","tag-dominique-vien","tag-elzear-bernier","tag-gilles-lehouillier","tag-justin-trudeau","tag-marc-bellemare-collectionneur","tag-michel-binette-artiste","tag-michel-binette-sculpteur","tag-philippe-couillard","tag-quai-paquet","tag-quai-paquet-levis","tag-raphael-beaumont-drouin","tag-studio-becot","tag-visuals-arts"],"_links":{"self":[{"href":"https:\/\/galeriebecot.com\/index.php?rest_route=\/wp\/v2\/posts\/5590","targetHints":{"allow":["GET"]}}],"collection":[{"href":"https:\/\/galeriebecot.com\/index.php?rest_route=\/wp\/v2\/posts"}],"about":[{"href":"https:\/\/galeriebecot.com\/index.php?rest_route=\/wp\/v2\/types\/post"}],"author":[{"embeddable":true,"href":"https:\/\/galeriebecot.com\/index.php?rest_route=\/wp\/v2\/users\/1"}],"replies":[{"embeddable":true,"href":"https:\/\/galeriebecot.com\/index.php?rest_route=%2Fwp%2Fv2%2Fcomments&post=5590"}],"version-history":[{"count":32,"href":"https:\/\/galeriebecot.com\/index.php?rest_route=\/wp\/v2\/posts\/5590\/revisions"}],"predecessor-version":[{"id":19314,"href":"https:\/\/galeriebecot.com\/index.php?rest_route=\/wp\/v2\/posts\/5590\/revisions\/19314"}],"wp:attachment":[{"href":"https:\/\/galeriebecot.com\/index.php?rest_route=%2Fwp%2Fv2%2Fmedia&parent=5590"}],"wp:term":[{"taxonomy":"category","embeddable":true,"href":"https:\/\/galeriebecot.com\/index.php?rest_route=%2Fwp%2Fv2%2Fcategories&post=5590"},{"taxonomy":"post_tag","embeddable":true,"href":"https:\/\/galeriebecot.com\/index.php?rest_route=%2Fwp%2Fv2%2Ftags&post=5590"}],"curies":[{"name":"wp","href":"https:\/\/api.w.org\/{rel}","templated":true}]}}