{"id":5439,"date":"2016-09-27T13:44:19","date_gmt":"2016-09-27T17:44:19","guid":{"rendered":"http:\/\/www.clubdescollectionneursenartsvisuelsdequebec.com\/?p=5439"},"modified":"2016-10-04T14:54:27","modified_gmt":"2016-10-04T18:54:27","slug":"bazzartsuivez-la-trace-des-artistes","status":"publish","type":"post","link":"https:\/\/galeriebecot.com\/?p=5439","title":{"rendered":"Bazzart:suivez la trace des artistes"},"content":{"rendered":"<p><a href=\"http:\/\/bazzart.biz\/favoriser-la-creation\/\"><img loading=\"lazy\" decoding=\"async\" class=\"alignnone size-full wp-image-5440\" src=\"https:\/\/www.galeriebecot.com\/wp-content\/uploads\/2016\/09\/Bazzartin.jpg\" alt=\"bazzartin\" width=\"374\" height=\"158\" srcset=\"https:\/\/galeriebecot.com\/wp-content\/uploads\/2016\/09\/Bazzartin.jpg 374w, https:\/\/galeriebecot.com\/wp-content\/uploads\/2016\/09\/Bazzartin-300x127.jpg 300w\" sizes=\"auto, (max-width: 374px) 100vw, 374px\" \/><\/a><\/p>\n<p><a href=\"http:\/\/bazzart.biz\/favoriser-la-creation\/\">BAZZART:Suivez la trace des artistes.<\/a><\/p>\n<p><a href=\"https:\/\/www.galeriebecot.com\/wp-content\/uploads\/2016\/09\/Bazzart1.jpg\"><img loading=\"lazy\" decoding=\"async\" class=\"alignnone size-large wp-image-5459\" src=\"https:\/\/www.galeriebecot.com\/wp-content\/uploads\/2016\/09\/Bazzart1-1024x965.jpg\" alt=\"bazzart1\" width=\"700\" height=\"660\" srcset=\"https:\/\/galeriebecot.com\/wp-content\/uploads\/2016\/09\/Bazzart1-1024x965.jpg 1024w, https:\/\/galeriebecot.com\/wp-content\/uploads\/2016\/09\/Bazzart1-300x283.jpg 300w, https:\/\/galeriebecot.com\/wp-content\/uploads\/2016\/09\/Bazzart1-768x724.jpg 768w, https:\/\/galeriebecot.com\/wp-content\/uploads\/2016\/09\/Bazzart1.jpg 1497w\" sizes=\"auto, (max-width: 700px) 100vw, 700px\" \/><\/a><\/p>\n<p><a href=\"https:\/\/www.galeriebecot.com\/wp-content\/uploads\/2016\/09\/Bazzart2.jpg\"><img loading=\"lazy\" decoding=\"async\" class=\"alignnone size-large wp-image-5461\" src=\"https:\/\/www.galeriebecot.com\/wp-content\/uploads\/2016\/09\/Bazzart2-1016x1024.jpg\" alt=\"bazzart2\" width=\"700\" height=\"706\" srcset=\"https:\/\/galeriebecot.com\/wp-content\/uploads\/2016\/09\/Bazzart2-1016x1024.jpg 1016w, https:\/\/galeriebecot.com\/wp-content\/uploads\/2016\/09\/Bazzart2-150x150.jpg 150w, https:\/\/galeriebecot.com\/wp-content\/uploads\/2016\/09\/Bazzart2-298x300.jpg 298w, https:\/\/galeriebecot.com\/wp-content\/uploads\/2016\/09\/Bazzart2-768x774.jpg 768w, https:\/\/galeriebecot.com\/wp-content\/uploads\/2016\/09\/Bazzart2.jpg 1500w\" sizes=\"auto, (max-width: 700px) 100vw, 700px\" \/><\/a><\/p>\n<p>La Galerie \/ Ateliers B\u00e9cot est un espace de production et de diffusion des arts visuels en un m\u00eame lieu. Ce mode de fonctionnement permet \u00e0 la Galerie B\u00e9cot de s\u2019engager dans le milieu culturel de Qu\u00e9bec avec une certaine libert\u00e9. Cela permet aussi \u00e0 des artistes d\u2019y produire leurs \u0153uvres et, de fa\u00e7on ponctuelle, d\u2019en faire la diffusion. La Galerie B\u00e9cot assure la diffusion d\u2019\u00e9v\u00e9nements de quatre \u00e0 cinq fois par ann\u00e9e lors de colloques, d\u2019expositions et de conf\u00e9rences. Depuis huit ans, Andr\u00e9 B\u00e9cot est aussi un collaborateur du Club des collectionneurs en arts visuels de Qu\u00e9bec, qui organise six rencontres et conf\u00e9rences par an visant \u00e0 d\u00e9mocratiser l\u2019art.<\/p>\n","protected":false},"excerpt":{"rendered":"<p>BAZZART:Suivez la trace des artistes. La Galerie \/ Ateliers B\u00e9cot est un espace de production et de diffusion des arts visuels en un m\u00eame lieu. Ce mode de fonctionnement permet&hellip; <\/p>\n","protected":false},"author":1,"featured_media":0,"comment_status":"open","ping_status":"open","sticky":false,"template":"","format":"standard","meta":{"_exactmetrics_skip_tracking":false,"_exactmetrics_sitenote_active":false,"_exactmetrics_sitenote_note":"","_exactmetrics_sitenote_category":0,"footnotes":""},"categories":[20,27,22,218],"tags":[34,205,67,35,271,58,157,1223,37,40],"class_list":["post-5439","post","type-post","status-publish","format-standard","hentry","category-article-descriptif","category-artistes","category-catalogues","category-galerie-becot-2","tag-andre-becot","tag-bazzart","tag-club-des-collectionneurs-en-arts-visuels-de-quebec-marc-bellemare","tag-foire-en-arts-actuel","tag-jacques-sylvain","tag-marc-bellemare-collectionneur","tag-mnbaq","tag-pierre-bonnard","tag-studio-becot","tag-visuals-arts"],"_links":{"self":[{"href":"https:\/\/galeriebecot.com\/index.php?rest_route=\/wp\/v2\/posts\/5439","targetHints":{"allow":["GET"]}}],"collection":[{"href":"https:\/\/galeriebecot.com\/index.php?rest_route=\/wp\/v2\/posts"}],"about":[{"href":"https:\/\/galeriebecot.com\/index.php?rest_route=\/wp\/v2\/types\/post"}],"author":[{"embeddable":true,"href":"https:\/\/galeriebecot.com\/index.php?rest_route=\/wp\/v2\/users\/1"}],"replies":[{"embeddable":true,"href":"https:\/\/galeriebecot.com\/index.php?rest_route=%2Fwp%2Fv2%2Fcomments&post=5439"}],"version-history":[{"count":8,"href":"https:\/\/galeriebecot.com\/index.php?rest_route=\/wp\/v2\/posts\/5439\/revisions"}],"predecessor-version":[{"id":5462,"href":"https:\/\/galeriebecot.com\/index.php?rest_route=\/wp\/v2\/posts\/5439\/revisions\/5462"}],"wp:attachment":[{"href":"https:\/\/galeriebecot.com\/index.php?rest_route=%2Fwp%2Fv2%2Fmedia&parent=5439"}],"wp:term":[{"taxonomy":"category","embeddable":true,"href":"https:\/\/galeriebecot.com\/index.php?rest_route=%2Fwp%2Fv2%2Fcategories&post=5439"},{"taxonomy":"post_tag","embeddable":true,"href":"https:\/\/galeriebecot.com\/index.php?rest_route=%2Fwp%2Fv2%2Ftags&post=5439"}],"curies":[{"name":"wp","href":"https:\/\/api.w.org\/{rel}","templated":true}]}}