{"id":5435,"date":"2020-10-26T13:38:07","date_gmt":"2020-10-26T17:38:07","guid":{"rendered":"http:\/\/www.clubdescollectionneursenartsvisuelsdequebec.com\/?p=5435"},"modified":"2020-10-29T12:32:59","modified_gmt":"2020-10-29T16:32:59","slug":"exposition-les-combines","status":"publish","type":"post","link":"https:\/\/galeriebecot.com\/?p=5435","title":{"rendered":"Francine No\u00ebl  transforme les objets du quotidien !"},"content":{"rendered":"\n<figure class=\"wp-block-image size-large\"><img loading=\"lazy\" decoding=\"async\" width=\"1024\" height=\"1008\" src=\"https:\/\/www.galeriebecot.com\/wp-content\/uploads\/2020\/10\/Noel1-1024x1008.jpg\" alt=\"\" class=\"wp-image-13554\" srcset=\"https:\/\/galeriebecot.com\/wp-content\/uploads\/2020\/10\/Noel1-1024x1008.jpg 1024w, https:\/\/galeriebecot.com\/wp-content\/uploads\/2020\/10\/Noel1-300x295.jpg 300w, https:\/\/galeriebecot.com\/wp-content\/uploads\/2020\/10\/Noel1-768x756.jpg 768w, https:\/\/galeriebecot.com\/wp-content\/uploads\/2020\/10\/Noel1.jpg 1440w\" sizes=\"auto, (max-width: 1024px) 100vw, 1024px\" \/><\/figure>\n\n\n\n<figure class=\"wp-block-image size-large\"><a href=\"http:\/\/www.francinenoel.com\/site_officiel\/accueil.html\"><img loading=\"lazy\" decoding=\"async\" width=\"925\" height=\"1024\" src=\"https:\/\/www.galeriebecot.com\/wp-content\/uploads\/2020\/10\/Noel2-925x1024.jpg\" alt=\"\" class=\"wp-image-13556\" srcset=\"https:\/\/galeriebecot.com\/wp-content\/uploads\/2020\/10\/Noel2-925x1024.jpg 925w, https:\/\/galeriebecot.com\/wp-content\/uploads\/2020\/10\/Noel2-271x300.jpg 271w, https:\/\/galeriebecot.com\/wp-content\/uploads\/2020\/10\/Noel2-768x850.jpg 768w, https:\/\/galeriebecot.com\/wp-content\/uploads\/2020\/10\/Noel2-1388x1536.jpg 1388w, https:\/\/galeriebecot.com\/wp-content\/uploads\/2020\/10\/Noel2.jpg 1660w\" sizes=\"auto, (max-width: 925px) 100vw, 925px\" \/><\/a><\/figure>\n\n\n\n<figure class=\"wp-block-image size-large\"><img loading=\"lazy\" decoding=\"async\" width=\"926\" height=\"1024\" src=\"https:\/\/www.galeriebecot.com\/wp-content\/uploads\/2020\/10\/Noel3-926x1024.jpg\" alt=\"\" class=\"wp-image-13557\" srcset=\"https:\/\/galeriebecot.com\/wp-content\/uploads\/2020\/10\/Noel3-926x1024.jpg 926w, https:\/\/galeriebecot.com\/wp-content\/uploads\/2020\/10\/Noel3-271x300.jpg 271w, https:\/\/galeriebecot.com\/wp-content\/uploads\/2020\/10\/Noel3-768x849.jpg 768w, https:\/\/galeriebecot.com\/wp-content\/uploads\/2020\/10\/Noel3-1389x1536.jpg 1389w, https:\/\/galeriebecot.com\/wp-content\/uploads\/2020\/10\/Noel3.jpg 1661w\" sizes=\"auto, (max-width: 926px) 100vw, 926px\" \/><\/figure>\n\n\n\n<figure class=\"wp-block-image size-large\"><a href=\"http:\/\/www.francinenoel.com\/site_officiel\/accueil.html\"><img loading=\"lazy\" decoding=\"async\" width=\"1024\" height=\"998\" src=\"https:\/\/www.galeriebecot.com\/wp-content\/uploads\/2020\/10\/Noel4-1024x998.jpg\" alt=\"\" class=\"wp-image-13558\" srcset=\"https:\/\/galeriebecot.com\/wp-content\/uploads\/2020\/10\/Noel4-1024x998.jpg 1024w, https:\/\/galeriebecot.com\/wp-content\/uploads\/2020\/10\/Noel4-300x292.jpg 300w, https:\/\/galeriebecot.com\/wp-content\/uploads\/2020\/10\/Noel4-768x748.jpg 768w, https:\/\/galeriebecot.com\/wp-content\/uploads\/2020\/10\/Noel4-1536x1497.jpg 1536w, https:\/\/galeriebecot.com\/wp-content\/uploads\/2020\/10\/Noel4.jpg 1678w\" sizes=\"auto, (max-width: 1024px) 100vw, 1024px\" \/><\/a><\/figure>\n\n\n<p><a href=\"http:\/\/villesaintraymond.com\/parcs-et-batiments\/centre-multifonctionnel-rolland-dion\/\"><img loading=\"lazy\" decoding=\"async\" class=\"alignnone size-full wp-image-10551\" src=\"https:\/\/www.galeriebecot.com\/wp-content\/uploads\/2016\/10\/Noel-Francine-expo.jpg\" alt=\"\" width=\"580\" height=\"934\" srcset=\"https:\/\/galeriebecot.com\/wp-content\/uploads\/2016\/10\/Noel-Francine-expo.jpg 580w, https:\/\/galeriebecot.com\/wp-content\/uploads\/2016\/10\/Noel-Francine-expo-186x300.jpg 186w\" sizes=\"auto, (max-width: 580px) 100vw, 580px\" \/><\/a><\/p>\n<p><\/p>\n<p>Par exemple, son oeuvre <em><strong>Seventine<\/strong><\/em> s&rsquo;inspire de la fresque du plafond de La Chapelle Sixtine, en Italie, peinte par Michel-Ange&#8230;L&rsquo;id\u00e9e est de pousser la r\u00e9fl\u00e9xion \u00e0 travers l&rsquo;oeuvre et la mati\u00e8re.<\/p>\n<p>Vernissage le 28 f\u00e9vrier 2019 de 17h \u00e0 19h.<\/p>\n<p><em>Vues ouvrag\u00e9es.<\/em><\/p>\n<p>Centre multifonctionnel Rolland-Dion<\/p>\n<p>160-2, place de l&rsquo;\u00c9glise, Saint-Raymond.<\/p>\n<p><a href=\"https:\/\/carolinehoude.com\/2016\/10\/06\/francine-noel-donner-a-voir-lart\/\"><img loading=\"lazy\" decoding=\"async\" class=\"alignnone size-large wp-image-5615\" src=\"https:\/\/www.galeriebecot.com\/wp-content\/uploads\/2016\/09\/Francine-No\u00ebl-536x1024.jpg\" alt=\"francine-noel\" width=\"536\" height=\"1024\" srcset=\"https:\/\/galeriebecot.com\/wp-content\/uploads\/2016\/09\/Francine-No\u00ebl-536x1024.jpg 536w, https:\/\/galeriebecot.com\/wp-content\/uploads\/2016\/09\/Francine-No\u00ebl-157x300.jpg 157w, https:\/\/galeriebecot.com\/wp-content\/uploads\/2016\/09\/Francine-No\u00ebl.jpg 568w\" sizes=\"auto, (max-width: 536px) 100vw, 536px\" \/><\/a><\/p>\n<p><a href=\"https:\/\/www.galeriebecot.com\/wp-content\/uploads\/2016\/09\/Les-combines-1.jpg\"><img loading=\"lazy\" decoding=\"async\" class=\"alignnone size-large wp-image-5436\" src=\"https:\/\/www.galeriebecot.com\/wp-content\/uploads\/2016\/09\/Les-combines-1-779x1024.jpg\" alt=\"les-combines-1\" width=\"700\" height=\"920\" srcset=\"https:\/\/galeriebecot.com\/wp-content\/uploads\/2016\/09\/Les-combines-1-779x1024.jpg 779w, https:\/\/galeriebecot.com\/wp-content\/uploads\/2016\/09\/Les-combines-1-228x300.jpg 228w, https:\/\/galeriebecot.com\/wp-content\/uploads\/2016\/09\/Les-combines-1-768x1009.jpg 768w, https:\/\/galeriebecot.com\/wp-content\/uploads\/2016\/09\/Les-combines-1.jpg 815w\" sizes=\"auto, (max-width: 700px) 100vw, 700px\" \/><\/a><\/p>\n<p><a href=\"https:\/\/www.galeriebecot.com\/wp-content\/uploads\/2016\/09\/Les-combines-2.jpg\"><img loading=\"lazy\" decoding=\"async\" class=\"alignnone size-large wp-image-5437\" src=\"https:\/\/www.galeriebecot.com\/wp-content\/uploads\/2016\/09\/Les-combines-2-757x1024.jpg\" alt=\"les-combines-2\" width=\"700\" height=\"947\" srcset=\"https:\/\/galeriebecot.com\/wp-content\/uploads\/2016\/09\/Les-combines-2-757x1024.jpg 757w, https:\/\/galeriebecot.com\/wp-content\/uploads\/2016\/09\/Les-combines-2-222x300.jpg 222w, https:\/\/galeriebecot.com\/wp-content\/uploads\/2016\/09\/Les-combines-2-768x1039.jpg 768w, https:\/\/galeriebecot.com\/wp-content\/uploads\/2016\/09\/Les-combines-2.jpg 804w\" sizes=\"auto, (max-width: 700px) 100vw, 700px\" \/><\/a><\/p>\n<p>Les combines du 2 octobre au 30 octobre 2016 \u00e0 la salle Jean Paul-Lemieux de la biblioth\u00e8que \u00c9tienne-Parent,3515,rue Clemenceau-Qu\u00e9bec.<\/p>\n<p>Artistes du collectif:H\u00e9l\u00e8ne Larouche,Francine No\u00ebl,\u00c9ric Nadeau,Denise Desch\u00easne,Claire Bienvenue,<\/p>","protected":false},"excerpt":{"rendered":"<p>Par exemple, son oeuvre Seventine s&rsquo;inspire de la fresque du plafond de La Chapelle Sixtine, en Italie, peinte par Michel-Ange&#8230;L&rsquo;id\u00e9e est de pousser la r\u00e9fl\u00e9xion \u00e0 travers l&rsquo;oeuvre et la&hellip; <\/p>\n","protected":false},"author":1,"featured_media":0,"comment_status":"open","ping_status":"open","sticky":false,"template":"","format":"standard","meta":{"_exactmetrics_skip_tracking":false,"_exactmetrics_sitenote_active":false,"_exactmetrics_sitenote_note":"","_exactmetrics_sitenote_category":0,"footnotes":""},"categories":[1],"tags":[34,1211,2741,1210,6,67,1209,1208,197,457,3548,58,2740,3547,1212,3546,37,40],"class_list":["post-5435","post","type-post","status-publish","format-standard","hentry","category-non-classe","tag-andre-becot","tag-bibliotheque-etienne-parent","tag-centre-multifonctionnel-rolland-dion","tag-claire-bienvenue","tag-club-des-collectionneurs-en-arts-visuels-de-quebec","tag-club-des-collectionneurs-en-arts-visuels-de-quebec-marc-bellemare","tag-denise-deschesne","tag-eric-nadeau","tag-francine-noel","tag-helene-larouche","tag-infoportneuf","tag-marc-bellemare-collectionneur","tag-roger-godbout","tag-saint-raymond","tag-salle-jean-paul-lemieux","tag-stephane-pelletier","tag-studio-becot","tag-visuals-arts"],"_links":{"self":[{"href":"https:\/\/galeriebecot.com\/index.php?rest_route=\/wp\/v2\/posts\/5435","targetHints":{"allow":["GET"]}}],"collection":[{"href":"https:\/\/galeriebecot.com\/index.php?rest_route=\/wp\/v2\/posts"}],"about":[{"href":"https:\/\/galeriebecot.com\/index.php?rest_route=\/wp\/v2\/types\/post"}],"author":[{"embeddable":true,"href":"https:\/\/galeriebecot.com\/index.php?rest_route=\/wp\/v2\/users\/1"}],"replies":[{"embeddable":true,"href":"https:\/\/galeriebecot.com\/index.php?rest_route=%2Fwp%2Fv2%2Fcomments&post=5435"}],"version-history":[{"count":14,"href":"https:\/\/galeriebecot.com\/index.php?rest_route=\/wp\/v2\/posts\/5435\/revisions"}],"predecessor-version":[{"id":13564,"href":"https:\/\/galeriebecot.com\/index.php?rest_route=\/wp\/v2\/posts\/5435\/revisions\/13564"}],"wp:attachment":[{"href":"https:\/\/galeriebecot.com\/index.php?rest_route=%2Fwp%2Fv2%2Fmedia&parent=5435"}],"wp:term":[{"taxonomy":"category","embeddable":true,"href":"https:\/\/galeriebecot.com\/index.php?rest_route=%2Fwp%2Fv2%2Fcategories&post=5435"},{"taxonomy":"post_tag","embeddable":true,"href":"https:\/\/galeriebecot.com\/index.php?rest_route=%2Fwp%2Fv2%2Ftags&post=5435"}],"curies":[{"name":"wp","href":"https:\/\/api.w.org\/{rel}","templated":true}]}}