{"id":5408,"date":"2021-11-01T14:04:00","date_gmt":"2021-11-01T18:04:00","guid":{"rendered":"http:\/\/www.clubdescollectionneursenartsvisuelsdequebec.com\/?p=5408"},"modified":"2021-11-07T16:35:56","modified_gmt":"2021-11-07T21:35:56","slug":"les-arts-dans-la-rue-un-musee-en-plein-air","status":"publish","type":"post","link":"https:\/\/galeriebecot.com\/?p=5408","title":{"rendered":"Isabelle de Blois \u00e0 la maison cr\u00e9ative Armand Vaillancourt&#8230;La Galerie 5 pr\u00e9sente l&rsquo;artiste J\u00e9r\u00e9mie Giles&#8230; Retour sur la magnifique exposition du collectif Musica"},"content":{"rendered":"\n<figure class=\"wp-block-image size-large\"><img loading=\"lazy\" decoding=\"async\" width=\"1024\" height=\"658\" src=\"https:\/\/www.galeriebecot.com\/wp-content\/uploads\/2021\/11\/Deblois-Isabelle111-1024x658.jpg\" alt=\"\" class=\"wp-image-14956\" srcset=\"https:\/\/galeriebecot.com\/wp-content\/uploads\/2021\/11\/Deblois-Isabelle111-1024x658.jpg 1024w, https:\/\/galeriebecot.com\/wp-content\/uploads\/2021\/11\/Deblois-Isabelle111-300x193.jpg 300w, https:\/\/galeriebecot.com\/wp-content\/uploads\/2021\/11\/Deblois-Isabelle111-768x493.jpg 768w, https:\/\/galeriebecot.com\/wp-content\/uploads\/2021\/11\/Deblois-Isabelle111-1536x987.jpg 1536w, https:\/\/galeriebecot.com\/wp-content\/uploads\/2021\/11\/Deblois-Isabelle111.jpg 1826w\" sizes=\"auto, (max-width: 1024px) 100vw, 1024px\" \/><\/figure>\n\n\n\n<figure class=\"wp-block-image size-large\"><a href=\"https:\/\/www.regiondelerable.ca\/fr\/activites\/81\/maison-creative-et-rurale-armand-vaillancourt\"><img loading=\"lazy\" decoding=\"async\" width=\"1024\" height=\"109\" src=\"https:\/\/www.galeriebecot.com\/wp-content\/uploads\/2021\/11\/Lien-Maison-Vaillancourt-1-1024x109.jpg\" alt=\"\" class=\"wp-image-14946\" srcset=\"https:\/\/galeriebecot.com\/wp-content\/uploads\/2021\/11\/Lien-Maison-Vaillancourt-1-1024x109.jpg 1024w, https:\/\/galeriebecot.com\/wp-content\/uploads\/2021\/11\/Lien-Maison-Vaillancourt-1-300x32.jpg 300w, https:\/\/galeriebecot.com\/wp-content\/uploads\/2021\/11\/Lien-Maison-Vaillancourt-1-768x82.jpg 768w, https:\/\/galeriebecot.com\/wp-content\/uploads\/2021\/11\/Lien-Maison-Vaillancourt-1-1536x163.jpg 1536w, https:\/\/galeriebecot.com\/wp-content\/uploads\/2021\/11\/Lien-Maison-Vaillancourt-1-2048x218.jpg 2048w\" sizes=\"auto, (max-width: 1024px) 100vw, 1024px\" \/><\/a><\/figure>\n\n\n\n<figure class=\"wp-block-image size-large\"><img loading=\"lazy\" decoding=\"async\" width=\"1024\" height=\"885\" src=\"https:\/\/www.galeriebecot.com\/wp-content\/uploads\/2020\/10\/Giles1-1024x885.jpg\" alt=\"\" class=\"wp-image-13293\" srcset=\"https:\/\/galeriebecot.com\/wp-content\/uploads\/2020\/10\/Giles1-1024x885.jpg 1024w, https:\/\/galeriebecot.com\/wp-content\/uploads\/2020\/10\/Giles1-300x259.jpg 300w, https:\/\/galeriebecot.com\/wp-content\/uploads\/2020\/10\/Giles1-768x664.jpg 768w, https:\/\/galeriebecot.com\/wp-content\/uploads\/2020\/10\/Giles1.jpg 1440w\" sizes=\"auto, (max-width: 1024px) 100vw, 1024px\" \/><\/figure>\n\n\n\n<figure class=\"wp-block-image size-large\"><img loading=\"lazy\" decoding=\"async\" width=\"925\" height=\"1024\" src=\"https:\/\/www.galeriebecot.com\/wp-content\/uploads\/2020\/10\/Giles2-925x1024.jpg\" alt=\"\" class=\"wp-image-13294\" srcset=\"https:\/\/galeriebecot.com\/wp-content\/uploads\/2020\/10\/Giles2-925x1024.jpg 925w, https:\/\/galeriebecot.com\/wp-content\/uploads\/2020\/10\/Giles2-271x300.jpg 271w, https:\/\/galeriebecot.com\/wp-content\/uploads\/2020\/10\/Giles2-768x850.jpg 768w, https:\/\/galeriebecot.com\/wp-content\/uploads\/2020\/10\/Giles2-1387x1536.jpg 1387w, https:\/\/galeriebecot.com\/wp-content\/uploads\/2020\/10\/Giles2.jpg 1428w\" sizes=\"auto, (max-width: 925px) 100vw, 925px\" \/><\/figure>\n\n\n\n<figure class=\"wp-block-image size-large\"><img loading=\"lazy\" decoding=\"async\" width=\"1024\" height=\"121\" src=\"https:\/\/www.galeriebecot.com\/wp-content\/uploads\/2020\/10\/Giles3-1024x121.jpg\" alt=\"\" class=\"wp-image-13295\" srcset=\"https:\/\/galeriebecot.com\/wp-content\/uploads\/2020\/10\/Giles3-1024x121.jpg 1024w, https:\/\/galeriebecot.com\/wp-content\/uploads\/2020\/10\/Giles3-300x36.jpg 300w, https:\/\/galeriebecot.com\/wp-content\/uploads\/2020\/10\/Giles3-768x91.jpg 768w, https:\/\/galeriebecot.com\/wp-content\/uploads\/2020\/10\/Giles3.jpg 1428w\" sizes=\"auto, (max-width: 1024px) 100vw, 1024px\" \/><\/figure>\n\n\n\n<figure class=\"wp-block-image size-large\"><img loading=\"lazy\" decoding=\"async\" width=\"944\" height=\"1024\" src=\"https:\/\/www.galeriebecot.com\/wp-content\/uploads\/2020\/10\/Giles4-944x1024.jpg\" alt=\"\" class=\"wp-image-13296\" srcset=\"https:\/\/galeriebecot.com\/wp-content\/uploads\/2020\/10\/Giles4-944x1024.jpg 944w, https:\/\/galeriebecot.com\/wp-content\/uploads\/2020\/10\/Giles4-277x300.jpg 277w, https:\/\/galeriebecot.com\/wp-content\/uploads\/2020\/10\/Giles4-768x833.jpg 768w, https:\/\/galeriebecot.com\/wp-content\/uploads\/2020\/10\/Giles4-1416x1536.jpg 1416w, https:\/\/galeriebecot.com\/wp-content\/uploads\/2020\/10\/Giles4.jpg 1452w\" sizes=\"auto, (max-width: 944px) 100vw, 944px\" \/><\/figure>\n\n\n\n<figure class=\"wp-block-image size-large\"><img loading=\"lazy\" decoding=\"async\" width=\"1000\" height=\"1024\" src=\"https:\/\/www.galeriebecot.com\/wp-content\/uploads\/2020\/10\/Giles5-1000x1024.jpg\" alt=\"\" class=\"wp-image-13297\" srcset=\"https:\/\/galeriebecot.com\/wp-content\/uploads\/2020\/10\/Giles5-1000x1024.jpg 1000w, https:\/\/galeriebecot.com\/wp-content\/uploads\/2020\/10\/Giles5-293x300.jpg 293w, https:\/\/galeriebecot.com\/wp-content\/uploads\/2020\/10\/Giles5-768x787.jpg 768w, https:\/\/galeriebecot.com\/wp-content\/uploads\/2020\/10\/Giles5.jpg 1434w\" sizes=\"auto, (max-width: 1000px) 100vw, 1000px\" \/><\/figure>\n\n\n\n<figure class=\"wp-block-image size-large\"><img loading=\"lazy\" decoding=\"async\" width=\"942\" height=\"1024\" src=\"https:\/\/www.galeriebecot.com\/wp-content\/uploads\/2020\/10\/Giles6-942x1024.jpg\" alt=\"\" class=\"wp-image-13298\" srcset=\"https:\/\/galeriebecot.com\/wp-content\/uploads\/2020\/10\/Giles6-942x1024.jpg 942w, https:\/\/galeriebecot.com\/wp-content\/uploads\/2020\/10\/Giles6-276x300.jpg 276w, https:\/\/galeriebecot.com\/wp-content\/uploads\/2020\/10\/Giles6-768x835.jpg 768w, https:\/\/galeriebecot.com\/wp-content\/uploads\/2020\/10\/Giles6-1413x1536.jpg 1413w, https:\/\/galeriebecot.com\/wp-content\/uploads\/2020\/10\/Giles6.jpg 1443w\" sizes=\"auto, (max-width: 942px) 100vw, 942px\" \/><\/figure>\n\n\n\n<figure class=\"wp-block-image size-large\"><img loading=\"lazy\" decoding=\"async\" width=\"1024\" height=\"967\" src=\"https:\/\/www.galeriebecot.com\/wp-content\/uploads\/2020\/10\/Giles7-1024x967.jpg\" alt=\"\" class=\"wp-image-13299\" srcset=\"https:\/\/galeriebecot.com\/wp-content\/uploads\/2020\/10\/Giles7-1024x967.jpg 1024w, https:\/\/galeriebecot.com\/wp-content\/uploads\/2020\/10\/Giles7-300x283.jpg 300w, https:\/\/galeriebecot.com\/wp-content\/uploads\/2020\/10\/Giles7-768x725.jpg 768w, https:\/\/galeriebecot.com\/wp-content\/uploads\/2020\/10\/Giles7.jpg 1443w\" sizes=\"auto, (max-width: 1024px) 100vw, 1024px\" \/><\/figure>\n\n\n\n<figure class=\"wp-block-image size-large\"><img loading=\"lazy\" decoding=\"async\" width=\"943\" height=\"1024\" src=\"https:\/\/www.galeriebecot.com\/wp-content\/uploads\/2020\/10\/Giles8-943x1024.jpg\" alt=\"\" class=\"wp-image-13300\" srcset=\"https:\/\/galeriebecot.com\/wp-content\/uploads\/2020\/10\/Giles8-943x1024.jpg 943w, https:\/\/galeriebecot.com\/wp-content\/uploads\/2020\/10\/Giles8-276x300.jpg 276w, https:\/\/galeriebecot.com\/wp-content\/uploads\/2020\/10\/Giles8-768x834.jpg 768w, https:\/\/galeriebecot.com\/wp-content\/uploads\/2020\/10\/Giles8-1415x1536.jpg 1415w, https:\/\/galeriebecot.com\/wp-content\/uploads\/2020\/10\/Giles8.jpg 1440w\" sizes=\"auto, (max-width: 943px) 100vw, 943px\" \/><\/figure>\n\n\n\n<figure class=\"wp-block-image size-large\"><img loading=\"lazy\" decoding=\"async\" width=\"1024\" height=\"197\" src=\"https:\/\/www.galeriebecot.com\/wp-content\/uploads\/2020\/10\/Giles9-1024x197.jpg\" alt=\"\" class=\"wp-image-13301\" srcset=\"https:\/\/galeriebecot.com\/wp-content\/uploads\/2020\/10\/Giles9-1024x197.jpg 1024w, https:\/\/galeriebecot.com\/wp-content\/uploads\/2020\/10\/Giles9-300x58.jpg 300w, https:\/\/galeriebecot.com\/wp-content\/uploads\/2020\/10\/Giles9-768x148.jpg 768w, https:\/\/galeriebecot.com\/wp-content\/uploads\/2020\/10\/Giles9.jpg 1437w\" sizes=\"auto, (max-width: 1024px) 100vw, 1024px\" \/><\/figure>\n\n\n<p><\/p>\n<h3><span style=\"color: #000000;\"><strong><em>Le collectif Musica.<\/em><\/strong><\/span><\/h3>\n<p>Fran\u00e7ois Lapierre, Andr\u00e9 B\u00e9cot, Benoit Levesque , Pierre Lanoie, Renald Brisebois, Aristide Gagnon, Collette Matte, Micheline Fournier, Christine Bouchard, C\u00e9line Lapointe, Carol Poulin, Francine Noel, Don Darby, Jeremy Giles, Marie Rioux, Roger Fournier, Serge Phillippe Tremblay, Renald Brisebois,Jacques Sylvain.<\/p>\n<p><a href=\"https:\/\/www.galeriebecot.com\/wp-content\/uploads\/2016\/09\/galerie-culture.jpg\"><img loading=\"lazy\" decoding=\"async\" class=\"size-full wp-image-5484\" src=\"https:\/\/www.galeriebecot.com\/wp-content\/uploads\/2016\/09\/galerie-culture.jpg\" alt=\"OLYMPUS DIGITAL CAMERA\" width=\"720\" height=\"632\" srcset=\"https:\/\/galeriebecot.com\/wp-content\/uploads\/2016\/09\/galerie-culture.jpg 720w, https:\/\/galeriebecot.com\/wp-content\/uploads\/2016\/09\/galerie-culture-300x263.jpg 300w\" sizes=\"auto, (max-width: 720px) 100vw, 720px\" \/><\/a><\/p>\n<p><a href=\"https:\/\/www.galeriebecot.com\/wp-content\/uploads\/2016\/10\/Jerome-Carol-Don.jpg\"><img loading=\"lazy\" decoding=\"async\" class=\"size-full wp-image-5543\" src=\"https:\/\/www.galeriebecot.com\/wp-content\/uploads\/2016\/10\/Jerome-Carol-Don.jpg\" alt=\"OLYMPUS DIGITAL CAMERA\" width=\"720\" height=\"408\" srcset=\"https:\/\/galeriebecot.com\/wp-content\/uploads\/2016\/10\/Jerome-Carol-Don.jpg 720w, https:\/\/galeriebecot.com\/wp-content\/uploads\/2016\/10\/Jerome-Carol-Don-300x170.jpg 300w\" sizes=\"auto, (max-width: 720px) 100vw, 720px\" \/><\/a><\/p>\n<p><span class=\"Apple-style-span\">J\u00e9r\u00f4me Morisette,Carol Poulin et Don Darby (studio B\u00e9cot le 2 octobre 2016)<\/span><\/p>\n<p><a href=\"https:\/\/www.galeriebecot.com\/wp-content\/uploads\/2016\/10\/Carol-Poulin.jpg\"><img loading=\"lazy\" decoding=\"async\" class=\"alignnone size-full wp-image-5561\" src=\"https:\/\/www.galeriebecot.com\/wp-content\/uploads\/2016\/10\/Carol-Poulin.jpg\" alt=\"carol-poulin\" width=\"576\" height=\"384\" srcset=\"https:\/\/galeriebecot.com\/wp-content\/uploads\/2016\/10\/Carol-Poulin.jpg 576w, https:\/\/galeriebecot.com\/wp-content\/uploads\/2016\/10\/Carol-Poulin-300x200.jpg 300w\" sizes=\"auto, (max-width: 576px) 100vw, 576px\" \/><\/a><\/p>\n<p>Carol Poulin,&nbsp;artiste et restaurateur d&rsquo;oeuvres d&rsquo;art : <em>cr\u00e9dit photo Serge Philippe Tremblay<\/em><\/p>\n<p><a href=\"https:\/\/www.galeriebecot.com\/wp-content\/uploads\/2016\/10\/Christine-Bouchard.jpg\"><img loading=\"lazy\" decoding=\"async\" class=\"alignnone size-full wp-image-5563\" src=\"https:\/\/www.galeriebecot.com\/wp-content\/uploads\/2016\/10\/Christine-Bouchard.jpg\" alt=\"christine-bouchard\" width=\"503\" height=\"384\" srcset=\"https:\/\/galeriebecot.com\/wp-content\/uploads\/2016\/10\/Christine-Bouchard.jpg 503w, https:\/\/galeriebecot.com\/wp-content\/uploads\/2016\/10\/Christine-Bouchard-300x229.jpg 300w\" sizes=\"auto, (max-width: 503px) 100vw, 503px\" \/><\/a><\/p>\n<p>Christine Bouchard, artiste :&nbsp;<em>cr\u00e9dit photo Serge Philippe Tremblay<\/em><\/p>\n<p><a href=\"https:\/\/www.galeriebecot.com\/wp-content\/uploads\/2016\/10\/Don-Darby.jpg\"><img loading=\"lazy\" decoding=\"async\" class=\"alignnone size-full wp-image-5564\" src=\"https:\/\/www.galeriebecot.com\/wp-content\/uploads\/2016\/10\/Don-Darby.jpg\" alt=\"don-darby\" width=\"360\" height=\"540\" srcset=\"https:\/\/galeriebecot.com\/wp-content\/uploads\/2016\/10\/Don-Darby.jpg 360w, https:\/\/galeriebecot.com\/wp-content\/uploads\/2016\/10\/Don-Darby-200x300.jpg 200w\" sizes=\"auto, (max-width: 360px) 100vw, 360px\" \/><\/a><\/p>\n<p>Don Darby, artiste :&nbsp;<em>cr\u00e9dit photo Serge Philippe Tremblay<\/em><\/p>\n<p><a href=\"https:\/\/www.galeriebecot.com\/wp-content\/uploads\/2016\/10\/Jean-Provencher.jpg\"><img loading=\"lazy\" decoding=\"async\" class=\"alignnone size-full wp-image-5568\" src=\"https:\/\/www.galeriebecot.com\/wp-content\/uploads\/2016\/10\/Jean-Provencher.jpg\" alt=\"jean-provencher\" width=\"648\" height=\"433\" srcset=\"https:\/\/galeriebecot.com\/wp-content\/uploads\/2016\/10\/Jean-Provencher.jpg 648w, https:\/\/galeriebecot.com\/wp-content\/uploads\/2016\/10\/Jean-Provencher-300x200.jpg 300w\" sizes=\"auto, (max-width: 648px) 100vw, 648px\" \/><\/a><\/p>\n<p>Jean Provencher,historien :&nbsp;<em>cr\u00e9dit photo Serge Philippe Tremblay<\/em><\/p>\n<p><a href=\"https:\/\/www.galeriebecot.com\/wp-content\/uploads\/2016\/10\/Pierre-Lanoie.jpg\"><img loading=\"lazy\" decoding=\"async\" class=\"alignnone size-full wp-image-5570\" src=\"https:\/\/www.galeriebecot.com\/wp-content\/uploads\/2016\/10\/Pierre-Lanoie.jpg\" alt=\"pierre-lanoie\" width=\"504\" height=\"364\" srcset=\"https:\/\/galeriebecot.com\/wp-content\/uploads\/2016\/10\/Pierre-Lanoie.jpg 504w, https:\/\/galeriebecot.com\/wp-content\/uploads\/2016\/10\/Pierre-Lanoie-300x217.jpg 300w\" sizes=\"auto, (max-width: 504px) 100vw, 504px\" \/><\/a><\/p>\n<p>Pierre Lanoie,artiste :&nbsp;<em>cr\u00e9dit photo Serge Philippe Tremblay<\/em><\/p>\n<p><a href=\"https:\/\/www.galeriebecot.com\/wp-content\/uploads\/2016\/10\/Renald-BriseboisAristide-Gagnon.jpg\"><img loading=\"lazy\" decoding=\"async\" class=\"alignnone size-full wp-image-5572\" src=\"https:\/\/www.galeriebecot.com\/wp-content\/uploads\/2016\/10\/Renald-BriseboisAristide-Gagnon.jpg\" alt=\"renald-briseboisaristide-gagnon\" width=\"576\" height=\"384\" srcset=\"https:\/\/galeriebecot.com\/wp-content\/uploads\/2016\/10\/Renald-BriseboisAristide-Gagnon.jpg 576w, https:\/\/galeriebecot.com\/wp-content\/uploads\/2016\/10\/Renald-BriseboisAristide-Gagnon-300x200.jpg 300w\" sizes=\"auto, (max-width: 576px) 100vw, 576px\" \/><\/a><\/p>\n<p>Renald Brisebois et Aristide Gagnon,artistes :dans l&rsquo;atelier de Jacques Lacasse ,artiste :<em>cr\u00e9dit photo Serge Philippe Tremblay<\/em><\/p>\n<p><a href=\"https:\/\/www.galeriebecot.com\/wp-content\/uploads\/2016\/10\/Serge-Philippe-Tremblay.jpg\"><img loading=\"lazy\" decoding=\"async\" class=\"alignnone size-full wp-image-5574\" src=\"https:\/\/www.galeriebecot.com\/wp-content\/uploads\/2016\/10\/Serge-Philippe-Tremblay.jpg\" alt=\"serge-philippe-tremblay\" width=\"483\" height=\"384\" srcset=\"https:\/\/galeriebecot.com\/wp-content\/uploads\/2016\/10\/Serge-Philippe-Tremblay.jpg 483w, https:\/\/galeriebecot.com\/wp-content\/uploads\/2016\/10\/Serge-Philippe-Tremblay-300x239.jpg 300w\" sizes=\"auto, (max-width: 483px) 100vw, 483px\" \/><\/a><\/p>\n<p>Serge Philippe Tremblay,photographe :&nbsp;<em>cr\u00e9dit photo Serge Philippe Tremblay<\/em><\/p>\n<div id=\"attachment_5577\" style=\"width: 374px\" class=\"wp-caption alignnone\"><a href=\"https:\/\/www.galeriebecot.com\/wp-content\/uploads\/2016\/10\/Andre-Becot.jpg\"><img loading=\"lazy\" decoding=\"async\" aria-describedby=\"caption-attachment-5577\" class=\" wp-image-5577\" src=\"https:\/\/www.galeriebecot.com\/wp-content\/uploads\/2016\/10\/Andre-Becot.jpg\" alt=\"OLYMPUS DIGITAL CAMERA\" width=\"364\" height=\"675\"><\/a><p id=\"caption-attachment-5577\" class=\"wp-caption-text\">Andr\u00e9 B\u00e9cot,artiste : R\u00eaver un impossible r\u00eave &nbsp;:Acrylique<\/p><\/div>\n<p><a href=\"https:\/\/www.galeriebecot.com\/wp-content\/uploads\/2016\/09\/culture-bon.jpg\"><img loading=\"lazy\" decoding=\"async\" class=\"alignnone size-full wp-image-5415\" src=\"https:\/\/www.galeriebecot.com\/wp-content\/uploads\/2016\/09\/culture-bon.jpg\" alt=\"culture-bon\" width=\"768\" height=\"983\" srcset=\"https:\/\/galeriebecot.com\/wp-content\/uploads\/2016\/09\/culture-bon.jpg 768w, https:\/\/galeriebecot.com\/wp-content\/uploads\/2016\/09\/culture-bon-234x300.jpg 234w\" sizes=\"auto, (max-width: 768px) 100vw, 768px\" \/><\/a><\/p>\n<p><a href=\"https:\/\/www.galeriebecot.com\/wp-content\/uploads\/2016\/09\/SylvainLanoiePoulin.jpg\"><img loading=\"lazy\" decoding=\"async\" class=\"alignnone size-full wp-image-5454\" src=\"https:\/\/www.galeriebecot.com\/wp-content\/uploads\/2016\/09\/SylvainLanoiePoulin.jpg\" alt=\"sylvainlanoiepoulin\" width=\"1006\" height=\"374\" srcset=\"https:\/\/galeriebecot.com\/wp-content\/uploads\/2016\/09\/SylvainLanoiePoulin.jpg 1006w, https:\/\/galeriebecot.com\/wp-content\/uploads\/2016\/09\/SylvainLanoiePoulin-300x112.jpg 300w, https:\/\/galeriebecot.com\/wp-content\/uploads\/2016\/09\/SylvainLanoiePoulin-768x286.jpg 768w\" sizes=\"auto, (max-width: 1006px) 100vw, 1006px\" \/><\/a><\/p>\n<p><\/p>\n<p><strong>La maison des m\u00e9tiers d&rsquo;art<\/strong> et la Galerie B\u00e9cot,en partenariat avec l&rsquo;Arrondissement de la Cit\u00e9-Limoilou,r\u00e9p\u00e8tent cette ann\u00e9e l&rsquo;\u00e9v\u00e9nement <em>L&rsquo;art dans la rue!&nbsp;<\/em>Les 1er et 2 octobre 2016 de 12 \u00e0 17h,des artistes exposeront dans la rue De Sainte-H\u00e9l\u00e8ne,qui sera ferm\u00e9e \u00e0 la circulation entre les rues Dorchester et de la Couronne pour l&rsquo;occasion.<\/p>\n<p><a href=\"https:\/\/www.galeriebecot.com\/wp-content\/uploads\/2016\/10\/Ksenia.jpg\"><img loading=\"lazy\" decoding=\"async\" class=\"alignnone size-full wp-image-5545\" src=\"https:\/\/www.galeriebecot.com\/wp-content\/uploads\/2016\/10\/Ksenia.jpg\" alt=\"ksenia\" width=\"576\" height=\"324\" srcset=\"https:\/\/galeriebecot.com\/wp-content\/uploads\/2016\/10\/Ksenia.jpg 576w, https:\/\/galeriebecot.com\/wp-content\/uploads\/2016\/10\/Ksenia-300x169.jpg 300w\" sizes=\"auto, (max-width: 576px) 100vw, 576px\" \/><\/a><\/p>\n<p>Ks\u00e9nia Kiseleva (artiste textile) ksenia@metierdore.ca<\/p>\n<p><a href=\"https:\/\/www.galeriebecot.com\/wp-content\/uploads\/2016\/10\/Marie-Fauve-Belanger.jpg\"><img loading=\"lazy\" decoding=\"async\" class=\"alignnone size-full wp-image-5547\" src=\"https:\/\/www.galeriebecot.com\/wp-content\/uploads\/2016\/10\/Marie-Fauve-Belanger.jpg\" alt=\"marie-fauve-belanger\" width=\"576\" height=\"324\" srcset=\"https:\/\/galeriebecot.com\/wp-content\/uploads\/2016\/10\/Marie-Fauve-Belanger.jpg 576w, https:\/\/galeriebecot.com\/wp-content\/uploads\/2016\/10\/Marie-Fauve-Belanger-300x169.jpg 300w\" sizes=\"auto, (max-width: 576px) 100vw, 576px\" \/><\/a><\/p>\n<p>Marie-Fauve B\u00e9langer (sculpture)<\/p>\n<div id=\"attachment_5488\" style=\"width: 586px\" class=\"wp-caption alignnone\"><a href=\"https:\/\/www.galeriebecot.com\/wp-content\/uploads\/2016\/09\/Sarah-Mitchell.jpg\"><img loading=\"lazy\" decoding=\"async\" aria-describedby=\"caption-attachment-5488\" class=\"size-full wp-image-5488\" src=\"https:\/\/www.galeriebecot.com\/wp-content\/uploads\/2016\/09\/Sarah-Mitchell.jpg\" alt=\"OLYMPUS DIGITAL CAMERA\" width=\"576\" height=\"432\" srcset=\"https:\/\/galeriebecot.com\/wp-content\/uploads\/2016\/09\/Sarah-Mitchell.jpg 576w, https:\/\/galeriebecot.com\/wp-content\/uploads\/2016\/09\/Sarah-Mitchell-300x225.jpg 300w\" sizes=\"auto, (max-width: 576px) 100vw, 576px\" \/><\/a><p id=\"caption-attachment-5488\" class=\"wp-caption-text\">Sarah Mitchell (c\u00e9ramique)<\/p><\/div>\n<p><strong>Atelier de la corde \u00e0 linge 342&nbsp;rue Sainte-H\u00e9l\u00e8ne<\/strong><\/p>\n<p><a href=\"https:\/\/www.galeriebecot.com\/wp-content\/uploads\/2016\/10\/Cordes-a-linge.jpg\"><img loading=\"lazy\" decoding=\"async\" class=\"size-full wp-image-5548\" src=\"https:\/\/www.galeriebecot.com\/wp-content\/uploads\/2016\/10\/Cordes-a-linge.jpg\" alt=\"OLYMPUS DIGITAL CAMERA\" width=\"587\" height=\"439\" srcset=\"https:\/\/galeriebecot.com\/wp-content\/uploads\/2016\/10\/Cordes-a-linge.jpg 587w, https:\/\/galeriebecot.com\/wp-content\/uploads\/2016\/10\/Cordes-a-linge-300x224.jpg 300w\" sizes=\"auto, (max-width: 587px) 100vw, 587px\" \/><\/a><\/p>\n<p><span class=\"Apple-style-span\">Jacques Lacasse ( artiste ) Serge Philippe Tremblay et Clo\u00e9 Robin (photographes)<\/span><\/p>\n<p><strong>Artistes dans la rue :<\/strong><\/p>\n<p>Renald Brisebois,Bruno Champagne,Jacques Sylvain,Rebecca Mass\u00e9,Pierre Bouchard,V\u00e9ronique Lagrange,Michel Nigen,J\u00e9remie Foug\u00e8re Landry,Gilles Cot\u00e9<\/p>\n<p><a href=\"https:\/\/www.galeriebecot.com\/wp-content\/uploads\/2016\/10\/Michel-Dufresne-Vue-Aerienne.jpg\"><img loading=\"lazy\" decoding=\"async\" class=\"alignnone wp-image-5550\" src=\"https:\/\/www.galeriebecot.com\/wp-content\/uploads\/2016\/10\/Michel-Dufresne-Vue-Aerienne-731x1024.jpg\" alt=\"michel-dufresne-vue-aerienne\" width=\"428\" height=\"633\"><\/a><\/p>\n<p>Credit Photo ( Michel Dufresne)<\/p>\n<p><a href=\"https:\/\/www.galeriebecot.com\/wp-content\/uploads\/2016\/09\/Rue-1.jpg\"><img loading=\"lazy\" decoding=\"async\" class=\"alignnone size-full wp-image-5493\" src=\"https:\/\/www.galeriebecot.com\/wp-content\/uploads\/2016\/09\/Rue-1.jpg\" alt=\"rue-1\" width=\"432\" height=\"768\" srcset=\"https:\/\/galeriebecot.com\/wp-content\/uploads\/2016\/09\/Rue-1.jpg 432w, https:\/\/galeriebecot.com\/wp-content\/uploads\/2016\/09\/Rue-1-169x300.jpg 169w\" sizes=\"auto, (max-width: 432px) 100vw, 432px\" \/><\/a><\/p>\n<p>Kiosque de Jacques Sylvain, Renald Brisebois(artistes peintres)<\/p>\n<p><a href=\"https:\/\/www.galeriebecot.com\/wp-content\/uploads\/2016\/10\/Tremblay-Jeremy.jpg\"><img loading=\"lazy\" decoding=\"async\" class=\"alignnone size-full wp-image-5552\" src=\"https:\/\/www.galeriebecot.com\/wp-content\/uploads\/2016\/10\/Tremblay-Jeremy.jpg\" alt=\"tremblay-jeremy\" width=\"576\" height=\"324\" srcset=\"https:\/\/galeriebecot.com\/wp-content\/uploads\/2016\/10\/Tremblay-Jeremy.jpg 576w, https:\/\/galeriebecot.com\/wp-content\/uploads\/2016\/10\/Tremblay-Jeremy-300x169.jpg 300w\" sizes=\"auto, (max-width: 576px) 100vw, 576px\" \/><\/a><\/p>\n<p><span class=\"Apple-style-span\">J\u00e9r\u00e9mie Foug\u00e8re-Landry (artiste)<\/span><\/p>\n<div id=\"attachment_5495\" style=\"width: 730px\" class=\"wp-caption alignnone\"><a href=\"https:\/\/www.galeriebecot.com\/wp-content\/uploads\/2016\/09\/Katia.jpg\"><img loading=\"lazy\" decoding=\"async\" aria-describedby=\"caption-attachment-5495\" class=\"size-full wp-image-5495\" src=\"https:\/\/www.galeriebecot.com\/wp-content\/uploads\/2016\/09\/Katia.jpg\" alt=\"OLYMPUS DIGITAL CAMERA\" width=\"720\" height=\"468\" srcset=\"https:\/\/galeriebecot.com\/wp-content\/uploads\/2016\/09\/Katia.jpg 720w, https:\/\/galeriebecot.com\/wp-content\/uploads\/2016\/09\/Katia-300x195.jpg 300w\" sizes=\"auto, (max-width: 720px) 100vw, 720px\" \/><\/a><p id=\"caption-attachment-5495\" class=\"wp-caption-text\">V\u00e9ronique Lagrange Rebecca Mass\u00e9 (artistes peintres)<\/p><\/div>\n<p><a href=\"https:\/\/www.galeriebecot.com\/wp-content\/uploads\/2016\/10\/Levesque.jpg\"><img loading=\"lazy\" decoding=\"async\" class=\"size-full wp-image-5554\" src=\"https:\/\/www.galeriebecot.com\/wp-content\/uploads\/2016\/10\/Levesque.jpg\" alt=\"OLYMPUS DIGITAL CAMERA\" width=\"720\" height=\"683\" srcset=\"https:\/\/galeriebecot.com\/wp-content\/uploads\/2016\/10\/Levesque.jpg 720w, https:\/\/galeriebecot.com\/wp-content\/uploads\/2016\/10\/Levesque-300x285.jpg 300w\" sizes=\"auto, (max-width: 720px) 100vw, 720px\" \/><\/a><\/p>\n<p><span class=\"Apple-style-span\">Benoit L\u00e9vesque (artiste peintre)<\/span><\/p>\n<div id=\"attachment_5497\" style=\"width: 730px\" class=\"wp-caption alignnone\"><a href=\"https:\/\/www.galeriebecot.com\/wp-content\/uploads\/2016\/09\/Michel-Nigen.jpg\"><img loading=\"lazy\" decoding=\"async\" aria-describedby=\"caption-attachment-5497\" class=\"size-full wp-image-5497\" src=\"https:\/\/www.galeriebecot.com\/wp-content\/uploads\/2016\/09\/Michel-Nigen.jpg\" alt=\"OLYMPUS DIGITAL CAMERA\" width=\"720\" height=\"628\" srcset=\"https:\/\/galeriebecot.com\/wp-content\/uploads\/2016\/09\/Michel-Nigen.jpg 720w, https:\/\/galeriebecot.com\/wp-content\/uploads\/2016\/09\/Michel-Nigen-300x262.jpg 300w\" sizes=\"auto, (max-width: 720px) 100vw, 720px\" \/><\/a><p id=\"caption-attachment-5497\" class=\"wp-caption-text\">Michel Nigen (artiste peintre)<\/p><\/div>\n<p><a href=\"https:\/\/www.galeriebecot.com\/wp-content\/uploads\/2016\/09\/Bouchard-Pierre.jpg\"><img loading=\"lazy\" decoding=\"async\" class=\"size-full wp-image-5500\" src=\"https:\/\/www.galeriebecot.com\/wp-content\/uploads\/2016\/09\/Bouchard-Pierre.jpg\" alt=\"OLYMPUS DIGITAL CAMERA\" width=\"576\" height=\"432\" srcset=\"https:\/\/galeriebecot.com\/wp-content\/uploads\/2016\/09\/Bouchard-Pierre.jpg 576w, https:\/\/galeriebecot.com\/wp-content\/uploads\/2016\/09\/Bouchard-Pierre-300x225.jpg 300w\" sizes=\"auto, (max-width: 576px) 100vw, 576px\" \/><\/a><\/p>\n<p><a href=\"https:\/\/www.galeriebecot.com\/wp-content\/uploads\/2016\/09\/Bouchard-Pierre-1.jpg\"><img loading=\"lazy\" decoding=\"async\" class=\"alignnone size-full wp-image-5501\" src=\"https:\/\/www.galeriebecot.com\/wp-content\/uploads\/2016\/09\/Bouchard-Pierre-1.jpg\" alt=\"bouchard-pierre-1\" width=\"504\" height=\"896\" srcset=\"https:\/\/galeriebecot.com\/wp-content\/uploads\/2016\/09\/Bouchard-Pierre-1.jpg 504w, https:\/\/galeriebecot.com\/wp-content\/uploads\/2016\/09\/Bouchard-Pierre-1-169x300.jpg 169w\" sizes=\"auto, (max-width: 504px) 100vw, 504px\" \/><\/a><\/p>\n<p><a href=\"https:\/\/www.galeriebecot.com\/wp-content\/uploads\/2016\/10\/Pierre-Bouchard-1.jpg\"><img loading=\"lazy\" decoding=\"async\" class=\"alignnone size-full wp-image-5581\" src=\"https:\/\/www.galeriebecot.com\/wp-content\/uploads\/2016\/10\/Pierre-Bouchard-1.jpg\" alt=\"pierre-bouchard-1\" width=\"449\" height=\"382\" srcset=\"https:\/\/galeriebecot.com\/wp-content\/uploads\/2016\/10\/Pierre-Bouchard-1.jpg 449w, https:\/\/galeriebecot.com\/wp-content\/uploads\/2016\/10\/Pierre-Bouchard-1-300x255.jpg 300w\" sizes=\"auto, (max-width: 449px) 100vw, 449px\" \/><\/a><\/p>\n<p>Pierre Bouchard (artiste peintre)<\/p>\n<div id=\"attachment_5490\" style=\"width: 586px\" class=\"wp-caption alignnone\"><a href=\"https:\/\/www.galeriebecot.com\/wp-content\/uploads\/2016\/09\/Bruno-Champagne.jpg\"><img loading=\"lazy\" decoding=\"async\" aria-describedby=\"caption-attachment-5490\" class=\"size-full wp-image-5490\" src=\"https:\/\/www.galeriebecot.com\/wp-content\/uploads\/2016\/09\/Bruno-Champagne.jpg\" alt=\"OLYMPUS DIGITAL CAMERA\" width=\"576\" height=\"627\" srcset=\"https:\/\/galeriebecot.com\/wp-content\/uploads\/2016\/09\/Bruno-Champagne.jpg 576w, https:\/\/galeriebecot.com\/wp-content\/uploads\/2016\/09\/Bruno-Champagne-276x300.jpg 276w\" sizes=\"auto, (max-width: 576px) 100vw, 576px\" \/><\/a><p id=\"caption-attachment-5490\" class=\"wp-caption-text\">Bruno Champagne (sculpteur)<\/p><\/div>\n<p><a href=\"https:\/\/www.galeriebecot.com\/wp-content\/uploads\/2016\/09\/rue6.jpg\"><img loading=\"lazy\" decoding=\"async\" class=\"alignnone size-full wp-image-5503\" src=\"https:\/\/www.galeriebecot.com\/wp-content\/uploads\/2016\/09\/rue6.jpg\" alt=\"rue6\" width=\"576\" height=\"324\" srcset=\"https:\/\/galeriebecot.com\/wp-content\/uploads\/2016\/09\/rue6.jpg 576w, https:\/\/galeriebecot.com\/wp-content\/uploads\/2016\/09\/rue6-300x169.jpg 300w\" sizes=\"auto, (max-width: 576px) 100vw, 576px\" \/><\/a><\/p>\n<p>Renald Brisebois (artiste peintre)<\/p>\n<p><a href=\"https:\/\/www.galeriebecot.com\/wp-content\/uploads\/2016\/10\/Cineastes.jpg\"><img loading=\"lazy\" decoding=\"async\" class=\"size-full wp-image-5556\" src=\"https:\/\/www.galeriebecot.com\/wp-content\/uploads\/2016\/10\/Cineastes.jpg\" alt=\"OLYMPUS DIGITAL CAMERA\" width=\"576\" height=\"439\" srcset=\"https:\/\/galeriebecot.com\/wp-content\/uploads\/2016\/10\/Cineastes.jpg 576w, https:\/\/galeriebecot.com\/wp-content\/uploads\/2016\/10\/Cineastes-300x229.jpg 300w\" sizes=\"auto, (max-width: 576px) 100vw, 576px\" \/><\/a><\/p>\n<p><strong>\u00c9quipe de tournage:<\/strong> Isabelle Kenny-Robichaud,Jade Garon,Thomas Tremblay<\/p>\n<div id=\"attachment_5504\" style=\"width: 730px\" class=\"wp-caption alignnone\"><a href=\"https:\/\/www.galeriebecot.com\/wp-content\/uploads\/2016\/09\/Art-Visuel-Laval.jpg\"><img loading=\"lazy\" decoding=\"async\" aria-describedby=\"caption-attachment-5504\" class=\"size-full wp-image-5504\" src=\"https:\/\/www.galeriebecot.com\/wp-content\/uploads\/2016\/09\/Art-Visuel-Laval.jpg\" alt=\"OLYMPUS DIGITAL CAMERA\" width=\"720\" height=\"490\" srcset=\"https:\/\/galeriebecot.com\/wp-content\/uploads\/2016\/09\/Art-Visuel-Laval.jpg 720w, https:\/\/galeriebecot.com\/wp-content\/uploads\/2016\/09\/Art-Visuel-Laval-300x204.jpg 300w\" sizes=\"auto, (max-width: 720px) 100vw, 720px\" \/><\/a><p id=\"caption-attachment-5504\" class=\"wp-caption-text\">Work in progress, Atelier Universit\u00e9 Laval<\/p><\/div>","protected":false},"excerpt":{"rendered":"<p>Le collectif Musica. Fran\u00e7ois Lapierre, Andr\u00e9 B\u00e9cot, Benoit Levesque , Pierre Lanoie, Renald Brisebois, Aristide Gagnon, Collette Matte, Micheline Fournier, Christine Bouchard, C\u00e9line Lapointe, Carol Poulin, Francine Noel, Don Darby,&hellip; <\/p>\n","protected":false},"author":1,"featured_media":0,"comment_status":"open","ping_status":"open","sticky":false,"template":"","format":"standard","meta":{"_exactmetrics_skip_tracking":false,"_exactmetrics_sitenote_active":false,"_exactmetrics_sitenote_note":"","_exactmetrics_sitenote_category":0,"footnotes":""},"categories":[27,17,18,19],"tags":[34,3453,43,5,1216,564,66,120,35,350,112,3454,1217,1224,3996,1235,3452,817,1218,1219,853,2623,352,1220,4081,58,1221,1215,1194,1150,351,37,78,122,1222,443,40],"class_list":["post-5408","post","type-post","status-publish","format-standard","hentry","category-artistes","category-conference","category-evenement","category-vernissage","tag-andre-becot","tag-anne-marie-gravel","tag-arts-visuels","tag-becot","tag-bouchard","tag-carol-poulin","tag-club-des-collectionneurs-en-arts-visuels-de-quebec-studio-becot","tag-darby","tag-foire-en-arts-actuel","tag-fournier","tag-gagnon","tag-galerie5","tag-giles","tag-inrs","tag-isabelle-deblois","tag-jeremie-fougere-landry","tag-jeremie-giles","tag-johanne-cormier","tag-lanoie","tag-lapierre","tag-lapointe","tag-lequotidien","tag-les-journees-de-la-culture","tag-levesque","tag-maison-creative-et-rurale-armand-vaillancourt","tag-marc-bellemare-collectionneur","tag-matte","tag-mmaq","tag-poulin","tag-rejeanne-lamothe","tag-rioux","tag-studio-becot","tag-studio-galerie-becot","tag-sylvain","tag-tremblay","tag-ville-de-quebec","tag-visuals-arts"],"_links":{"self":[{"href":"https:\/\/galeriebecot.com\/index.php?rest_route=\/wp\/v2\/posts\/5408","targetHints":{"allow":["GET"]}}],"collection":[{"href":"https:\/\/galeriebecot.com\/index.php?rest_route=\/wp\/v2\/posts"}],"about":[{"href":"https:\/\/galeriebecot.com\/index.php?rest_route=\/wp\/v2\/types\/post"}],"author":[{"embeddable":true,"href":"https:\/\/galeriebecot.com\/index.php?rest_route=\/wp\/v2\/users\/1"}],"replies":[{"embeddable":true,"href":"https:\/\/galeriebecot.com\/index.php?rest_route=%2Fwp%2Fv2%2Fcomments&post=5408"}],"version-history":[{"count":73,"href":"https:\/\/galeriebecot.com\/index.php?rest_route=\/wp\/v2\/posts\/5408\/revisions"}],"predecessor-version":[{"id":14957,"href":"https:\/\/galeriebecot.com\/index.php?rest_route=\/wp\/v2\/posts\/5408\/revisions\/14957"}],"wp:attachment":[{"href":"https:\/\/galeriebecot.com\/index.php?rest_route=%2Fwp%2Fv2%2Fmedia&parent=5408"}],"wp:term":[{"taxonomy":"category","embeddable":true,"href":"https:\/\/galeriebecot.com\/index.php?rest_route=%2Fwp%2Fv2%2Fcategories&post=5408"},{"taxonomy":"post_tag","embeddable":true,"href":"https:\/\/galeriebecot.com\/index.php?rest_route=%2Fwp%2Fv2%2Ftags&post=5408"}],"curies":[{"name":"wp","href":"https:\/\/api.w.org\/{rel}","templated":true}]}}