{"id":5335,"date":"2019-02-03T12:30:35","date_gmt":"2019-02-03T17:30:35","guid":{"rendered":"http:\/\/www.clubdescollectionneursenartsvisuelsdequebec.com\/?p=5335"},"modified":"2019-02-19T17:02:11","modified_gmt":"2019-02-19T22:02:11","slug":"marc-bellemarecollectionneur-a-dimension-sociale","status":"publish","type":"post","link":"https:\/\/galeriebecot.com\/?p=5335","title":{"rendered":"Marc Bellemare: Les grands entretiens et implication dans le monde de l&rsquo;art."},"content":{"rendered":"<p><a href=\"https:\/\/ici.radio-canada.ca\/premiere\/emissions\/les-grands-entretiens\"><img loading=\"lazy\" decoding=\"async\" class=\"alignnone size-full wp-image-10219\" src=\"https:\/\/www.galeriebecot.com\/wp-content\/uploads\/2019\/01\/Bureau-Interview.jpg\" alt=\"\" width=\"477\" height=\"361\" srcset=\"https:\/\/galeriebecot.com\/wp-content\/uploads\/2019\/01\/Bureau-Interview.jpg 477w, https:\/\/galeriebecot.com\/wp-content\/uploads\/2019\/01\/Bureau-Interview-300x227.jpg 300w\" sizes=\"auto, (max-width: 477px) 100vw, 477px\" \/><\/a><\/p>\n<p>Rencontre entre St\u00e9phan Bureau et Marc Bellemare . Interview le 26 janvier 2019.<\/p>\n<p><a href=\"https:\/\/www.galeriebecot.com\/wp-content\/uploads\/2019\/01\/Bureau-Martin1.jpg\"><img loading=\"lazy\" decoding=\"async\" class=\"alignnone size-full wp-image-10320\" src=\"https:\/\/www.galeriebecot.com\/wp-content\/uploads\/2019\/01\/Bureau-Martin1.jpg\" alt=\"\" width=\"575\" height=\"413\" srcset=\"https:\/\/galeriebecot.com\/wp-content\/uploads\/2019\/01\/Bureau-Martin1.jpg 575w, https:\/\/galeriebecot.com\/wp-content\/uploads\/2019\/01\/Bureau-Martin1-300x215.jpg 300w\" sizes=\"auto, (max-width: 575px) 100vw, 575px\" \/><\/a><\/p>\n<p><a href=\"http:\/\/revue-parcours.com\/produit\/marc-bellemare-visions-version-electronique\/\"><img loading=\"lazy\" decoding=\"async\" class=\"alignnone size-large wp-image-10043\" src=\"https:\/\/www.galeriebecot.com\/wp-content\/uploads\/2017\/03\/Bellemare-visions-1024x784.jpg\" alt=\"\" width=\"700\" height=\"536\" srcset=\"https:\/\/galeriebecot.com\/wp-content\/uploads\/2017\/03\/Bellemare-visions-1024x784.jpg 1024w, https:\/\/galeriebecot.com\/wp-content\/uploads\/2017\/03\/Bellemare-visions-300x230.jpg 300w, https:\/\/galeriebecot.com\/wp-content\/uploads\/2017\/03\/Bellemare-visions-768x588.jpg 768w, https:\/\/galeriebecot.com\/wp-content\/uploads\/2017\/03\/Bellemare-visions.jpg 1040w\" sizes=\"auto, (max-width: 700px) 100vw, 700px\" \/><\/a><\/p>\n<p>Ce cahier, en trois temps, s\u2019int\u00e9resse \u00e0 autant d\u2019aspects de l\u2019implication de Marc Bellemare dans le monde de l\u2019art.\u00a0Vous d\u00e9couvrirez la vie et l\u2019apport exceptionnelle de Paquerette Villeneuve, journaliste et critique d\u2019art, collaboratrice r\u00e9guli\u00e8re pour le Club des collectionneurs en arts-visuels de Qu\u00e9bec. Vous connaitrez \u00e9galement l\u2019aventure fascinante qui l\u2019a men\u00e9 \u00e0 la renaissance de l\u2019\u0153uvre du plasticien fran\u00e7ais Jean Pierre Raynaud, Dialogue avec l\u2019histoire, d\u00e9truite cavali\u00e8rement par la ville de Qu\u00e9bec en 2015.<\/p>\n<p><a href=\"https:\/\/www.galeriebecot.com\/?p=1398\"><img loading=\"lazy\" decoding=\"async\" class=\"alignnone size-full wp-image-8815\" src=\"https:\/\/www.galeriebecot.com\/wp-content\/uploads\/2018\/06\/Historique-du-clubokok.jpg\" alt=\"\" width=\"369\" height=\"35\" srcset=\"https:\/\/galeriebecot.com\/wp-content\/uploads\/2018\/06\/Historique-du-clubokok.jpg 369w, https:\/\/galeriebecot.com\/wp-content\/uploads\/2018\/06\/Historique-du-clubokok-300x28.jpg 300w\" sizes=\"auto, (max-width: 369px) 100vw, 369px\" \/><\/a><\/p>\n<p><a href=\"http:\/\/www.michelparent.com\/club\/\"><img loading=\"lazy\" decoding=\"async\" class=\"alignnone size-full wp-image-8818\" src=\"https:\/\/www.galeriebecot.com\/wp-content\/uploads\/2018\/06\/Logo-inscription-1-768x64ok.jpg\" alt=\"\" width=\"657\" height=\"63\" srcset=\"https:\/\/galeriebecot.com\/wp-content\/uploads\/2018\/06\/Logo-inscription-1-768x64ok.jpg 657w, https:\/\/galeriebecot.com\/wp-content\/uploads\/2018\/06\/Logo-inscription-1-768x64ok-300x29.jpg 300w\" sizes=\"auto, (max-width: 657px) 100vw, 657px\" \/><\/a><\/p>\n<p><a href=\"https:\/\/www.galeriebecot.com\/wp-content\/uploads\/2019\/01\/Renaissance.jpg\"><img loading=\"lazy\" decoding=\"async\" class=\"alignnone size-large wp-image-10061\" src=\"https:\/\/www.galeriebecot.com\/wp-content\/uploads\/2019\/01\/Renaissance-1024x384.jpg\" alt=\"\" width=\"700\" height=\"263\" srcset=\"https:\/\/galeriebecot.com\/wp-content\/uploads\/2019\/01\/Renaissance-1024x384.jpg 1024w, https:\/\/galeriebecot.com\/wp-content\/uploads\/2019\/01\/Renaissance-300x112.jpg 300w, https:\/\/galeriebecot.com\/wp-content\/uploads\/2019\/01\/Renaissance-768x288.jpg 768w, https:\/\/galeriebecot.com\/wp-content\/uploads\/2019\/01\/Renaissance.jpg 1025w\" sizes=\"auto, (max-width: 700px) 100vw, 700px\" \/><\/a><\/p>\n<p><a href=\"https:\/\/www.galeriebecot.com\/?s=Revue+Parcours\"><img loading=\"lazy\" decoding=\"async\" class=\"alignnone size-full wp-image-10047\" src=\"https:\/\/www.galeriebecot.com\/wp-content\/uploads\/2019\/01\/Robert-Bernier1.jpg\" alt=\"\" width=\"879\" height=\"679\" srcset=\"https:\/\/galeriebecot.com\/wp-content\/uploads\/2019\/01\/Robert-Bernier1.jpg 879w, https:\/\/galeriebecot.com\/wp-content\/uploads\/2019\/01\/Robert-Bernier1-300x232.jpg 300w, https:\/\/galeriebecot.com\/wp-content\/uploads\/2019\/01\/Robert-Bernier1-768x593.jpg 768w\" sizes=\"auto, (max-width: 879px) 100vw, 879px\" \/><\/a><\/p>\n<p><a href=\"https:\/\/www.galeriebecot.com\/wp-content\/uploads\/2016\/07\/Bellemarre1ok.jpg\"><img loading=\"lazy\" decoding=\"async\" class=\"alignnone size-full wp-image-5339\" src=\"https:\/\/www.galeriebecot.com\/wp-content\/uploads\/2016\/07\/Bellemarre1ok.jpg\" alt=\"Bellemarre1ok\" width=\"432\" height=\"494\" srcset=\"https:\/\/galeriebecot.com\/wp-content\/uploads\/2016\/07\/Bellemarre1ok.jpg 432w, https:\/\/galeriebecot.com\/wp-content\/uploads\/2016\/07\/Bellemarre1ok-262x300.jpg 262w\" sizes=\"auto, (max-width: 432px) 100vw, 432px\" \/><\/a><\/p>\n<p><a href=\"https:\/\/www.galeriebecot.com\/wp-content\/uploads\/2016\/07\/Bellemarre2ok-1.jpg\"><img loading=\"lazy\" decoding=\"async\" class=\"alignnone size-large wp-image-5345\" src=\"https:\/\/www.galeriebecot.com\/wp-content\/uploads\/2016\/07\/Bellemarre2ok-1-1024x598.jpg\" alt=\"Bellemarre2ok\" width=\"700\" height=\"409\" srcset=\"https:\/\/galeriebecot.com\/wp-content\/uploads\/2016\/07\/Bellemarre2ok-1-1024x598.jpg 1024w, https:\/\/galeriebecot.com\/wp-content\/uploads\/2016\/07\/Bellemarre2ok-1-300x175.jpg 300w, https:\/\/galeriebecot.com\/wp-content\/uploads\/2016\/07\/Bellemarre2ok-1-768x449.jpg 768w\" sizes=\"auto, (max-width: 700px) 100vw, 700px\" \/><\/a><\/p>\n<p><a href=\"https:\/\/www.galeriebecot.com\/wp-content\/uploads\/2016\/07\/Bellemare3ok.jpg\"><img loading=\"lazy\" decoding=\"async\" class=\"alignnone size-large wp-image-5347\" src=\"https:\/\/www.galeriebecot.com\/wp-content\/uploads\/2016\/07\/Bellemare3ok-1024x581.jpg\" alt=\"Bellemare3ok\" width=\"700\" height=\"397\" srcset=\"https:\/\/galeriebecot.com\/wp-content\/uploads\/2016\/07\/Bellemare3ok-1024x581.jpg 1024w, https:\/\/galeriebecot.com\/wp-content\/uploads\/2016\/07\/Bellemare3ok-300x170.jpg 300w, https:\/\/galeriebecot.com\/wp-content\/uploads\/2016\/07\/Bellemare3ok-768x436.jpg 768w\" sizes=\"auto, (max-width: 700px) 100vw, 700px\" \/><\/a><\/p>\n<p><a href=\"https:\/\/www.galeriebecot.com\/wp-content\/uploads\/2016\/07\/Bellemarre4ok1.jpg\"><img loading=\"lazy\" decoding=\"async\" class=\"alignnone size-large wp-image-5356\" src=\"https:\/\/www.galeriebecot.com\/wp-content\/uploads\/2016\/07\/Bellemarre4ok1-1024x923.jpg\" alt=\"Bellemarre4ok1\" width=\"700\" height=\"631\" srcset=\"https:\/\/galeriebecot.com\/wp-content\/uploads\/2016\/07\/Bellemarre4ok1-1024x923.jpg 1024w, https:\/\/galeriebecot.com\/wp-content\/uploads\/2016\/07\/Bellemarre4ok1-300x270.jpg 300w, https:\/\/galeriebecot.com\/wp-content\/uploads\/2016\/07\/Bellemarre4ok1-768x692.jpg 768w, https:\/\/galeriebecot.com\/wp-content\/uploads\/2016\/07\/Bellemarre4ok1.jpg 1215w\" sizes=\"auto, (max-width: 700px) 100vw, 700px\" \/><\/a><\/p>\n<p><strong><a href=\"http:\/\/revue-parcours.com\/\">Revue Parcours<\/a><\/strong><\/p>\n","protected":false},"excerpt":{"rendered":"<p>Rencontre entre St\u00e9phan Bureau et Marc Bellemare . Interview le 26 janvier 2019. Ce cahier, en trois temps, s\u2019int\u00e9resse \u00e0 autant d\u2019aspects de l\u2019implication de Marc Bellemare dans le monde&hellip; <\/p>\n","protected":false},"author":1,"featured_media":0,"comment_status":"open","ping_status":"open","sticky":false,"template":"","format":"standard","meta":{"_exactmetrics_skip_tracking":false,"_exactmetrics_sitenote_active":false,"_exactmetrics_sitenote_note":"","_exactmetrics_sitenote_category":0,"footnotes":""},"categories":[284,20,27],"tags":[1178,34,735,43,1179,5,128,851,28,109,1180,113,6,66,1181,1182,120,1183,1184,1185,161,112,1186,82,1187,1188,1189,1190,190,2687,58,211,1191,1192,134,365,1193,1194,189,351,843,1195,1196,2688,1197,122,1198,1199,1200,40],"class_list":["post-5335","post","type-post","status-publish","format-standard","hentry","category-appel-de-dossiers-dartistes-en-arts-visuels","category-article-descriptif","category-artistes","tag-alleyn","tag-andre-becot","tag-artistes","tag-arts-visuels","tag-barbeau","tag-becot","tag-beliveau","tag-bellefleur","tag-bellemare","tag-bgl","tag-bonet","tag-bureau","tag-club-des-collectionneurs-en-arts-visuels-de-quebec","tag-club-des-collectionneurs-en-arts-visuels-de-quebec-studio-becot","tag-cornet","tag-cote","tag-darby","tag-de-la-torre","tag-derouin","tag-drouillard","tag-fernand-leduc","tag-gagnon","tag-garneau","tag-gasse","tag-gaudreau","tag-goodwyn","tag-heward","tag-houde","tag-leduc","tag-les-grands-entretiens","tag-marc-bellemare-collectionneur","tag-martin-bureau","tag-mc-ewen","tag-mill","tag-morin","tag-paul-beliveau","tag-peloquin","tag-poulin","tag-riopelle","tag-rioux","tag-rousseau","tag-seguin","tag-simard","tag-stephan-bureau","tag-sullivan","tag-sylvain","tag-tousignant","tag-vaillancourt","tag-vincent","tag-visuals-arts"],"_links":{"self":[{"href":"https:\/\/galeriebecot.com\/index.php?rest_route=\/wp\/v2\/posts\/5335","targetHints":{"allow":["GET"]}}],"collection":[{"href":"https:\/\/galeriebecot.com\/index.php?rest_route=\/wp\/v2\/posts"}],"about":[{"href":"https:\/\/galeriebecot.com\/index.php?rest_route=\/wp\/v2\/types\/post"}],"author":[{"embeddable":true,"href":"https:\/\/galeriebecot.com\/index.php?rest_route=\/wp\/v2\/users\/1"}],"replies":[{"embeddable":true,"href":"https:\/\/galeriebecot.com\/index.php?rest_route=%2Fwp%2Fv2%2Fcomments&post=5335"}],"version-history":[{"count":31,"href":"https:\/\/galeriebecot.com\/index.php?rest_route=\/wp\/v2\/posts\/5335\/revisions"}],"predecessor-version":[{"id":10323,"href":"https:\/\/galeriebecot.com\/index.php?rest_route=\/wp\/v2\/posts\/5335\/revisions\/10323"}],"wp:attachment":[{"href":"https:\/\/galeriebecot.com\/index.php?rest_route=%2Fwp%2Fv2%2Fmedia&parent=5335"}],"wp:term":[{"taxonomy":"category","embeddable":true,"href":"https:\/\/galeriebecot.com\/index.php?rest_route=%2Fwp%2Fv2%2Fcategories&post=5335"},{"taxonomy":"post_tag","embeddable":true,"href":"https:\/\/galeriebecot.com\/index.php?rest_route=%2Fwp%2Fv2%2Ftags&post=5335"}],"curies":[{"name":"wp","href":"https:\/\/api.w.org\/{rel}","templated":true}]}}