{"id":5141,"date":"2024-06-19T13:27:00","date_gmt":"2024-06-19T17:27:00","guid":{"rendered":"http:\/\/www.clubdescollectionneursenartsvisuelsdequebec.com\/?p=5141"},"modified":"2024-06-23T13:55:10","modified_gmt":"2024-06-23T17:55:10","slug":"la-galerie-louise-carrier-vernissage-le-jeudi-30-juin-a-17h","status":"publish","type":"post","link":"https:\/\/galeriebecot.com\/?p=5141","title":{"rendered":"La Galerie Louise-Carrier. Ren\u00e9 Taillefer, oeuvres choisis."},"content":{"rendered":"\n<p class=\"wp-block-paragraph\">Vous \u00eates convi\u00e9s au vernissage de l&rsquo;exposition REN\u00c9 <strong>TAILLEFER<\/strong> oeuvres choisies.<\/p>\n\n\n\n<p class=\"wp-block-paragraph\">Le Dimanche 30 juin \u00e0 13 h30. Bienvenue \u00e0 tous !<\/p>\n\n\n\n<figure class=\"wp-block-image size-large\"><a href=\"https:\/\/www.galeriebecot.com\/wp-content\/uploads\/2024\/06\/Taillefer.jpg\"><img loading=\"lazy\" decoding=\"async\" width=\"677\" height=\"1024\" src=\"https:\/\/www.galeriebecot.com\/wp-content\/uploads\/2024\/06\/Taillefer-677x1024.jpg\" alt=\"\" class=\"wp-image-19502\" srcset=\"https:\/\/galeriebecot.com\/wp-content\/uploads\/2024\/06\/Taillefer-677x1024.jpg 677w, https:\/\/galeriebecot.com\/wp-content\/uploads\/2024\/06\/Taillefer-198x300.jpg 198w, https:\/\/galeriebecot.com\/wp-content\/uploads\/2024\/06\/Taillefer-768x1162.jpg 768w, https:\/\/galeriebecot.com\/wp-content\/uploads\/2024\/06\/Taillefer-1016x1536.jpg 1016w, https:\/\/galeriebecot.com\/wp-content\/uploads\/2024\/06\/Taillefer-1354x2048.jpg 1354w, https:\/\/galeriebecot.com\/wp-content\/uploads\/2024\/06\/Taillefer.jpg 1440w\" sizes=\"auto, (max-width: 677px) 100vw, 677px\" \/><\/a><\/figure>\n\n\n\n<p class=\"wp-block-paragraph\">Vous \u00eates convi\u00e9s au vernissage de l&rsquo;exposition des oeuvres r\u00e9centes de Jean Gauthier et de Dominic Darceuil.<\/p>\n\n\n\n<p class=\"wp-block-paragraph\">Le dimanche 7 avril 2024, \u00e0 13h30 en pr\u00e9sences des artistes.<\/p>\n\n\n\n<p class=\"wp-block-paragraph\">Bienvenue \u00e0 tous !<\/p>\n\n\n\n<figure class=\"wp-block-image size-full is-resized\"><a href=\"https:\/\/www.galeriebecot.com\/wp-content\/uploads\/2024\/04\/Espace-DCL-OK.jpg\"><img loading=\"lazy\" decoding=\"async\" src=\"https:\/\/www.galeriebecot.com\/wp-content\/uploads\/2024\/04\/Espace-DCL-OK.jpg\" alt=\"\" class=\"wp-image-19296\" width=\"612\" height=\"506\" srcset=\"https:\/\/galeriebecot.com\/wp-content\/uploads\/2024\/04\/Espace-DCL-OK.jpg 940w, https:\/\/galeriebecot.com\/wp-content\/uploads\/2024\/04\/Espace-DCL-OK-300x248.jpg 300w, https:\/\/galeriebecot.com\/wp-content\/uploads\/2024\/04\/Espace-DCL-OK-768x635.jpg 768w\" sizes=\"auto, (max-width: 612px) 100vw, 612px\" \/><\/a><\/figure>\n\n\n\n<figure class=\"wp-block-image size-large\"><a href=\"https:\/\/espacedcl.ca\/evenements\/2024-dominic-darceuil-jean-gauthier-dessin-peinture\/?axeptio_token=taymvjopydj2p8x866uax5\"><img loading=\"lazy\" decoding=\"async\" width=\"616\" height=\"1024\" src=\"https:\/\/www.galeriebecot.com\/wp-content\/uploads\/2024\/03\/Gauthier-Darceuil-616x1024.jpg\" alt=\"\" class=\"wp-image-19122\" srcset=\"https:\/\/galeriebecot.com\/wp-content\/uploads\/2024\/03\/Gauthier-Darceuil-616x1024.jpg 616w, https:\/\/galeriebecot.com\/wp-content\/uploads\/2024\/03\/Gauthier-Darceuil-180x300.jpg 180w, https:\/\/galeriebecot.com\/wp-content\/uploads\/2024\/03\/Gauthier-Darceuil-768x1277.jpg 768w, https:\/\/galeriebecot.com\/wp-content\/uploads\/2024\/03\/Gauthier-Darceuil-924x1536.jpg 924w, https:\/\/galeriebecot.com\/wp-content\/uploads\/2024\/03\/Gauthier-Darceuil.jpg 1068w\" sizes=\"auto, (max-width: 616px) 100vw, 616px\" \/><\/a><\/figure>\n\n\n<p><a href=\"https:\/\/www.galeriebecot.com\/wp-content\/uploads\/2016\/06\/Louise-Carrier-1.jpg\"><img loading=\"lazy\" decoding=\"async\" class=\"alignnone size-large wp-image-5142\" src=\"https:\/\/www.galeriebecot.com\/wp-content\/uploads\/2016\/06\/Louise-Carrier-1-1024x859.jpg\" alt=\"Louise Carrier 1\" width=\"700\" height=\"587\" srcset=\"https:\/\/galeriebecot.com\/wp-content\/uploads\/2016\/06\/Louise-Carrier-1-1024x859.jpg 1024w, https:\/\/galeriebecot.com\/wp-content\/uploads\/2016\/06\/Louise-Carrier-1-300x252.jpg 300w, https:\/\/galeriebecot.com\/wp-content\/uploads\/2016\/06\/Louise-Carrier-1-768x644.jpg 768w\" sizes=\"auto, (max-width: 700px) 100vw, 700px\" \/><\/a><\/p>\n<p><a href=\"https:\/\/www.galeriebecot.com\/wp-content\/uploads\/2016\/06\/Louise-Carrier-2.jpg\"><img loading=\"lazy\" decoding=\"async\" class=\"alignnone size-large wp-image-5143\" src=\"https:\/\/www.galeriebecot.com\/wp-content\/uploads\/2016\/06\/Louise-Carrier-2-1024x437.jpg\" alt=\"Louise Carrier 2\" width=\"700\" height=\"299\" srcset=\"https:\/\/galeriebecot.com\/wp-content\/uploads\/2016\/06\/Louise-Carrier-2-1024x437.jpg 1024w, https:\/\/galeriebecot.com\/wp-content\/uploads\/2016\/06\/Louise-Carrier-2-300x128.jpg 300w, https:\/\/galeriebecot.com\/wp-content\/uploads\/2016\/06\/Louise-Carrier-2-768x327.jpg 768w, https:\/\/galeriebecot.com\/wp-content\/uploads\/2016\/06\/Louise-Carrier-2.jpg 1046w\" sizes=\"auto, (max-width: 700px) 100vw, 700px\" \/><\/a><\/p>\n<p><em>Louise Carrier et les siens<\/em>,un hommage \u00e0 une femme remarquable.<\/p>\n<p>Visite comment\u00e9e par Claude Valli\u00e8res, le dimanche 28 Ao\u00fbt \u00e0 14h.<\/p>","protected":false},"excerpt":{"rendered":"<p>Vous \u00eates convi\u00e9s au vernissage de l&rsquo;exposition REN\u00c9 TAILLEFER oeuvres choisies. Le Dimanche 30 juin \u00e0 13 h30. Bienvenue \u00e0 tous ! Vous \u00eates convi\u00e9s au vernissage de l&rsquo;exposition des&hellip; <\/p>\n","protected":false},"author":1,"featured_media":0,"comment_status":"open","ping_status":"open","sticky":false,"template":"","format":"standard","meta":{"_exactmetrics_skip_tracking":false,"_exactmetrics_sitenote_active":false,"_exactmetrics_sitenote_note":"","_exactmetrics_sitenote_category":0,"footnotes":""},"categories":[27,18,19],"tags":[34,1112,516,1116,1111,1115,1113,58,1114,37,40],"class_list":["post-5141","post","type-post","status-publish","format-standard","hentry","category-artistes","category-evenement","category-vernissage","tag-andre-becot","tag-andre-garant","tag-cabal-communications","tag-carrier-garant","tag-claude-vallieres","tag-emilie-garant","tag-emmanuel-garant","tag-marc-bellemare-collectionneur","tag-sebastien-garant","tag-studio-becot","tag-visuals-arts"],"_links":{"self":[{"href":"https:\/\/galeriebecot.com\/index.php?rest_route=\/wp\/v2\/posts\/5141","targetHints":{"allow":["GET"]}}],"collection":[{"href":"https:\/\/galeriebecot.com\/index.php?rest_route=\/wp\/v2\/posts"}],"about":[{"href":"https:\/\/galeriebecot.com\/index.php?rest_route=\/wp\/v2\/types\/post"}],"author":[{"embeddable":true,"href":"https:\/\/galeriebecot.com\/index.php?rest_route=\/wp\/v2\/users\/1"}],"replies":[{"embeddable":true,"href":"https:\/\/galeriebecot.com\/index.php?rest_route=%2Fwp%2Fv2%2Fcomments&post=5141"}],"version-history":[{"count":9,"href":"https:\/\/galeriebecot.com\/index.php?rest_route=\/wp\/v2\/posts\/5141\/revisions"}],"predecessor-version":[{"id":19505,"href":"https:\/\/galeriebecot.com\/index.php?rest_route=\/wp\/v2\/posts\/5141\/revisions\/19505"}],"wp:attachment":[{"href":"https:\/\/galeriebecot.com\/index.php?rest_route=%2Fwp%2Fv2%2Fmedia&parent=5141"}],"wp:term":[{"taxonomy":"category","embeddable":true,"href":"https:\/\/galeriebecot.com\/index.php?rest_route=%2Fwp%2Fv2%2Fcategories&post=5141"},{"taxonomy":"post_tag","embeddable":true,"href":"https:\/\/galeriebecot.com\/index.php?rest_route=%2Fwp%2Fv2%2Ftags&post=5141"}],"curies":[{"name":"wp","href":"https:\/\/api.w.org\/{rel}","templated":true}]}}