{"id":5091,"date":"2016-08-18T12:47:15","date_gmt":"2016-08-18T16:47:15","guid":{"rendered":"http:\/\/www.clubdescollectionneursenartsvisuelsdequebec.com\/?p=5091"},"modified":"2016-08-27T09:48:46","modified_gmt":"2016-08-27T13:48:46","slug":"beauce-art-linternational-invite-don-darby","status":"publish","type":"post","link":"https:\/\/galeriebecot.com\/?p=5091","title":{"rendered":"La Gruit Ale Nordique Don Darby (cuv\u00e9e territoire)&#8230;.par St Pancrace"},"content":{"rendered":"<p><a href=\"http:\/\/www.legrandrappel.org\/\"><img loading=\"lazy\" decoding=\"async\" class=\"alignnone wp-image-5373\" src=\"https:\/\/www.galeriebecot.com\/wp-content\/uploads\/2016\/06\/Etiquette.jpg\" alt=\"Etiquette\" width=\"556\" height=\"505\" \/><\/a><\/p>\n<p><a href=\"https:\/\/www.galeriebecot.com\/wp-content\/uploads\/2016\/06\/Don-darby.jpg\"><img loading=\"lazy\" decoding=\"async\" class=\"alignnone wp-image-5138\" src=\"https:\/\/www.galeriebecot.com\/wp-content\/uploads\/2016\/06\/Don-darby.jpg\" alt=\"Don darby\" width=\"557\" height=\"749\" \/><\/a><\/p>\n<p><a href=\"http:\/\/giacomosylvano.blogspot.ca\/\" rel=\"attachment wp-att-5109\"><img loading=\"lazy\" decoding=\"async\" class=\"alignnone size-large wp-image-5109\" src=\"https:\/\/www.galeriebecot.com\/wp-content\/uploads\/2016\/06\/Don-Darby-sculpteur-561x1024.jpg\" alt=\"Don Darby sculpteur\" width=\"561\" height=\"1024\" srcset=\"https:\/\/galeriebecot.com\/wp-content\/uploads\/2016\/06\/Don-Darby-sculpteur-561x1024.jpg 561w, https:\/\/galeriebecot.com\/wp-content\/uploads\/2016\/06\/Don-Darby-sculpteur-164x300.jpg 164w, https:\/\/galeriebecot.com\/wp-content\/uploads\/2016\/06\/Don-Darby-sculpteur.jpg 600w\" sizes=\"auto, (max-width: 561px) 100vw, 561px\" \/><\/a><\/p>\n<p><a href=\"http:\/\/www.beauceart.com\/fr\" rel=\"attachment wp-att-5093\"><img loading=\"lazy\" decoding=\"async\" class=\"alignnone size-large wp-image-5093\" src=\"https:\/\/www.galeriebecot.com\/wp-content\/uploads\/2016\/06\/Don-Darby-1024x575.jpg\" alt=\"Don Darby\" width=\"700\" height=\"393\" srcset=\"https:\/\/galeriebecot.com\/wp-content\/uploads\/2016\/06\/Don-Darby-1024x575.jpg 1024w, https:\/\/galeriebecot.com\/wp-content\/uploads\/2016\/06\/Don-Darby-300x168.jpg 300w, https:\/\/galeriebecot.com\/wp-content\/uploads\/2016\/06\/Don-Darby-768x431.jpg 768w, https:\/\/galeriebecot.com\/wp-content\/uploads\/2016\/06\/Don-Darby.jpg 1600w\" sizes=\"auto, (max-width: 700px) 100vw, 700px\" \/><\/a><\/p>\n<table border=\"0\" cellspacing=\"0\" cellpadding=\"0\">\n<tbody>\n<tr>\n<td colspan=\"3\" rowspan=\"1\">\n<table style=\"height: 13px;\" border=\"0\" width=\"662\" cellspacing=\"1\" cellpadding=\"0\">\n<tbody>\n<tr>\n<td><\/td>\n<\/tr>\n<\/tbody>\n<\/table>\n<\/td>\n<\/tr>\n<\/tbody>\n<\/table>\n<table border=\"0\" cellspacing=\"0\" cellpadding=\"0\">\n<tbody>\n<tr>\n<td colspan=\"3\" rowspan=\"1\">\n<table border=\"0\" cellspacing=\"1\" cellpadding=\"0\">\n<tbody>\n<tr>\n<td><span class=\"titres\"><a href=\"http:\/\/www.beauceart.com\/fr\">Du 3 au 21\u00a0juin\u00a02016<\/a>.<\/span><\/p>\n<p><a href=\"http:\/\/www.beauceart.com\/fr\"><span class=\"sous-titres\">Le Symposium international de la sculpture de Saint-Georges, l&rsquo;\u00e9v\u00e9nement \u00e0 ne pas manquer.<\/span><\/a><\/p>\n<p><a href=\"http:\/\/www.beauceart.com\/fr\">Beauce Art : L\u2019International de la sculpture\u00a0est un organisme qui a pour mandat de pr\u00e9senter dix Symposiums internationaux de la sculpture patronn\u00e9s par l\u2019Organisation internationale de la Francophonie (OIF). Ces \u00e9v\u00e9nements conduiront \u00e0 la cr\u00e9ation d\u2019un espace permanent de sculptures \u00e0 Saint-Georges (Canada) constituant un patrimoine culturel incontournable.<\/a><\/p>\n<p><a href=\"http:\/\/www.beauceart.com\/fr\">Un \u00e9v\u00e9nement dans le paysage culturel du Qu\u00e9bec, Beauce Art se veut une occasion, un rendez-vous, un incontournable\u2026 Sublime de par sa gen\u00e8se, l\u2019organisation tient \u00e0 se mettre au service du beau et de l\u2019esth\u00e9tique. Rassembleur autour des sculptures et de ses artistes, son r\u00f4le d\u2019\u00e9ducateur ne peut que s\u2019accro\u00eetre sous ce th\u00e8me.<\/a><\/td>\n<\/tr>\n<\/tbody>\n<\/table>\n<\/td>\n<\/tr>\n<\/tbody>\n<\/table>\n<p><a href=\"https:\/\/www.galeriebecot.com\/wp-content\/uploads\/2016\/06\/AndreDon.jpg\" rel=\"attachment wp-att-5119\"><img loading=\"lazy\" decoding=\"async\" class=\"size-full wp-image-5119\" src=\"https:\/\/www.galeriebecot.com\/wp-content\/uploads\/2016\/06\/AndreDon.jpg\" alt=\"OLYMPUS DIGITAL CAMERA\" width=\"720\" height=\"1008\" srcset=\"https:\/\/galeriebecot.com\/wp-content\/uploads\/2016\/06\/AndreDon.jpg 720w, https:\/\/galeriebecot.com\/wp-content\/uploads\/2016\/06\/AndreDon-214x300.jpg 214w\" sizes=\"auto, (max-width: 720px) 100vw, 720px\" \/><\/a><\/p>\n<p><a href=\"https:\/\/www.galeriebecot.com\/wp-content\/uploads\/2016\/06\/Don-ok.jpg\" rel=\"attachment wp-att-5121\"><img loading=\"lazy\" decoding=\"async\" class=\"size-full wp-image-5121\" src=\"https:\/\/www.galeriebecot.com\/wp-content\/uploads\/2016\/06\/Don-ok.jpg\" alt=\"OLYMPUS DIGITAL CAMERA\" width=\"720\" height=\"1008\" srcset=\"https:\/\/galeriebecot.com\/wp-content\/uploads\/2016\/06\/Don-ok.jpg 720w, https:\/\/galeriebecot.com\/wp-content\/uploads\/2016\/06\/Don-ok-214x300.jpg 214w\" sizes=\"auto, (max-width: 720px) 100vw, 720px\" \/><\/a><\/p>\n<p><a href=\"https:\/\/www.galeriebecot.com\/wp-content\/uploads\/2016\/06\/Don-travail.jpg\" rel=\"attachment wp-att-5122\"><img loading=\"lazy\" decoding=\"async\" class=\"size-full wp-image-5122\" src=\"https:\/\/www.galeriebecot.com\/wp-content\/uploads\/2016\/06\/Don-travail.jpg\" alt=\"OLYMPUS DIGITAL CAMERA\" width=\"720\" height=\"1008\" srcset=\"https:\/\/galeriebecot.com\/wp-content\/uploads\/2016\/06\/Don-travail.jpg 720w, https:\/\/galeriebecot.com\/wp-content\/uploads\/2016\/06\/Don-travail-214x300.jpg 214w\" sizes=\"auto, (max-width: 720px) 100vw, 720px\" \/><\/a><\/p>\n<p><a href=\"https:\/\/www.galeriebecot.com\/wp-content\/uploads\/2016\/06\/menez.jpg\" rel=\"attachment wp-att-5123\"><img loading=\"lazy\" decoding=\"async\" class=\"size-full wp-image-5123\" src=\"https:\/\/www.galeriebecot.com\/wp-content\/uploads\/2016\/06\/menez.jpg\" alt=\"OLYMPUS DIGITAL CAMERA\" width=\"435\" height=\"1008\" srcset=\"https:\/\/galeriebecot.com\/wp-content\/uploads\/2016\/06\/menez.jpg 435w, https:\/\/galeriebecot.com\/wp-content\/uploads\/2016\/06\/menez-129x300.jpg 129w\" sizes=\"auto, (max-width: 435px) 100vw, 435px\" \/><\/a><\/p>\n","protected":false},"excerpt":{"rendered":"<p>Du 3 au 21\u00a0juin\u00a02016. Le Symposium international de la sculpture de Saint-Georges, l&rsquo;\u00e9v\u00e9nement \u00e0 ne pas manquer. Beauce Art : L\u2019International de la sculpture\u00a0est un organisme qui a pour mandat&hellip; <\/p>\n","protected":false},"author":1,"featured_media":0,"comment_status":"open","ping_status":"open","sticky":false,"template":"","format":"standard","meta":{"_exactmetrics_skip_tracking":false,"_exactmetrics_sitenote_active":false,"_exactmetrics_sitenote_note":"","_exactmetrics_sitenote_category":0,"footnotes":""},"categories":[27,18],"tags":[34,1094,66,275,271,58,37,40],"class_list":["post-5091","post","type-post","status-publish","format-standard","hentry","category-artistes","category-evenement","tag-andre-becot","tag-beauce-art-linternational-de-la-sculpture-st-georges-de-beauce","tag-club-des-collectionneurs-en-arts-visuels-de-quebec-studio-becot","tag-don-darby","tag-jacques-sylvain","tag-marc-bellemare-collectionneur","tag-studio-becot","tag-visuals-arts"],"_links":{"self":[{"href":"https:\/\/galeriebecot.com\/index.php?rest_route=\/wp\/v2\/posts\/5091","targetHints":{"allow":["GET"]}}],"collection":[{"href":"https:\/\/galeriebecot.com\/index.php?rest_route=\/wp\/v2\/posts"}],"about":[{"href":"https:\/\/galeriebecot.com\/index.php?rest_route=\/wp\/v2\/types\/post"}],"author":[{"embeddable":true,"href":"https:\/\/galeriebecot.com\/index.php?rest_route=\/wp\/v2\/users\/1"}],"replies":[{"embeddable":true,"href":"https:\/\/galeriebecot.com\/index.php?rest_route=%2Fwp%2Fv2%2Fcomments&post=5091"}],"version-history":[{"count":18,"href":"https:\/\/galeriebecot.com\/index.php?rest_route=\/wp\/v2\/posts\/5091\/revisions"}],"predecessor-version":[{"id":5377,"href":"https:\/\/galeriebecot.com\/index.php?rest_route=\/wp\/v2\/posts\/5091\/revisions\/5377"}],"wp:attachment":[{"href":"https:\/\/galeriebecot.com\/index.php?rest_route=%2Fwp%2Fv2%2Fmedia&parent=5091"}],"wp:term":[{"taxonomy":"category","embeddable":true,"href":"https:\/\/galeriebecot.com\/index.php?rest_route=%2Fwp%2Fv2%2Fcategories&post=5091"},{"taxonomy":"post_tag","embeddable":true,"href":"https:\/\/galeriebecot.com\/index.php?rest_route=%2Fwp%2Fv2%2Ftags&post=5091"}],"curies":[{"name":"wp","href":"https:\/\/api.w.org\/{rel}","templated":true}]}}