{"id":5088,"date":"2016-06-08T10:24:50","date_gmt":"2016-06-08T14:24:50","guid":{"rendered":"http:\/\/www.clubdescollectionneursenartsvisuelsdequebec.com\/?p=5088"},"modified":"2016-06-10T10:26:38","modified_gmt":"2016-06-10T14:26:38","slug":"vernissage-riopelle-au-cap-tourmentele-mardi-14-juin-2016","status":"publish","type":"post","link":"https:\/\/galeriebecot.com\/?p=5088","title":{"rendered":"Vernissage: Riopelle au cap Tourmente,le mardi 14 juin 2016."},"content":{"rendered":"<p><a href=\"https:\/\/www.galeriebecot.com\/wp-content\/uploads\/2016\/06\/Riopelle.jpg\" rel=\"attachment wp-att-5089\"><img loading=\"lazy\" decoding=\"async\" class=\"alignnone size-full wp-image-5089\" src=\"https:\/\/www.galeriebecot.com\/wp-content\/uploads\/2016\/06\/Riopelle.jpg\" alt=\"Riopelle\" width=\"957\" height=\"479\" srcset=\"https:\/\/galeriebecot.com\/wp-content\/uploads\/2016\/06\/Riopelle.jpg 957w, https:\/\/galeriebecot.com\/wp-content\/uploads\/2016\/06\/Riopelle-300x150.jpg 300w, https:\/\/galeriebecot.com\/wp-content\/uploads\/2016\/06\/Riopelle-768x384.jpg 768w\" sizes=\"auto, (max-width: 957px) 100vw, 957px\" \/><\/a><\/p>\n<p>L\u2019Arrondissement de Sainte-Foy\u2013Sillery\u2013Cap-Rouge a le plaisir de vous inviter au vernissage de l&rsquo;exposition<\/p>\n<p><strong><em>Riopelle au cap Tourmente<\/em><\/strong><\/p>\n<p>qui\u00a0aura lieu le\u00a0mardi 14 juin\u00a02016\u00a0\u00e0 17 h<\/p>\n<p>\u00e0 la maison Hamel-Bruneau, situ\u00e9e au 2608, chemin Saint-Louis,\u00a0\u00e0\u00a0Qu\u00e9bec<\/p>\n<p>en pr\u00e9sence de monsieur R\u00e9my Normand,<\/p>\n<p>pr\u00e9sident du conseil d\u2019arrondissement,<\/p>\n<p>de monsieur Simon Blais et de madame Yseult Riopelle.<\/p>\n<p>&nbsp;<\/p>\n","protected":false},"excerpt":{"rendered":"<p>L\u2019Arrondissement de Sainte-Foy\u2013Sillery\u2013Cap-Rouge a le plaisir de vous inviter au vernissage de l&rsquo;exposition Riopelle au cap Tourmente qui\u00a0aura lieu le\u00a0mardi 14 juin\u00a02016\u00a0\u00e0 17 h \u00e0 la maison Hamel-Bruneau, situ\u00e9e au&hellip; <\/p>\n","protected":false},"author":1,"featured_media":0,"comment_status":"open","ping_status":"open","sticky":false,"template":"","format":"standard","meta":{"_exactmetrics_skip_tracking":false,"_exactmetrics_sitenote_active":false,"_exactmetrics_sitenote_note":"","_exactmetrics_sitenote_category":0,"footnotes":""},"categories":[27,19],"tags":[34,66,871,1093,555,58,1092,926,189,1091,37,78,443,40,1090],"class_list":["post-5088","post","type-post","status-publish","format-standard","hentry","category-artistes","category-vernissage","tag-andre-becot","tag-club-des-collectionneurs-en-arts-visuels-de-quebec-studio-becot","tag-galerie-simon-blais","tag-maison-du-patrimoine","tag-maison-hamel-bruneau","tag-marc-bellemare-collectionneur","tag-pacart-quebec-inc","tag-remy-normand","tag-riopelle","tag-simon-blais","tag-studio-becot","tag-studio-galerie-becot","tag-ville-de-quebec","tag-visuals-arts","tag-yseult-riopelle"],"_links":{"self":[{"href":"https:\/\/galeriebecot.com\/index.php?rest_route=\/wp\/v2\/posts\/5088","targetHints":{"allow":["GET"]}}],"collection":[{"href":"https:\/\/galeriebecot.com\/index.php?rest_route=\/wp\/v2\/posts"}],"about":[{"href":"https:\/\/galeriebecot.com\/index.php?rest_route=\/wp\/v2\/types\/post"}],"author":[{"embeddable":true,"href":"https:\/\/galeriebecot.com\/index.php?rest_route=\/wp\/v2\/users\/1"}],"replies":[{"embeddable":true,"href":"https:\/\/galeriebecot.com\/index.php?rest_route=%2Fwp%2Fv2%2Fcomments&post=5088"}],"version-history":[{"count":1,"href":"https:\/\/galeriebecot.com\/index.php?rest_route=\/wp\/v2\/posts\/5088\/revisions"}],"predecessor-version":[{"id":5090,"href":"https:\/\/galeriebecot.com\/index.php?rest_route=\/wp\/v2\/posts\/5088\/revisions\/5090"}],"wp:attachment":[{"href":"https:\/\/galeriebecot.com\/index.php?rest_route=%2Fwp%2Fv2%2Fmedia&parent=5088"}],"wp:term":[{"taxonomy":"category","embeddable":true,"href":"https:\/\/galeriebecot.com\/index.php?rest_route=%2Fwp%2Fv2%2Fcategories&post=5088"},{"taxonomy":"post_tag","embeddable":true,"href":"https:\/\/galeriebecot.com\/index.php?rest_route=%2Fwp%2Fv2%2Ftags&post=5088"}],"curies":[{"name":"wp","href":"https:\/\/api.w.org\/{rel}","templated":true}]}}