{"id":5066,"date":"2016-06-07T15:37:16","date_gmt":"2016-06-07T19:37:16","guid":{"rendered":"http:\/\/www.clubdescollectionneursenartsvisuelsdequebec.com\/?p=5066"},"modified":"2016-06-08T15:55:01","modified_gmt":"2016-06-08T19:55:01","slug":"dur-comme-dla-rochevernissage-le-18-juin","status":"publish","type":"post","link":"https:\/\/galeriebecot.com\/?p=5066","title":{"rendered":"Dur comme d&rsquo;la roche,vernissage le 18 juin \u00e0 14h-Au vieux presbyt\u00e8re de Deschambault"},"content":{"rendered":"<p><a href=\"https:\/\/www.galeriebecot.com\/wp-content\/uploads\/2016\/06\/Invitation-Dur-comme-dla-roche-2.jpg\" rel=\"attachment wp-att-5067\"><img loading=\"lazy\" decoding=\"async\" class=\"alignnone size-large wp-image-5067\" src=\"https:\/\/www.galeriebecot.com\/wp-content\/uploads\/2016\/06\/Invitation-Dur-comme-dla-roche-2-884x1024.jpg\" alt=\"Invitation Dur comme d'la roche 2\" width=\"700\" height=\"811\" srcset=\"https:\/\/galeriebecot.com\/wp-content\/uploads\/2016\/06\/Invitation-Dur-comme-dla-roche-2-884x1024.jpg 884w, https:\/\/galeriebecot.com\/wp-content\/uploads\/2016\/06\/Invitation-Dur-comme-dla-roche-2-259x300.jpg 259w, https:\/\/galeriebecot.com\/wp-content\/uploads\/2016\/06\/Invitation-Dur-comme-dla-roche-2-768x889.jpg 768w, https:\/\/galeriebecot.com\/wp-content\/uploads\/2016\/06\/Invitation-Dur-comme-dla-roche-2.jpg 1855w\" sizes=\"auto, (max-width: 700px) 100vw, 700px\" \/><\/a><\/p>\n<p>Anderson Tim,<\/p>\n<p>Baillargeon Carole,<\/p>\n<p>Baribault Denis,<\/p>\n<p>Beaupr\u00e9 Corinne,<\/p>\n<p>B\u00e9langer Andr\u00e9,<\/p>\n<p>B\u00e9liveau Paul,<\/p>\n<p>Bourgeois Madeleine,<\/p>\n<p>Darcel Loly,<\/p>\n<p>Gaudreau Roger,<\/p>\n<p>Le Fran\u00e7ois Ito La\u00efla,<\/p>\n<p>Livin G\u00e9rald,<\/p>\n<p>Mathieu Fran\u00e7ois,<\/p>\n<p>Pinsonneault Sylvie,<\/p>\n<p>Riffon Jean-Pierre,<\/p>\n<p>Th\u00e9berge Odette,<\/p>\n<p>Thibodeau Loraine,<\/p>\n<p>V\u00e9zina Donald,<\/p>\n<p>Viel Annette,<\/p>\n<p>&nbsp;<\/p>\n","protected":false},"excerpt":{"rendered":"<p>Anderson Tim, Baillargeon Carole, Baribault Denis, Beaupr\u00e9 Corinne, B\u00e9langer Andr\u00e9, B\u00e9liveau Paul, Bourgeois Madeleine, Darcel Loly, Gaudreau Roger, Le Fran\u00e7ois Ito La\u00efla, Livin G\u00e9rald, Mathieu Fran\u00e7ois, Pinsonneault Sylvie, Riffon Jean-Pierre,&hellip; <\/p>\n","protected":false},"author":1,"featured_media":0,"comment_status":"open","ping_status":"open","sticky":false,"template":"","format":"standard","meta":{"_exactmetrics_skip_tracking":false,"_exactmetrics_sitenote_active":false,"_exactmetrics_sitenote_note":"","_exactmetrics_sitenote_category":0,"footnotes":""},"categories":[19],"tags":[1068,34,171,43,1069,1070,1071,1072,1073,1074,6,1075,1076,1077,1078,58,1079,1080,1081,37,1082,1083,1084,1085],"class_list":["post-5066","post","type-post","status-publish","format-standard","hentry","category-vernissage","tag-anderson-tim","tag-andre-becot","tag-andre-becot-artiste","tag-arts-visuels","tag-baillargeon-carole","tag-baribault-denis","tag-beaupre-corinne","tag-belanger-andre","tag-beliveau-paul","tag-bourgeois-madeleine","tag-club-des-collectionneurs-en-arts-visuels-de-quebec","tag-darcel-loly","tag-gaudreau-roger","tag-le-francois-ito-laila","tag-levin-gerald","tag-marc-bellemare-collectionneur","tag-mathieu-francois","tag-pinsonneault-sylvie","tag-riffon-jean-pierre","tag-studio-becot","tag-theberge-odette","tag-thibodeau-loraine","tag-vezina-donald","tag-viel-annette"],"_links":{"self":[{"href":"https:\/\/galeriebecot.com\/index.php?rest_route=\/wp\/v2\/posts\/5066","targetHints":{"allow":["GET"]}}],"collection":[{"href":"https:\/\/galeriebecot.com\/index.php?rest_route=\/wp\/v2\/posts"}],"about":[{"href":"https:\/\/galeriebecot.com\/index.php?rest_route=\/wp\/v2\/types\/post"}],"author":[{"embeddable":true,"href":"https:\/\/galeriebecot.com\/index.php?rest_route=\/wp\/v2\/users\/1"}],"replies":[{"embeddable":true,"href":"https:\/\/galeriebecot.com\/index.php?rest_route=%2Fwp%2Fv2%2Fcomments&post=5066"}],"version-history":[{"count":5,"href":"https:\/\/galeriebecot.com\/index.php?rest_route=\/wp\/v2\/posts\/5066\/revisions"}],"predecessor-version":[{"id":5072,"href":"https:\/\/galeriebecot.com\/index.php?rest_route=\/wp\/v2\/posts\/5066\/revisions\/5072"}],"wp:attachment":[{"href":"https:\/\/galeriebecot.com\/index.php?rest_route=%2Fwp%2Fv2%2Fmedia&parent=5066"}],"wp:term":[{"taxonomy":"category","embeddable":true,"href":"https:\/\/galeriebecot.com\/index.php?rest_route=%2Fwp%2Fv2%2Fcategories&post=5066"},{"taxonomy":"post_tag","embeddable":true,"href":"https:\/\/galeriebecot.com\/index.php?rest_route=%2Fwp%2Fv2%2Ftags&post=5066"}],"curies":[{"name":"wp","href":"https:\/\/api.w.org\/{rel}","templated":true}]}}