{"id":5039,"date":"2020-06-07T14:38:00","date_gmt":"2020-06-07T18:38:00","guid":{"rendered":"http:\/\/www.clubdescollectionneursenartsvisuelsdequebec.com\/?p=5039"},"modified":"2020-06-25T16:25:08","modified_gmt":"2020-06-25T20:25:08","slug":"musee-du-bronze-dinvernessvernissage-le-samedi-28-mai-2016","status":"publish","type":"post","link":"https:\/\/galeriebecot.com\/?p=5039","title":{"rendered":"Roger Langevin (sculpteur) et retour sur l&rsquo;exposition Mythe, contes et l\u00e9gendes au Mus\u00e9e du Bronze d&rsquo;Inverness."},"content":{"rendered":"\n<figure class=\"wp-block-image size-large is-resized\"><img loading=\"lazy\" decoding=\"async\" src=\"https:\/\/www.galeriebecot.com\/wp-content\/uploads\/2020\/06\/Langevin11-1024x732.jpg\" alt=\"\" class=\"wp-image-13077\" width=\"580\" height=\"414\" srcset=\"https:\/\/galeriebecot.com\/wp-content\/uploads\/2020\/06\/Langevin11-1024x732.jpg 1024w, https:\/\/galeriebecot.com\/wp-content\/uploads\/2020\/06\/Langevin11-300x215.jpg 300w, https:\/\/galeriebecot.com\/wp-content\/uploads\/2020\/06\/Langevin11-768x549.jpg 768w, https:\/\/galeriebecot.com\/wp-content\/uploads\/2020\/06\/Langevin11-1536x1099.jpg 1536w, https:\/\/galeriebecot.com\/wp-content\/uploads\/2020\/06\/Langevin11.jpg 1549w\" sizes=\"auto, (max-width: 580px) 100vw, 580px\" \/><\/figure>\n\n\n\n<figure class=\"wp-block-image size-large is-resized\"><img loading=\"lazy\" decoding=\"async\" src=\"https:\/\/www.galeriebecot.com\/wp-content\/uploads\/2020\/06\/Langevin-22-612x1024.jpg\" alt=\"\" class=\"wp-image-13078\" width=\"580\" height=\"970\" srcset=\"https:\/\/galeriebecot.com\/wp-content\/uploads\/2020\/06\/Langevin-22-612x1024.jpg 612w, https:\/\/galeriebecot.com\/wp-content\/uploads\/2020\/06\/Langevin-22-179x300.jpg 179w, https:\/\/galeriebecot.com\/wp-content\/uploads\/2020\/06\/Langevin-22-768x1284.jpg 768w, https:\/\/galeriebecot.com\/wp-content\/uploads\/2020\/06\/Langevin-22.jpg 890w\" sizes=\"auto, (max-width: 580px) 100vw, 580px\" \/><figcaption>Extrait du journal LeSoleil \/ le 21 juin 2020<br><\/figcaption><\/figure>\n\n\n\n<figure class=\"wp-block-image size-large\"><img loading=\"lazy\" decoding=\"async\" width=\"609\" height=\"1024\" src=\"https:\/\/www.galeriebecot.com\/wp-content\/uploads\/2020\/06\/Langevin33-609x1024.jpg\" alt=\"\" class=\"wp-image-13079\" srcset=\"https:\/\/galeriebecot.com\/wp-content\/uploads\/2020\/06\/Langevin33-609x1024.jpg 609w, https:\/\/galeriebecot.com\/wp-content\/uploads\/2020\/06\/Langevin33-178x300.jpg 178w, https:\/\/galeriebecot.com\/wp-content\/uploads\/2020\/06\/Langevin33-768x1291.jpg 768w, https:\/\/galeriebecot.com\/wp-content\/uploads\/2020\/06\/Langevin33-914x1536.jpg 914w, https:\/\/galeriebecot.com\/wp-content\/uploads\/2020\/06\/Langevin33.jpg 921w\" sizes=\"auto, (max-width: 609px) 100vw, 609px\" \/><\/figure>\n\n\n\n<figure class=\"wp-block-image size-large is-resized\"><img loading=\"lazy\" decoding=\"async\" src=\"https:\/\/www.galeriebecot.com\/wp-content\/uploads\/2020\/06\/Bolduc3-suite.jpg\" alt=\"\" class=\"wp-image-13080\" width=\"580\" height=\"113\" srcset=\"https:\/\/galeriebecot.com\/wp-content\/uploads\/2020\/06\/Bolduc3-suite.jpg 861w, https:\/\/galeriebecot.com\/wp-content\/uploads\/2020\/06\/Bolduc3-suite-300x59.jpg 300w, https:\/\/galeriebecot.com\/wp-content\/uploads\/2020\/06\/Bolduc3-suite-768x150.jpg 768w\" sizes=\"auto, (max-width: 580px) 100vw, 580px\" \/><\/figure>\n\n\n\n<figure class=\"wp-block-image size-large\"><img loading=\"lazy\" decoding=\"async\" width=\"540\" height=\"1024\" src=\"https:\/\/www.galeriebecot.com\/wp-content\/uploads\/2020\/06\/Langevin44-540x1024.jpg\" alt=\"\" class=\"wp-image-13081\" srcset=\"https:\/\/galeriebecot.com\/wp-content\/uploads\/2020\/06\/Langevin44-540x1024.jpg 540w, https:\/\/galeriebecot.com\/wp-content\/uploads\/2020\/06\/Langevin44-158x300.jpg 158w, https:\/\/galeriebecot.com\/wp-content\/uploads\/2020\/06\/Langevin44-768x1455.jpg 768w, https:\/\/galeriebecot.com\/wp-content\/uploads\/2020\/06\/Langevin44-811x1536.jpg 811w, https:\/\/galeriebecot.com\/wp-content\/uploads\/2020\/06\/Langevin44.jpg 915w\" sizes=\"auto, (max-width: 540px) 100vw, 540px\" \/><\/figure>\n\n\n\n<figure class=\"wp-block-image size-large\"><img loading=\"lazy\" decoding=\"async\" width=\"620\" height=\"1024\" src=\"https:\/\/www.galeriebecot.com\/wp-content\/uploads\/2020\/06\/Langevin55-620x1024.jpg\" alt=\"\" class=\"wp-image-13082\" srcset=\"https:\/\/galeriebecot.com\/wp-content\/uploads\/2020\/06\/Langevin55-620x1024.jpg 620w, https:\/\/galeriebecot.com\/wp-content\/uploads\/2020\/06\/Langevin55-182x300.jpg 182w, https:\/\/galeriebecot.com\/wp-content\/uploads\/2020\/06\/Langevin55-768x1269.jpg 768w, https:\/\/galeriebecot.com\/wp-content\/uploads\/2020\/06\/Langevin55.jpg 903w\" sizes=\"auto, (max-width: 620px) 100vw, 620px\" \/><\/figure>\n\n\n\n<figure class=\"wp-block-image size-large\"><img loading=\"lazy\" decoding=\"async\" width=\"551\" height=\"1024\" src=\"https:\/\/www.galeriebecot.com\/wp-content\/uploads\/2020\/06\/Langevin66-551x1024.jpg\" alt=\"\" class=\"wp-image-13083\" srcset=\"https:\/\/galeriebecot.com\/wp-content\/uploads\/2020\/06\/Langevin66-551x1024.jpg 551w, https:\/\/galeriebecot.com\/wp-content\/uploads\/2020\/06\/Langevin66-161x300.jpg 161w, https:\/\/galeriebecot.com\/wp-content\/uploads\/2020\/06\/Langevin66-768x1427.jpg 768w, https:\/\/galeriebecot.com\/wp-content\/uploads\/2020\/06\/Langevin66-827x1536.jpg 827w, https:\/\/galeriebecot.com\/wp-content\/uploads\/2020\/06\/Langevin66.jpg 927w\" sizes=\"auto, (max-width: 551px) 100vw, 551px\" \/><\/figure>\n\n\n\n<figure class=\"wp-block-image size-large\"><img loading=\"lazy\" decoding=\"async\" width=\"870\" height=\"623\" src=\"https:\/\/www.galeriebecot.com\/wp-content\/uploads\/2020\/06\/Langevin77.jpg\" alt=\"\" class=\"wp-image-13084\" srcset=\"https:\/\/galeriebecot.com\/wp-content\/uploads\/2020\/06\/Langevin77.jpg 870w, https:\/\/galeriebecot.com\/wp-content\/uploads\/2020\/06\/Langevin77-300x215.jpg 300w, https:\/\/galeriebecot.com\/wp-content\/uploads\/2020\/06\/Langevin77-768x550.jpg 768w\" sizes=\"auto, (max-width: 870px) 100vw, 870px\" \/><\/figure>\n\n\n\n<p class=\"wp-block-paragraph\">Les sculptures monumentales de l&rsquo;artiste n\u00e9 \u00e0 la Dor\u00e9, au lac-Saint-Jean, se trouvent un peu partout au Qu\u00e9bec&#8230;.<\/p>\n\n\n<p><iframe loading=\"lazy\" title=\"Hadrian \/ Bronze Casting Using The Lost-Wax Technique\" src=\"https:\/\/player.vimeo.com\/video\/159788008?dnt=1&amp;app_id=122963\" width=\"700\" height=\"394\" frameborder=\"0\" allow=\"autoplay; fullscreen\" allowfullscreen><\/iframe><\/p>\n<h3><a href=\"https:\/\/www.galeriebecot.com\/wp-content\/uploads\/2017\/05\/Droit-de-parole-1.jpg\"><img loading=\"lazy\" decoding=\"async\" class=\"alignnone size-full wp-image-6886\" src=\"https:\/\/www.galeriebecot.com\/wp-content\/uploads\/2017\/05\/Droit-de-parole-1.jpg\" alt=\"\" width=\"874\" height=\"887\" srcset=\"https:\/\/galeriebecot.com\/wp-content\/uploads\/2017\/05\/Droit-de-parole-1.jpg 874w, https:\/\/galeriebecot.com\/wp-content\/uploads\/2017\/05\/Droit-de-parole-1-296x300.jpg 296w, https:\/\/galeriebecot.com\/wp-content\/uploads\/2017\/05\/Droit-de-parole-1-768x779.jpg 768w\" sizes=\"auto, (max-width: 874px) 100vw, 874px\" \/><\/a><\/h3>\n<p><a href=\"https:\/\/www.galeriebecot.com\/wp-content\/uploads\/2017\/05\/Droit-de-parole-2.jpg\"><img loading=\"lazy\" decoding=\"async\" class=\"alignnone size-full wp-image-6887\" src=\"https:\/\/www.galeriebecot.com\/wp-content\/uploads\/2017\/05\/Droit-de-parole-2.jpg\" alt=\"\" width=\"806\" height=\"427\" srcset=\"https:\/\/galeriebecot.com\/wp-content\/uploads\/2017\/05\/Droit-de-parole-2.jpg 806w, https:\/\/galeriebecot.com\/wp-content\/uploads\/2017\/05\/Droit-de-parole-2-300x159.jpg 300w, https:\/\/galeriebecot.com\/wp-content\/uploads\/2017\/05\/Droit-de-parole-2-768x407.jpg 768w\" sizes=\"auto, (max-width: 806px) 100vw, 806px\" \/><\/a><\/p>\n<h3><strong>Artistes invit\u00e9s :<\/strong><\/h3>\n<p><strong>B.Robert H\u00e9l\u00e8ne, B\u00e9cot Andr\u00e9, Bisson Claude, Bouffard Doris, Burry Catherine, Derouin Andr\u00e9, Dion Caroline, Drolet Gilles, Grondin Karolle, Grondin Steven, Lambert Julie, Langevin Roger, Lapka Eva, Laram\u00e9e Daniel, Leduc Patrick, Lemoyne Monette, Lis\u00e9e Jacques, Matte Colette, Morin-Dupras, Marie-Maude, Nad\u00e8ge Nadia, Martel Jean-Guy, Pallafray Philippe, Raymond Michel, Renard Anne, St-Pierre Catherine, Saya Brillet Genevi\u00e8ve, Sylvain Jacques, Vachon Louise, Warren Ann, Wisheychan Ti.<\/strong><\/p>\n<p><a href=\"http:\/\/museedubronze.com\/2017\/04\/mythes-contes-et-legendes-du-canada\/\"><img loading=\"lazy\" decoding=\"async\" class=\"alignnone size-full wp-image-6801\" src=\"https:\/\/www.galeriebecot.com\/wp-content\/uploads\/2016\/05\/Musee-du-bronze.jpg\" alt=\"\" width=\"573\" height=\"873\" srcset=\"https:\/\/galeriebecot.com\/wp-content\/uploads\/2016\/05\/Musee-du-bronze.jpg 573w, https:\/\/galeriebecot.com\/wp-content\/uploads\/2016\/05\/Musee-du-bronze-197x300.jpg 197w\" sizes=\"auto, (max-width: 573px) 100vw, 573px\" \/><\/a><\/p>\n<h3>Merci \u00e0 Monsieur Paul Sarois (artiste)<\/h3>\n<h3>pour la conception et la r\u00e9alisation de cette magnifique affiche .<\/h3>\n<p>Dans le cadre du 150e anniversaire de la Conf\u00e9d\u00e9ration en 2017, le Mus\u00e9e du Bronze d&rsquo;Inverness pr\u00e9sente une exposition d&rsquo;oeuvres sur le th\u00e8me des mythes, contes et l\u00e9gendes du Canada, repr\u00e9sentant chacun des trois territoires et des dix provinces.<\/p>\n<h3><strong>Artistes invit\u00e9s :<\/strong><\/h3>\n<p><strong>B.Robert H\u00e9l\u00e8ne, B\u00e9cot Andr\u00e9, Bisson Claude, Bouffard Doris, Burry Catherine, Derouin Andr\u00e9, Dion Caroline, Drolet Gilles, Grondin Karolle, Grondin Steven, Lambert Julie, Langevin Roger, Lapka Eva, Laram\u00e9e Daniel, Leduc Patrick, Lemoyne Monette, Lis\u00e9e Jacques, Matte Colette, Morin-Dupras, Marie-Maude, Nad\u00e8ge Nadia, Martel Jean-Guy, Pallafray Philippe, Raymond Michel, Renard Anne, St-Pierre Catherine, Saya Brillet Genevi\u00e8ve, Sylvain Jacques, Vachon Louise, Warren Ann, Wisheychan Ti.<\/strong><\/p>","protected":false},"excerpt":{"rendered":"<p>Les sculptures monumentales de l&rsquo;artiste n\u00e9 \u00e0 la Dor\u00e9, au lac-Saint-Jean, se trouvent un peu partout au Qu\u00e9bec&#8230;. Artistes invit\u00e9s : B.Robert H\u00e9l\u00e8ne, B\u00e9cot Andr\u00e9, Bisson Claude, Bouffard Doris, Burry&hellip; <\/p>\n","protected":false},"author":1,"featured_media":0,"comment_status":"open","ping_status":"open","sticky":false,"template":"","format":"standard","meta":{"_exactmetrics_skip_tracking":false,"_exactmetrics_sitenote_active":false,"_exactmetrics_sitenote_note":"","_exactmetrics_sitenote_category":0,"footnotes":""},"categories":[27,18,19],"tags":[3385,34,43,1554,750,1555,1556,1557,564,2052,647,1064,6,3376,1558,1559,1057,1586,1560,1063,3381,1061,197,3387,1588,3378,1561,1562,2051,234,457,1056,1055,1058,262,271,3382,1060,3375,1066,3377,3388,3383,3389,1563,1564,1565,1566,1567,1568,1059,1569,1589,1065,58,1572,1574,3379,1570,1571,1573,1587,3380,1575,1067,1583,1576,1577,3384,620,1062,358,1579,3386,1578,37,760,251,1580,40,1581,1582,1869],"class_list":["post-5039","post","type-post","status-publish","format-standard","hentry","category-artistes","category-evenement","category-vernissage","tag-aix-en-provence","tag-andre-becot","tag-arts-visuels","tag-b-robert-helene","tag-becot-andre","tag-bisson-claude","tag-bouffard-doris","tag-burry-catherine","tag-carol-poulin","tag-casting-using-the-lost-wax-technique","tag-celine-g-lapointe","tag-celine-white","tag-club-des-collectionneurs-en-arts-visuels-de-quebec","tag-dany-laferrioere","tag-derouin-andre","tag-dion-caroline","tag-doris-bouffard","tag-droit-de-parole","tag-drolet-gilles","tag-edith-cantin","tag-ferme-neuve","tag-francine-laurin","tag-francine-noel","tag-gilbert-langevin","tag-gilles-pelletie","tag-gilles-vigneault","tag-grondin-karolle","tag-grondin-steven","tag-hadrianbronze","tag-helene-labrie","tag-helene-larouche","tag-helene-page","tag-hugues-soucy","tag-isabelle-de-blois","tag-jacinthe-lagueux","tag-jacques-sylvain","tag-jean-francois-beaulieu","tag-jean-marie-laberge","tag-johanne-fournier","tag-karolle-grondin","tag-la-bolduc","tag-la-dore","tag-la-resilice","tag-lac-saint-jean","tag-lambert-julie","tag-langevin-roger","tag-lapka-eva","tag-laramee-daniel","tag-leduc-patrick","tag-lemoyne-monette","tag-leopol-bourjoi","tag-lisee-jacques","tag-lyne-larose","tag-manon-farmer","tag-marc-bellemare-collectionneur","tag-marie-maude","tag-martel-jean-guy","tag-mary-rose-anna-travers","tag-matte-colette","tag-morin-dupras","tag-nadege-nadia","tag-nathalie-cote","tag-newport","tag-pallafray-philippe","tag-pascal-renauld","tag-paul-sarois","tag-raymond-michel","tag-renard-anne","tag-rimouski","tag-robin-st-amant","tag-roger-langevin","tag-rusdi-genest","tag-saya-brillet-genevieve","tag-serge-arseneault","tag-st-pierre-catherine","tag-studio-becot","tag-sylvain-jacques","tag-sylvia-audet","tag-vachon-louise","tag-visuals-arts","tag-warren-ann","tag-wisheychan-ti","tag-yan-doublet"],"_links":{"self":[{"href":"https:\/\/galeriebecot.com\/index.php?rest_route=\/wp\/v2\/posts\/5039","targetHints":{"allow":["GET"]}}],"collection":[{"href":"https:\/\/galeriebecot.com\/index.php?rest_route=\/wp\/v2\/posts"}],"about":[{"href":"https:\/\/galeriebecot.com\/index.php?rest_route=\/wp\/v2\/types\/post"}],"author":[{"embeddable":true,"href":"https:\/\/galeriebecot.com\/index.php?rest_route=\/wp\/v2\/users\/1"}],"replies":[{"embeddable":true,"href":"https:\/\/galeriebecot.com\/index.php?rest_route=%2Fwp%2Fv2%2Fcomments&post=5039"}],"version-history":[{"count":21,"href":"https:\/\/galeriebecot.com\/index.php?rest_route=\/wp\/v2\/posts\/5039\/revisions"}],"predecessor-version":[{"id":13089,"href":"https:\/\/galeriebecot.com\/index.php?rest_route=\/wp\/v2\/posts\/5039\/revisions\/13089"}],"wp:attachment":[{"href":"https:\/\/galeriebecot.com\/index.php?rest_route=%2Fwp%2Fv2%2Fmedia&parent=5039"}],"wp:term":[{"taxonomy":"category","embeddable":true,"href":"https:\/\/galeriebecot.com\/index.php?rest_route=%2Fwp%2Fv2%2Fcategories&post=5039"},{"taxonomy":"post_tag","embeddable":true,"href":"https:\/\/galeriebecot.com\/index.php?rest_route=%2Fwp%2Fv2%2Ftags&post=5039"}],"curies":[{"name":"wp","href":"https:\/\/api.w.org\/{rel}","templated":true}]}}