{"id":5016,"date":"2016-05-10T14:48:33","date_gmt":"2016-05-10T18:48:33","guid":{"rendered":"http:\/\/www.clubdescollectionneursenartsvisuelsdequebec.com\/?p=5016"},"modified":"2016-05-17T15:27:28","modified_gmt":"2016-05-17T19:27:28","slug":"cathy-raymond-expose-vernissage-le-27-mai-a-1700","status":"publish","type":"post","link":"https:\/\/galeriebecot.com\/?p=5016","title":{"rendered":"Cathy Raymond expose.Vernissage le 27 mai \u00e0 17:00"},"content":{"rendered":"<p><a href=\"https:\/\/www.galeriebecot.com\/wp-content\/uploads\/2016\/05\/Cathy-Raymond1.jpg\" rel=\"attachment wp-att-5023\"><img loading=\"lazy\" decoding=\"async\" class=\"alignnone size-full wp-image-5023\" src=\"https:\/\/www.galeriebecot.com\/wp-content\/uploads\/2016\/05\/Cathy-Raymond1.jpg\" alt=\"Cathy Raymond1\" width=\"781\" height=\"843\" srcset=\"https:\/\/galeriebecot.com\/wp-content\/uploads\/2016\/05\/Cathy-Raymond1.jpg 781w, https:\/\/galeriebecot.com\/wp-content\/uploads\/2016\/05\/Cathy-Raymond1-278x300.jpg 278w, https:\/\/galeriebecot.com\/wp-content\/uploads\/2016\/05\/Cathy-Raymond1-768x829.jpg 768w\" sizes=\"auto, (max-width: 781px) 100vw, 781px\" \/><\/a><\/p>\n<p>Exposition du 27 mai au 6 juillet 2016.<\/p>\n<p>Au Belley.<\/p>\n<p>249,rue Saint-Paul \u00e0 Qu\u00e9bec.<\/p>\n<p><a href=\"http:\/\/cathyraymond.ca\/\">www.cathyraymond.ca<\/a><\/p>\n<table>\n<tbody>\n<tr>\n<td dir=\"ltr\">\n<div id=\"divtagdefaultwrapper\">\n<p>Allo, voici une petite invitation \u00e0 laquelle j&rsquo;aimerais\u00a0vous convier.<\/p>\n<p>Venez d\u00e9couvrir l&rsquo;exposition \u00ab\u00c0 chacun son r\u00eave\u00bb, le\u00a0vendredi le 27 mai<br \/>\n\u00e0 compter de 17 h au Belley, 249, rue Saint-Paul, Qu\u00e9bec.<br \/>\nJ&rsquo;y serai pr\u00e9sente pour vous rencontrer et vous pr\u00e9senter<br \/>\nmon travail qui allie peinture, couture et design.<\/p>\n<p>Petit texte d&rsquo;expo :<br \/>\n\u00abSouhait\u00e9, projet\u00e9 ou r\u00e9alis\u00e9, le r\u00eave devient pr\u00e9texte<br \/>\n\u00e0 des communications interpersonnelles et hybrides (humain-animal)<br \/>\no\u00f9 les acteurs cherchent un \u00e9quilibre avec leur environnement et<br \/>\ndu bonheur en interrelation. Histoire de jour\/de nuit, narration avant\/apr\u00e8s,<br \/>\nextrapolation du r\u00e9el ou construction d&rsquo;histoires, je r\u00eavasse!?\u00bb<\/p>\n<p>Au plaisir de vous revoir!<\/p>\n<p>Cathy Raymond<\/p>\n<\/div>\n<\/td>\n<\/tr>\n<\/tbody>\n<\/table>\n","protected":false},"excerpt":{"rendered":"<p>Exposition du 27 mai au 6 juillet 2016. Au Belley. 249,rue Saint-Paul \u00e0 Qu\u00e9bec. www.cathyraymond.ca Allo, voici une petite invitation \u00e0 laquelle j&rsquo;aimerais\u00a0vous convier. Venez d\u00e9couvrir l&rsquo;exposition \u00ab\u00c0 chacun son&hellip; <\/p>\n","protected":false},"author":1,"featured_media":0,"comment_status":"open","ping_status":"open","sticky":false,"template":"","format":"standard","meta":{"_exactmetrics_skip_tracking":false,"_exactmetrics_sitenote_active":false,"_exactmetrics_sitenote_note":"","_exactmetrics_sitenote_category":0,"footnotes":""},"categories":[27,19],"tags":[34,1049,601,67,58,37,40],"class_list":["post-5016","post","type-post","status-publish","format-standard","hentry","category-artistes","category-vernissage","tag-andre-becot","tag-belley","tag-cathy-raymond","tag-club-des-collectionneurs-en-arts-visuels-de-quebec-marc-bellemare","tag-marc-bellemare-collectionneur","tag-studio-becot","tag-visuals-arts"],"_links":{"self":[{"href":"https:\/\/galeriebecot.com\/index.php?rest_route=\/wp\/v2\/posts\/5016","targetHints":{"allow":["GET"]}}],"collection":[{"href":"https:\/\/galeriebecot.com\/index.php?rest_route=\/wp\/v2\/posts"}],"about":[{"href":"https:\/\/galeriebecot.com\/index.php?rest_route=\/wp\/v2\/types\/post"}],"author":[{"embeddable":true,"href":"https:\/\/galeriebecot.com\/index.php?rest_route=\/wp\/v2\/users\/1"}],"replies":[{"embeddable":true,"href":"https:\/\/galeriebecot.com\/index.php?rest_route=%2Fwp%2Fv2%2Fcomments&post=5016"}],"version-history":[{"count":7,"href":"https:\/\/galeriebecot.com\/index.php?rest_route=\/wp\/v2\/posts\/5016\/revisions"}],"predecessor-version":[{"id":5025,"href":"https:\/\/galeriebecot.com\/index.php?rest_route=\/wp\/v2\/posts\/5016\/revisions\/5025"}],"wp:attachment":[{"href":"https:\/\/galeriebecot.com\/index.php?rest_route=%2Fwp%2Fv2%2Fmedia&parent=5016"}],"wp:term":[{"taxonomy":"category","embeddable":true,"href":"https:\/\/galeriebecot.com\/index.php?rest_route=%2Fwp%2Fv2%2Fcategories&post=5016"},{"taxonomy":"post_tag","embeddable":true,"href":"https:\/\/galeriebecot.com\/index.php?rest_route=%2Fwp%2Fv2%2Ftags&post=5016"}],"curies":[{"name":"wp","href":"https:\/\/api.w.org\/{rel}","templated":true}]}}