{"id":4934,"date":"2020-02-11T16:23:42","date_gmt":"2020-02-11T21:23:42","guid":{"rendered":"http:\/\/www.clubdescollectionneursenartsvisuelsdequebec.com\/?p=4934"},"modified":"2020-02-23T14:12:56","modified_gmt":"2020-02-23T19:12:56","slug":"vernissage-de-art-papier-le-vendredi-13-mai-de-17-a-19h","status":"publish","type":"post","link":"https:\/\/galeriebecot.com\/?p=4934","title":{"rendered":"Galerie Articho pr\u00e9sente Simard, Audy, Audet.d\u00e8s le 21 f\u00e9vrier, et retour sur Art Papier."},"content":{"rendered":"<p><a href=\"https:\/\/www.galeriebecot.com\/wp-content\/uploads\/2016\/04\/Simard.jpg\"><img loading=\"lazy\" decoding=\"async\" class=\"alignnone size-full wp-image-12687\" src=\"https:\/\/www.galeriebecot.com\/wp-content\/uploads\/2016\/04\/Simard.jpg\" alt=\"\" width=\"672\" height=\"967\" srcset=\"https:\/\/galeriebecot.com\/wp-content\/uploads\/2016\/04\/Simard.jpg 672w, https:\/\/galeriebecot.com\/wp-content\/uploads\/2016\/04\/Simard-208x300.jpg 208w\" sizes=\"auto, (max-width: 672px) 100vw, 672px\" \/><\/a><\/p>\n<p>Rencontre.<\/p>\n<p>Jocelyne Audy, Francine Audet, Johanne Simard.<\/p>\n<p>Exposition du 18 f\u00e9vrier au 7 mars 2020.<\/p>\n<p>vernissage le vendredi 21 f\u00e9vrier \u00a0\/ 5 \u00e0 7.<\/p>\n<p>Galerie L&rsquo;ARTICHO.<\/p>\n<p>135 rue St Vallier Est, Qu\u00e9bec G1K 3N9.<\/p>\n<p><a href=\"https:\/\/www.galeriebecot.com\/wp-content\/uploads\/2020\/02\/Communique.jpg\"><img loading=\"lazy\" decoding=\"async\" class=\"alignnone size-full wp-image-12692\" src=\"https:\/\/www.galeriebecot.com\/wp-content\/uploads\/2020\/02\/Communique.jpg\" alt=\"\" width=\"725\" height=\"807\" srcset=\"https:\/\/galeriebecot.com\/wp-content\/uploads\/2020\/02\/Communique.jpg 725w, https:\/\/galeriebecot.com\/wp-content\/uploads\/2020\/02\/Communique-270x300.jpg 270w\" sizes=\"auto, (max-width: 725px) 100vw, 725px\" \/><\/a><\/p>\n<p>&nbsp;<\/p>\n<p><a href=\"https:\/\/www.galeriebecot.com\/wp-content\/uploads\/2016\/05\/Art_Papier_Galerie-Articho.jpg\" rel=\"attachment wp-att-4935\"><img loading=\"lazy\" decoding=\"async\" class=\"alignnone size-large wp-image-4935\" src=\"https:\/\/www.galeriebecot.com\/wp-content\/uploads\/2016\/05\/Art_Papier_Galerie-Articho-821x1024.jpg\" alt=\"Art_Papier_Galerie Articho\" width=\"700\" height=\"873\" srcset=\"https:\/\/galeriebecot.com\/wp-content\/uploads\/2016\/05\/Art_Papier_Galerie-Articho-821x1024.jpg 821w, https:\/\/galeriebecot.com\/wp-content\/uploads\/2016\/05\/Art_Papier_Galerie-Articho-240x300.jpg 240w, https:\/\/galeriebecot.com\/wp-content\/uploads\/2016\/05\/Art_Papier_Galerie-Articho-768x958.jpg 768w, https:\/\/galeriebecot.com\/wp-content\/uploads\/2016\/05\/Art_Papier_Galerie-Articho.jpg 1156w\" sizes=\"auto, (max-width: 700px) 100vw, 700px\" \/><\/a><\/p>\n<p>La Galerie l&rsquo;Articho, pr\u00e9sente ART PAPIER, du 10 au 28 mai 2016-Oeuvres de 13 artistes.<\/p>\n","protected":false},"excerpt":{"rendered":"<p>Rencontre. Jocelyne Audy, Francine Audet, Johanne Simard. Exposition du 18 f\u00e9vrier au 7 mars 2020. vernissage le vendredi 21 f\u00e9vrier \u00a0\/ 5 \u00e0 7. Galerie L&rsquo;ARTICHO. 135 rue St Vallier&hellip; <\/p>\n","protected":false},"author":1,"featured_media":0,"comment_status":"open","ping_status":"open","sticky":false,"template":"","format":"standard","meta":{"_exactmetrics_skip_tracking":false,"_exactmetrics_sitenote_active":false,"_exactmetrics_sitenote_note":"","_exactmetrics_sitenote_category":0,"footnotes":""},"categories":[19],"tags":[34,1034,401,1038,66,1041,3265,991,1035,984,784,495,1661,58,1040,1037,1036,37,1042,45,40,1039],"class_list":["post-4934","post","type-post","status-publish","format-standard","hentry","category-vernissage","tag-andre-becot","tag-anik-lachance","tag-ann-warren","tag-armelle-francois","tag-club-des-collectionneurs-en-arts-visuels-de-quebec-studio-becot","tag-fanny-h-levy","tag-francien-audet","tag-francine-vernac","tag-fred-jourdain","tag-gabriel-lalonde","tag-helene-matte","tag-jocelyne-audy","tag-johanne-simard","tag-marc-bellemare-collectionneur","tag-marc-emile-vigneault","tag-micheline-fournier","tag-odette-theberge","tag-studio-becot","tag-virginie-gilbert","tag-visual-art","tag-visuals-arts","tag-viviane-gruais-domenge"],"_links":{"self":[{"href":"https:\/\/galeriebecot.com\/index.php?rest_route=\/wp\/v2\/posts\/4934","targetHints":{"allow":["GET"]}}],"collection":[{"href":"https:\/\/galeriebecot.com\/index.php?rest_route=\/wp\/v2\/posts"}],"about":[{"href":"https:\/\/galeriebecot.com\/index.php?rest_route=\/wp\/v2\/types\/post"}],"author":[{"embeddable":true,"href":"https:\/\/galeriebecot.com\/index.php?rest_route=\/wp\/v2\/users\/1"}],"replies":[{"embeddable":true,"href":"https:\/\/galeriebecot.com\/index.php?rest_route=%2Fwp%2Fv2%2Fcomments&post=4934"}],"version-history":[{"count":8,"href":"https:\/\/galeriebecot.com\/index.php?rest_route=\/wp\/v2\/posts\/4934\/revisions"}],"predecessor-version":[{"id":12693,"href":"https:\/\/galeriebecot.com\/index.php?rest_route=\/wp\/v2\/posts\/4934\/revisions\/12693"}],"wp:attachment":[{"href":"https:\/\/galeriebecot.com\/index.php?rest_route=%2Fwp%2Fv2%2Fmedia&parent=4934"}],"wp:term":[{"taxonomy":"category","embeddable":true,"href":"https:\/\/galeriebecot.com\/index.php?rest_route=%2Fwp%2Fv2%2Fcategories&post=4934"},{"taxonomy":"post_tag","embeddable":true,"href":"https:\/\/galeriebecot.com\/index.php?rest_route=%2Fwp%2Fv2%2Ftags&post=4934"}],"curies":[{"name":"wp","href":"https:\/\/api.w.org\/{rel}","templated":true}]}}