{"id":4912,"date":"2016-06-12T11:00:35","date_gmt":"2016-06-12T15:00:35","guid":{"rendered":"http:\/\/www.clubdescollectionneursenartsvisuelsdequebec.com\/?p=4912"},"modified":"2016-06-15T09:37:34","modified_gmt":"2016-06-15T13:37:34","slug":"11e-conference-annuelle-de-lassociation-internationale-de-la-photographie-de-realite-virtuellequebec-2016","status":"publish","type":"post","link":"https:\/\/galeriebecot.com\/?p=4912","title":{"rendered":"11e conf\u00e9rence annuelle de l&rsquo;Association internationale de la photographie de r\u00e9alit\u00e9 virtuelle,Qu\u00e9bec 2016."},"content":{"rendered":"<p>Photo gagnante.<\/p>\n<p><a href=\"http:\/\/ivrpa.org\/event\/quebec-2016\/street-view-challenge\/\" rel=\"attachment wp-att-5100\"><img loading=\"lazy\" decoding=\"async\" class=\"alignnone size-large wp-image-5100\" src=\"https:\/\/www.galeriebecot.com\/wp-content\/uploads\/2016\/05\/Photo-gagnante-1024x437.jpg\" alt=\"Photo gagnante\" width=\"700\" height=\"299\" srcset=\"https:\/\/galeriebecot.com\/wp-content\/uploads\/2016\/05\/Photo-gagnante-1024x437.jpg 1024w, https:\/\/galeriebecot.com\/wp-content\/uploads\/2016\/05\/Photo-gagnante-300x128.jpg 300w, https:\/\/galeriebecot.com\/wp-content\/uploads\/2016\/05\/Photo-gagnante-768x327.jpg 768w, https:\/\/galeriebecot.com\/wp-content\/uploads\/2016\/05\/Photo-gagnante.jpg 1656w\" sizes=\"auto, (max-width: 700px) 100vw, 700px\" \/><\/a><\/p>\n<p><a href=\"https:\/\/www.galeriebecot.com\/wp-content\/uploads\/2016\/06\/jury.jpg\" rel=\"attachment wp-att-5103\"><img loading=\"lazy\" decoding=\"async\" class=\"alignnone size-large wp-image-5103\" src=\"https:\/\/www.galeriebecot.com\/wp-content\/uploads\/2016\/06\/jury-900x1024.jpg\" alt=\"jury\" width=\"700\" height=\"796\" srcset=\"https:\/\/galeriebecot.com\/wp-content\/uploads\/2016\/06\/jury-900x1024.jpg 900w, https:\/\/galeriebecot.com\/wp-content\/uploads\/2016\/06\/jury-264x300.jpg 264w, https:\/\/galeriebecot.com\/wp-content\/uploads\/2016\/06\/jury-768x873.jpg 768w, https:\/\/galeriebecot.com\/wp-content\/uploads\/2016\/06\/jury.jpg 1144w\" sizes=\"auto, (max-width: 700px) 100vw, 700px\" \/><\/a><\/p>\n<p><a href=\"https:\/\/www.galeriebecot.com\/wp-content\/uploads\/2016\/05\/Journal-Qu\u00e9bec.jpg\" rel=\"attachment wp-att-5028\"><img loading=\"lazy\" decoding=\"async\" class=\"alignnone size-large wp-image-5028\" src=\"https:\/\/www.galeriebecot.com\/wp-content\/uploads\/2016\/05\/Journal-Qu\u00e9bec-768x1024.jpg\" alt=\"Journal Qu\u00e9bec\" width=\"700\" height=\"933\" srcset=\"https:\/\/galeriebecot.com\/wp-content\/uploads\/2016\/05\/Journal-Qu\u00e9bec-768x1024.jpg 768w, https:\/\/galeriebecot.com\/wp-content\/uploads\/2016\/05\/Journal-Qu\u00e9bec-225x300.jpg 225w, https:\/\/galeriebecot.com\/wp-content\/uploads\/2016\/05\/Journal-Qu\u00e9bec.jpg 1536w\" sizes=\"auto, (max-width: 700px) 100vw, 700px\" \/><\/a><\/p>\n<p><a href=\"http:\/\/ici.radio-canada.ca\/emissions\/lib_radio\/v3.2\/incpages\/pop_indexeur.asp?idMedia=7518619&amp;appCode=medianet&amp;time=2324&amp;json={%22idEmission%22:%224053725%22,%22Date%22:%222016\/05\/16%22,%22numeroEmission%22:%223873%22,%22urllabase%22:%22\/emissions\/radio-canada_cet_apres-midi\/2015-2016%22}\"><img loading=\"lazy\" decoding=\"async\" class=\"alignnone size-full wp-image-4999\" src=\"https:\/\/www.galeriebecot.com\/wp-content\/uploads\/2016\/04\/160516_350ay_rcca_luc-villeneuve-ivrpa_sn635.jpg\" alt=\"160516_350ay_rcca_luc-villeneuve-ivrpa_sn635\" width=\"635\" height=\"357\" srcset=\"https:\/\/galeriebecot.com\/wp-content\/uploads\/2016\/04\/160516_350ay_rcca_luc-villeneuve-ivrpa_sn635.jpg 635w, https:\/\/galeriebecot.com\/wp-content\/uploads\/2016\/04\/160516_350ay_rcca_luc-villeneuve-ivrpa_sn635-300x169.jpg 300w\" sizes=\"auto, (max-width: 635px) 100vw, 635px\" \/><\/a><\/p>\n<p><a href=\"http:\/\/ici.radio-canada.ca\/emissions\/lib_radio\/v3.2\/incpages\/pop_indexeur.asp?idMedia=7518619&amp;appCode=medianet&amp;time=2324&amp;json={%22idEmission%22:%224053725%22,%22Date%22:%222016\/05\/16%22,%22numeroEmission%22:%223873%22,%22urllabase%22:%22\/emissions\/radio-canada_cet_apres-midi\/2015-2016%22}\" rel=\"attachment wp-att-5013\"><img loading=\"lazy\" decoding=\"async\" class=\"alignnone size-full wp-image-5013\" src=\"https:\/\/www.galeriebecot.com\/wp-content\/uploads\/2016\/04\/Interview.jpg\" alt=\"Interview\" width=\"1002\" height=\"252\" srcset=\"https:\/\/galeriebecot.com\/wp-content\/uploads\/2016\/04\/Interview.jpg 1002w, https:\/\/galeriebecot.com\/wp-content\/uploads\/2016\/04\/Interview-300x75.jpg 300w, https:\/\/galeriebecot.com\/wp-content\/uploads\/2016\/04\/Interview-768x193.jpg 768w\" sizes=\"auto, (max-width: 1002px) 100vw, 1002px\" \/><\/a><\/p>\n<p>Du 23 au 27 mai 2016,la ville de Qu\u00e9bec deviendra la capitale mondiale de la r\u00e9alit\u00e9 virtuelle \u00e0 l&rsquo;occasion de la 11e conf\u00e9rence annuelle de l&rsquo;Association internationale de la photographie de r\u00e9alit\u00e9 virtuelle,Qu\u00e9bec 2016.<\/p>\n<p><a href=\"https:\/\/www.galeriebecot.com\/wp-content\/uploads\/2016\/04\/congres3.jpg\" rel=\"attachment wp-att-5007\"><img loading=\"lazy\" decoding=\"async\" class=\"alignnone size-full wp-image-5007\" src=\"https:\/\/www.galeriebecot.com\/wp-content\/uploads\/2016\/04\/congres3.jpg\" alt=\"congres3\" width=\"676\" height=\"613\" srcset=\"https:\/\/galeriebecot.com\/wp-content\/uploads\/2016\/04\/congres3.jpg 676w, https:\/\/galeriebecot.com\/wp-content\/uploads\/2016\/04\/congres3-300x272.jpg 300w\" sizes=\"auto, (max-width: 676px) 100vw, 676px\" \/><\/a><\/p>\n<p><a href=\"https:\/\/www.galeriebecot.com\/wp-content\/uploads\/2016\/04\/congresok.jpg\" rel=\"attachment wp-att-5010\"><img loading=\"lazy\" decoding=\"async\" class=\"alignnone size-full wp-image-5010\" src=\"https:\/\/www.galeriebecot.com\/wp-content\/uploads\/2016\/04\/congresok.jpg\" alt=\"congresok\" width=\"611\" height=\"776\" srcset=\"https:\/\/galeriebecot.com\/wp-content\/uploads\/2016\/04\/congresok.jpg 611w, https:\/\/galeriebecot.com\/wp-content\/uploads\/2016\/04\/congresok-236x300.jpg 236w\" sizes=\"auto, (max-width: 611px) 100vw, 611px\" \/><\/a><\/p>\n<h2 class=\"entry-title\">Qu\u00e9bec 2016<\/h2>\n<div class=\"entry-content clearfix\">\n<h4>Qu\u00e9bec 2016 \u2014 IVRPA 360\u00b0 Virtual Reality Panoramic Photography &amp; Video Conference<\/h4>\n<p><strong>IVRPA, the International VR Photography Association<\/strong> invite you to the <strong>10th Annual 360\u00b0 VR Photography Conference<\/strong>. On May 23-27 2016 , Qu\u00e9bec City, Canada will become the world capital of Virtual Reality 360\u00b0 Panoramic Photography and 360\u00b0 Video!<\/p>\n<p>In December 1985, the United Nations Educational, Scientific and Cultural Organization (UNESCO) added the historic district of Old Qu\u00e9bec City to its prestigious World Heritage List. Qu\u00e9bec City became the only city north of Mexico to receive this honor, one it shares with such age-old cities as Tunis, Cairo, Damascus, Jerusalem, Rome, Florence, Cracow, and Warsaw.<\/p>\n<\/div>\n<p><a href=\"http:\/\/ivrpa.org\/event\/quebec-2016\/\" rel=\"attachment wp-att-4921\"><img loading=\"lazy\" decoding=\"async\" class=\"alignnone size-full wp-image-4921\" src=\"https:\/\/www.galeriebecot.com\/wp-content\/uploads\/2016\/04\/LogoQuebec2016-sidebar-horizontal.png\" alt=\"LogoQuebec2016-sidebar-horizontal\" width=\"711\" height=\"307\" srcset=\"https:\/\/galeriebecot.com\/wp-content\/uploads\/2016\/04\/LogoQuebec2016-sidebar-horizontal.png 711w, https:\/\/galeriebecot.com\/wp-content\/uploads\/2016\/04\/LogoQuebec2016-sidebar-horizontal-300x130.png 300w\" sizes=\"auto, (max-width: 711px) 100vw, 711px\" \/><\/a><\/p>\n<p>Un click sur la photo ci haut pour le site en d\u00e9tail du IVRPA.<\/p>\n<p>Au March\u00e9 public vous trouverez des fournisseurs d&rsquo;\u00e9quipement et de solutions logiciels UNIQUES, de l&rsquo;entr\u00e9e de gamme aux appareils les plus sophistiqu\u00e9s. ET C&rsquo;EST GRATUIT! Du 24 au 26 mai 2016 a H\u00f4tel Ch\u00e2teau Laurier quebec360.com<\/p>\n","protected":false},"excerpt":{"rendered":"<p>Photo gagnante. Du 23 au 27 mai 2016,la ville de Qu\u00e9bec deviendra la capitale mondiale de la r\u00e9alit\u00e9 virtuelle \u00e0 l&rsquo;occasion de la 11e conf\u00e9rence annuelle de l&rsquo;Association internationale de&hellip; <\/p>\n","protected":false},"author":1,"featured_media":0,"comment_status":"open","ping_status":"open","sticky":false,"template":"","format":"standard","meta":{"_exactmetrics_skip_tracking":false,"_exactmetrics_sitenote_active":false,"_exactmetrics_sitenote_note":"","_exactmetrics_sitenote_category":0,"footnotes":""},"categories":[17],"tags":[1095,34,1096,1097,1098,1104,1048,1105,1033,1101,1032,1102,1106,1103,438,1100,37,40,1099],"class_list":["post-4912","post","type-post","status-publish","format-standard","hentry","category-conference","tag-alex-mcclain","tag-andre-becot","tag-bostjan-burger","tag-david-vasicek","tag-denis-gadbois","tag-frederick-smith","tag-google-street","tag-guy-lessard","tag-ivrpa-quebec-city-2016","tag-jurgen-matern","tag-luc-villeneuve","tag-luke-woods","tag-mario-beland","tag-markus-matern","tag-regis-labeaume","tag-roxanne-shewchuk","tag-studio-becot","tag-visuals-arts","tag-wael-chanab"],"_links":{"self":[{"href":"https:\/\/galeriebecot.com\/index.php?rest_route=\/wp\/v2\/posts\/4912","targetHints":{"allow":["GET"]}}],"collection":[{"href":"https:\/\/galeriebecot.com\/index.php?rest_route=\/wp\/v2\/posts"}],"about":[{"href":"https:\/\/galeriebecot.com\/index.php?rest_route=\/wp\/v2\/types\/post"}],"author":[{"embeddable":true,"href":"https:\/\/galeriebecot.com\/index.php?rest_route=\/wp\/v2\/users\/1"}],"replies":[{"embeddable":true,"href":"https:\/\/galeriebecot.com\/index.php?rest_route=%2Fwp%2Fv2%2Fcomments&post=4912"}],"version-history":[{"count":22,"href":"https:\/\/galeriebecot.com\/index.php?rest_route=\/wp\/v2\/posts\/4912\/revisions"}],"predecessor-version":[{"id":5104,"href":"https:\/\/galeriebecot.com\/index.php?rest_route=\/wp\/v2\/posts\/4912\/revisions\/5104"}],"wp:attachment":[{"href":"https:\/\/galeriebecot.com\/index.php?rest_route=%2Fwp%2Fv2%2Fmedia&parent=4912"}],"wp:term":[{"taxonomy":"category","embeddable":true,"href":"https:\/\/galeriebecot.com\/index.php?rest_route=%2Fwp%2Fv2%2Fcategories&post=4912"},{"taxonomy":"post_tag","embeddable":true,"href":"https:\/\/galeriebecot.com\/index.php?rest_route=%2Fwp%2Fv2%2Ftags&post=4912"}],"curies":[{"name":"wp","href":"https:\/\/api.w.org\/{rel}","templated":true}]}}