{"id":4891,"date":"2016-04-24T17:49:01","date_gmt":"2016-04-24T21:49:01","guid":{"rendered":"http:\/\/www.clubdescollectionneursenartsvisuelsdequebec.com\/?p=4891"},"modified":"2016-04-30T11:06:19","modified_gmt":"2016-04-30T15:06:19","slug":"4891","status":"publish","type":"post","link":"https:\/\/galeriebecot.com\/?p=4891","title":{"rendered":"Louis Garneau r\u00eave de financer une \u00e9quipe du Tour de France avec l&rsquo;art."},"content":{"rendered":"<p><a href=\"https:\/\/www.galeriebecot.com\/wp-content\/uploads\/2016\/04\/Louis1-1.jpg\" rel=\"attachment wp-att-4897\"><img loading=\"lazy\" decoding=\"async\" class=\"alignnone size-full wp-image-4897\" src=\"https:\/\/www.galeriebecot.com\/wp-content\/uploads\/2016\/04\/Louis1-1.jpg\" alt=\"Louis1\" width=\"654\" height=\"655\" srcset=\"https:\/\/galeriebecot.com\/wp-content\/uploads\/2016\/04\/Louis1-1.jpg 654w, https:\/\/galeriebecot.com\/wp-content\/uploads\/2016\/04\/Louis1-1-150x150.jpg 150w, https:\/\/galeriebecot.com\/wp-content\/uploads\/2016\/04\/Louis1-1-300x300.jpg 300w, https:\/\/galeriebecot.com\/wp-content\/uploads\/2016\/04\/Louis1-1-330x330.jpg 330w\" sizes=\"auto, (max-width: 654px) 100vw, 654px\" \/><\/a><\/p>\n<p>Louis Garneau dans son mus\u00e9e du v\u00e9lo.<\/p>\n<p>Art Factory.&lt;&lt;Le dernier projet <em>fly\u00e9<\/em> de Louis Garneau inc.!&gt;&gt; Le nouvel espace r\u00e9unit une boutique,un mus\u00e9e du v\u00e9lo et une galerie d&rsquo;art.<\/p>\n<p><a href=\"https:\/\/www.galeriebecot.com\/wp-content\/uploads\/2016\/04\/Louis2-vrai.jpg\" rel=\"attachment wp-att-4895\"><img loading=\"lazy\" decoding=\"async\" class=\"alignnone size-large wp-image-4895\" src=\"https:\/\/www.galeriebecot.com\/wp-content\/uploads\/2016\/04\/Louis2-vrai-668x1024.jpg\" alt=\"Louis2 vrai\" width=\"668\" height=\"1024\" srcset=\"https:\/\/galeriebecot.com\/wp-content\/uploads\/2016\/04\/Louis2-vrai-668x1024.jpg 668w, https:\/\/galeriebecot.com\/wp-content\/uploads\/2016\/04\/Louis2-vrai-196x300.jpg 196w, https:\/\/galeriebecot.com\/wp-content\/uploads\/2016\/04\/Louis2-vrai.jpg 678w\" sizes=\"auto, (max-width: 668px) 100vw, 668px\" \/><\/a><\/p>\n<p><a href=\"https:\/\/www.galeriebecot.com\/wp-content\/uploads\/2016\/04\/Louis3-1.jpg\" rel=\"attachment wp-att-4898\"><img loading=\"lazy\" decoding=\"async\" class=\"alignnone size-full wp-image-4898\" src=\"https:\/\/www.galeriebecot.com\/wp-content\/uploads\/2016\/04\/Louis3-1.jpg\" alt=\"Louis3\" width=\"655\" height=\"421\" srcset=\"https:\/\/galeriebecot.com\/wp-content\/uploads\/2016\/04\/Louis3-1.jpg 655w, https:\/\/galeriebecot.com\/wp-content\/uploads\/2016\/04\/Louis3-1-300x193.jpg 300w\" sizes=\"auto, (max-width: 655px) 100vw, 655px\" \/><\/a><\/p>\n<p><a href=\"https:\/\/www.galeriebecot.com\/wp-content\/uploads\/2016\/04\/Louis4.jpg\" rel=\"attachment wp-att-4899\"><img loading=\"lazy\" decoding=\"async\" class=\"alignnone size-full wp-image-4899\" src=\"https:\/\/www.galeriebecot.com\/wp-content\/uploads\/2016\/04\/Louis4.jpg\" alt=\"Louis4\" width=\"669\" height=\"327\" srcset=\"https:\/\/galeriebecot.com\/wp-content\/uploads\/2016\/04\/Louis4.jpg 669w, https:\/\/galeriebecot.com\/wp-content\/uploads\/2016\/04\/Louis4-300x147.jpg 300w\" sizes=\"auto, (max-width: 669px) 100vw, 669px\" \/><\/a><\/p>\n","protected":false},"excerpt":{"rendered":"<p>Louis Garneau dans son mus\u00e9e du v\u00e9lo. Art Factory.&lt;&lt;Le dernier projet fly\u00e9 de Louis Garneau inc.!&gt;&gt; Le nouvel espace r\u00e9unit une boutique,un mus\u00e9e du v\u00e9lo et une galerie d&rsquo;art.<\/p>\n","protected":false},"author":1,"featured_media":0,"comment_status":"open","ping_status":"open","sticky":false,"template":"","format":"standard","meta":{"_exactmetrics_skip_tracking":false,"_exactmetrics_sitenote_active":false,"_exactmetrics_sitenote_note":"","_exactmetrics_sitenote_category":0,"footnotes":""},"categories":[20,27,29,30],"tags":[34,1018,1019,43,66,768,58,37,1017,40],"class_list":["post-4891","post","type-post","status-publish","format-standard","hentry","category-article-descriptif","category-artistes","category-journaux","category-le-soleil","tag-andre-becot","tag-art","tag-art-factory","tag-arts-visuels","tag-club-des-collectionneurs-en-arts-visuels-de-quebec-studio-becot","tag-louis-garneau","tag-marc-bellemare-collectionneur","tag-studio-becot","tag-tour-de-france","tag-visuals-arts"],"_links":{"self":[{"href":"https:\/\/galeriebecot.com\/index.php?rest_route=\/wp\/v2\/posts\/4891","targetHints":{"allow":["GET"]}}],"collection":[{"href":"https:\/\/galeriebecot.com\/index.php?rest_route=\/wp\/v2\/posts"}],"about":[{"href":"https:\/\/galeriebecot.com\/index.php?rest_route=\/wp\/v2\/types\/post"}],"author":[{"embeddable":true,"href":"https:\/\/galeriebecot.com\/index.php?rest_route=\/wp\/v2\/users\/1"}],"replies":[{"embeddable":true,"href":"https:\/\/galeriebecot.com\/index.php?rest_route=%2Fwp%2Fv2%2Fcomments&post=4891"}],"version-history":[{"count":4,"href":"https:\/\/galeriebecot.com\/index.php?rest_route=\/wp\/v2\/posts\/4891\/revisions"}],"predecessor-version":[{"id":4901,"href":"https:\/\/galeriebecot.com\/index.php?rest_route=\/wp\/v2\/posts\/4891\/revisions\/4901"}],"wp:attachment":[{"href":"https:\/\/galeriebecot.com\/index.php?rest_route=%2Fwp%2Fv2%2Fmedia&parent=4891"}],"wp:term":[{"taxonomy":"category","embeddable":true,"href":"https:\/\/galeriebecot.com\/index.php?rest_route=%2Fwp%2Fv2%2Fcategories&post=4891"},{"taxonomy":"post_tag","embeddable":true,"href":"https:\/\/galeriebecot.com\/index.php?rest_route=%2Fwp%2Fv2%2Ftags&post=4891"}],"curies":[{"name":"wp","href":"https:\/\/api.w.org\/{rel}","templated":true}]}}