{"id":4854,"date":"2016-04-28T14:12:19","date_gmt":"2016-04-28T18:12:19","guid":{"rendered":"http:\/\/www.clubdescollectionneursenartsvisuelsdequebec.com\/?p=4854"},"modified":"2016-05-08T16:11:00","modified_gmt":"2016-05-08T20:11:00","slug":"jocelyn-robert-vu-francois-morelli-galerie-piroir-klody-tremblay-chez-sherpa","status":"publish","type":"post","link":"https:\/\/galeriebecot.com\/?p=4854","title":{"rendered":"Kl\u00f4dy Tremblay (Chez Sherpa), Fran\u00e7ois Morelli (Galerie Piroir), Jocelyn Robert (VU),"},"content":{"rendered":"<p><a href=\"https:\/\/www.galeriebecot.com\/wp-content\/uploads\/2016\/04\/Klody1.jpg\" rel=\"attachment wp-att-4985\"><img loading=\"lazy\" decoding=\"async\" class=\"alignnone size-full wp-image-4985\" src=\"https:\/\/www.galeriebecot.com\/wp-content\/uploads\/2016\/04\/Klody1.jpg\" alt=\"Klody1\" width=\"822\" height=\"809\" srcset=\"https:\/\/galeriebecot.com\/wp-content\/uploads\/2016\/04\/Klody1.jpg 822w, https:\/\/galeriebecot.com\/wp-content\/uploads\/2016\/04\/Klody1-300x295.jpg 300w, https:\/\/galeriebecot.com\/wp-content\/uploads\/2016\/04\/Klody1-768x756.jpg 768w\" sizes=\"auto, (max-width: 822px) 100vw, 822px\" \/><\/a><\/p>\n<p><a href=\"https:\/\/www.galeriebecot.com\/wp-content\/uploads\/2016\/04\/Klody2.jpg\" rel=\"attachment wp-att-4986\"><img loading=\"lazy\" decoding=\"async\" class=\"alignnone size-full wp-image-4986\" src=\"https:\/\/www.galeriebecot.com\/wp-content\/uploads\/2016\/04\/Klody2.jpg\" alt=\"Klody2\" width=\"830\" height=\"677\" srcset=\"https:\/\/galeriebecot.com\/wp-content\/uploads\/2016\/04\/Klody2.jpg 830w, https:\/\/galeriebecot.com\/wp-content\/uploads\/2016\/04\/Klody2-300x245.jpg 300w, https:\/\/galeriebecot.com\/wp-content\/uploads\/2016\/04\/Klody2-768x626.jpg 768w\" sizes=\"auto, (max-width: 830px) 100vw, 830px\" \/><\/a><\/p>\n<p>De :\u00a0Gilles Simard.<\/p>\n<p>J&rsquo;ai v\u00e9cu un fort beau moment, hier, \u00e0 la galerie Sherpa, alors qu&rsquo;en compagnie de plus de 150 personnes, j&rsquo;assistais au lancement de l&rsquo;exposition de peintures de mon amie Kl\u00f5dy Tremblay, une artiste de Qu\u00e9bec des plus chaleureuses et dou\u00e9es. Intitul\u00e9e \u00a0\u00bb Petite Fleur \u00a0\u00bb (en hommage \u00e0 l&rsquo;auteur Sidney B\u00e9chet), cet expo constitu\u00e9 d&rsquo;une vingtaine d&rsquo;\u0153uvre qui sont presque toutes en lien avec la passion de Kl\u00f5dy pour la musique, est visible jusqu&rsquo;en d\u00e9but juin. Un quartet de jazz constitu\u00e9 des amis de l&rsquo;artiste compl\u00e9tait le portrait sonore. Vraiment!<\/p>\n<p><a href=\"https:\/\/www.galeriebecot.com\/wp-content\/uploads\/2016\/04\/Klody.jpg\" rel=\"attachment wp-att-4861\"><img loading=\"lazy\" decoding=\"async\" class=\"alignnone size-full wp-image-4861\" src=\"https:\/\/www.galeriebecot.com\/wp-content\/uploads\/2016\/04\/Klody.jpg\" alt=\"Klody\" width=\"511\" height=\"872\" srcset=\"https:\/\/galeriebecot.com\/wp-content\/uploads\/2016\/04\/Klody.jpg 511w, https:\/\/galeriebecot.com\/wp-content\/uploads\/2016\/04\/Klody-176x300.jpg 176w\" sizes=\"auto, (max-width: 511px) 100vw, 511px\" \/><\/a><\/p>\n<p>Vendredi le 6 mai prochain,vous \u00eates tous invit\u00e9s au vernissage de mes oeuvres r\u00e9centes, lors d&rsquo;un 5 @ 7, au Pech-Sherpa.<\/p>\n<p><strong>Kl\u00f4dy Tremblay.<\/strong><\/p>\n<p><a href=\"https:\/\/www.galeriebecot.com\/wp-content\/uploads\/2016\/04\/Morelli.jpg\" rel=\"attachment wp-att-4860\"><img loading=\"lazy\" decoding=\"async\" class=\"alignnone size-full wp-image-4860\" src=\"https:\/\/www.galeriebecot.com\/wp-content\/uploads\/2016\/04\/Morelli.jpg\" alt=\"Morelli\" width=\"532\" height=\"809\" srcset=\"https:\/\/galeriebecot.com\/wp-content\/uploads\/2016\/04\/Morelli.jpg 532w, https:\/\/galeriebecot.com\/wp-content\/uploads\/2016\/04\/Morelli-197x300.jpg 197w\" sizes=\"auto, (max-width: 532px) 100vw, 532px\" \/><\/a><\/p>\n<p><a href=\"https:\/\/www.galeriebecot.com\/wp-content\/uploads\/2016\/04\/vu1.jpg\" rel=\"attachment wp-att-4855\"><img loading=\"lazy\" decoding=\"async\" class=\"alignnone size-full wp-image-4855\" src=\"https:\/\/www.galeriebecot.com\/wp-content\/uploads\/2016\/04\/vu1.jpg\" alt=\"vu1\" width=\"603\" height=\"816\" srcset=\"https:\/\/galeriebecot.com\/wp-content\/uploads\/2016\/04\/vu1.jpg 603w, https:\/\/galeriebecot.com\/wp-content\/uploads\/2016\/04\/vu1-222x300.jpg 222w\" sizes=\"auto, (max-width: 603px) 100vw, 603px\" \/><\/a><\/p>\n<p><a href=\"https:\/\/www.galeriebecot.com\/wp-content\/uploads\/2016\/04\/vu2.jpg\" rel=\"attachment wp-att-4856\"><img loading=\"lazy\" decoding=\"async\" class=\"alignnone size-full wp-image-4856\" src=\"https:\/\/www.galeriebecot.com\/wp-content\/uploads\/2016\/04\/vu2.jpg\" alt=\"vu2\" width=\"602\" height=\"842\" srcset=\"https:\/\/galeriebecot.com\/wp-content\/uploads\/2016\/04\/vu2.jpg 602w, https:\/\/galeriebecot.com\/wp-content\/uploads\/2016\/04\/vu2-214x300.jpg 214w\" sizes=\"auto, (max-width: 602px) 100vw, 602px\" \/><\/a><\/p>\n<p><a href=\"https:\/\/www.galeriebecot.com\/wp-content\/uploads\/2016\/04\/vu4.jpg\" rel=\"attachment wp-att-4858\"><img loading=\"lazy\" decoding=\"async\" class=\"alignnone size-full wp-image-4858\" src=\"https:\/\/www.galeriebecot.com\/wp-content\/uploads\/2016\/04\/vu4.jpg\" alt=\"vu4\" width=\"602\" height=\"768\" srcset=\"https:\/\/galeriebecot.com\/wp-content\/uploads\/2016\/04\/vu4.jpg 602w, https:\/\/galeriebecot.com\/wp-content\/uploads\/2016\/04\/vu4-235x300.jpg 235w\" sizes=\"auto, (max-width: 602px) 100vw, 602px\" \/><\/a><\/p>\n","protected":false},"excerpt":{"rendered":"<p>De :\u00a0Gilles Simard. J&rsquo;ai v\u00e9cu un fort beau moment, hier, \u00e0 la galerie Sherpa, alors qu&rsquo;en compagnie de plus de 150 personnes, j&rsquo;assistais au lancement de l&rsquo;exposition de peintures de&hellip; <\/p>\n","protected":false},"author":1,"featured_media":0,"comment_status":"open","ping_status":"open","sticky":false,"template":"","format":"standard","meta":{"_exactmetrics_skip_tracking":false,"_exactmetrics_sitenote_active":false,"_exactmetrics_sitenote_note":"","_exactmetrics_sitenote_category":0,"footnotes":""},"categories":[27,19],"tags":[34,997,66,996,993,221,995,58,998,37,40,994],"class_list":["post-4854","post","type-post","status-publish","format-standard","hentry","category-artistes","category-vernissage","tag-andre-becot","tag-atelier-galerie-a-piroir","tag-club-des-collectionneurs-en-arts-visuels-de-quebec-studio-becot","tag-francois-morelli","tag-jocelyn-robert","tag-klody-tremblay","tag-la-bande-video","tag-marc-bellemare-collectionneur","tag-sherpa","tag-studio-becot","tag-visuals-arts","tag-vu"],"_links":{"self":[{"href":"https:\/\/galeriebecot.com\/index.php?rest_route=\/wp\/v2\/posts\/4854","targetHints":{"allow":["GET"]}}],"collection":[{"href":"https:\/\/galeriebecot.com\/index.php?rest_route=\/wp\/v2\/posts"}],"about":[{"href":"https:\/\/galeriebecot.com\/index.php?rest_route=\/wp\/v2\/types\/post"}],"author":[{"embeddable":true,"href":"https:\/\/galeriebecot.com\/index.php?rest_route=\/wp\/v2\/users\/1"}],"replies":[{"embeddable":true,"href":"https:\/\/galeriebecot.com\/index.php?rest_route=%2Fwp%2Fv2%2Fcomments&post=4854"}],"version-history":[{"count":20,"href":"https:\/\/galeriebecot.com\/index.php?rest_route=\/wp\/v2\/posts\/4854\/revisions"}],"predecessor-version":[{"id":4987,"href":"https:\/\/galeriebecot.com\/index.php?rest_route=\/wp\/v2\/posts\/4854\/revisions\/4987"}],"wp:attachment":[{"href":"https:\/\/galeriebecot.com\/index.php?rest_route=%2Fwp%2Fv2%2Fmedia&parent=4854"}],"wp:term":[{"taxonomy":"category","embeddable":true,"href":"https:\/\/galeriebecot.com\/index.php?rest_route=%2Fwp%2Fv2%2Fcategories&post=4854"},{"taxonomy":"post_tag","embeddable":true,"href":"https:\/\/galeriebecot.com\/index.php?rest_route=%2Fwp%2Fv2%2Ftags&post=4854"}],"curies":[{"name":"wp","href":"https:\/\/api.w.org\/{rel}","templated":true}]}}