{"id":4839,"date":"2019-11-20T13:34:54","date_gmt":"2019-11-20T18:34:54","guid":{"rendered":"http:\/\/www.clubdescollectionneursenartsvisuelsdequebec.com\/?p=4839"},"modified":"2019-11-28T15:12:02","modified_gmt":"2019-11-28T20:12:02","slug":"rita-ezrati-expose","status":"publish","type":"post","link":"https:\/\/galeriebecot.com\/?p=4839","title":{"rendered":"Biennale Miniatures, \u00e0 l&rsquo;espace contemporain, Galerie d&rsquo;art."},"content":{"rendered":"<p><a href=\"http:\/\/www.michelparent.com\/club\/\"><img loading=\"lazy\" decoding=\"async\" class=\"alignnone size-full wp-image-8818\" src=\"https:\/\/www.galeriebecot.com\/wp-content\/uploads\/2018\/06\/Logo-inscription-1-768x64ok.jpg\" alt=\"\" width=\"657\" height=\"63\" srcset=\"https:\/\/galeriebecot.com\/wp-content\/uploads\/2018\/06\/Logo-inscription-1-768x64ok.jpg 657w, https:\/\/galeriebecot.com\/wp-content\/uploads\/2018\/06\/Logo-inscription-1-768x64ok-300x29.jpg 300w\" sizes=\"auto, (max-width: 657px) 100vw, 657px\" \/><\/a><\/p>\n<p><a href=\"https:\/\/www.lespacecontemporain.com\/galerie-de-quebec\/Mot-de-bienvenue\"><img loading=\"lazy\" decoding=\"async\" class=\"alignnone size-full wp-image-12033\" src=\"https:\/\/www.galeriebecot.com\/wp-content\/uploads\/2018\/10\/miniature11.jpg\" alt=\"\" width=\"432\" height=\"688\" srcset=\"https:\/\/galeriebecot.com\/wp-content\/uploads\/2018\/10\/miniature11.jpg 432w, https:\/\/galeriebecot.com\/wp-content\/uploads\/2018\/10\/miniature11-188x300.jpg 188w\" sizes=\"auto, (max-width: 432px) 100vw, 432px\" \/><\/a><\/p>\n<p><em><span dir=\"ltr\"><span class=\"_3l3x\">La galerie fermera d\u00e9finitivement le 21 d\u00e9cembre. Une autre qui disparait apr\u00e8s celle du <strong>Grand Th\u00e9atre<\/strong>, du <strong>Palais Montcalm<\/strong>, La galerie <strong>ROUJE<\/strong>, la galerie <strong>REN JAMAIS NULLE PART<\/strong>\u00a0les <strong>ATELIERS IMAGINE<\/strong> , <strong>LE CENTRE D&rsquo;EXPOSITION<\/strong>, et bien d&rsquo;autres que j&rsquo;oublie.Les arts visuels sont tr\u00e8s malades \u00e0 Qu\u00e9bec et les artistes en manque d&rsquo;espaces publics pour simplement montrer le fruit de leur recherche.<\/span><\/span><\/em><\/p>\n<p><em>H\u00e9l\u00e8ne Larouche<\/em><\/p>\n<p><strong>Vernissage le vendredi 29 novembre de 5@7.<\/strong><\/p>\n<p>Ginette Ash, Liliane Bernier, Janet Blais, C\u00e9lyne Brassard, Yves-R\u00e9jean Bri\u00e8re, Judith Cameron, Gilles C\u00f4t\u00e9, Genevi\u00e8ve DeCelles,Marie Delagrave, Micheline Fournier, Michel Gigu\u00e8re, Chantale Guy, Jacques Lacasse, St\u00e9phanie Lamothe, H\u00e9l\u00e8ne Larouche, Sylvie Morin, Nicole Nadeau, \u00c9l\u00e9onore Paradis-Laperri\u00e8re, Suzette Patry, Franck Perez, Marie-Reine Poirier, Edmonde Poirier McConnel, Nicole Prince, Carole Turgeon, Sandra Veillette,<\/p>\n<p>&nbsp;<\/p>\n<p><a href=\"https:\/\/www.galeriebecot.com\/wp-content\/uploads\/2018\/06\/Gruais.jpg\"><img loading=\"lazy\" decoding=\"async\" class=\"alignnone size-full wp-image-9540\" src=\"https:\/\/www.galeriebecot.com\/wp-content\/uploads\/2018\/06\/Gruais.jpg\" alt=\"\" width=\"445\" height=\"679\" srcset=\"https:\/\/galeriebecot.com\/wp-content\/uploads\/2018\/06\/Gruais.jpg 445w, https:\/\/galeriebecot.com\/wp-content\/uploads\/2018\/06\/Gruais-197x300.jpg 197w\" sizes=\"auto, (max-width: 445px) 100vw, 445px\" \/><\/a><\/p>\n<p>Vernissage le vendredi 26 octobre 2018 dans une formule de 5 @ 7 &#8230;..bienvenue \u00e0 tous !<\/p>\n<p>D&rsquo;un passage \u00e0 l&rsquo;autre&#8230;<\/p>\n<p><span style=\"color: #000000;\"><span style=\"font-family: Arial, sans-serif;\"><b>\u00ab\u00a0Revenant d&rsquo;Europe de l&rsquo;exposition collective \u00ab\u00a0Passages et Traces d&rsquo;Art\u00a0\u00bb qui a eu lieu \u00e0 Lyon avec 6 de ses amis artistes,\u00a0<\/b><\/span><\/span><b>Viviane Gruais vous propose une suite de cette exp\u00e9rience avec cette exposition \u00ab\u00a0D&rsquo;un passage \u00e0 l&rsquo;autre\u00a0\u00bb.<\/b><\/p>\n<p><span style=\"color: #000000; font-family: Arial, sans-serif;\"><b>C&rsquo;est une r\u00e9flexion sur les passerelles qui unissent les deux continents, celles qui laissent une trace, une m\u00e9moire.. c&rsquo;est aussi ces rues de Qu\u00e9bec et celles de Lyon qui tissent son histoire personnelle.<\/b><\/span><\/p>\n<p><span style=\"color: #000000;\"><b><span style=\"font-family: Arial, sans-serif;\">Ce sont des territoires, des lieux oubli\u00e9s, des po\u00e9sies urbaines, des bouts de silence et lieux secrets qui seront rassembl\u00e9s autour de ce corpus. Certaines \u0153uvres cr\u00e9\u00e9es comme des artefacts, d&rsquo;autres comme des espaces lib\u00e9r\u00e9s nous inviteront \u00e0 nous laisser toucher\u00a0<\/span>par ces lieux qui\u00a0nous p\u00e9trissent chacun.<\/b><\/span><\/p>\n<p><span style=\"color: #000000;\"><span style=\"font-family: Arial, sans-serif;\"><b>Une cinquantaine d&rsquo;oeuvres de dimensions vari\u00e9es sur plexiglas, sur papier, sur toile, alliant techniques mixtes<\/b><\/span><\/span><\/p>\n<p><span style=\"color: #000000;\"><span style=\"font-family: Arial, sans-serif;\"><b>\u00a0et assemblage seront rassembl\u00e9es pour cette exposition\u00a0\u00bb<\/b><\/span><\/span><\/p>\n<p><span style=\"color: #ff0000; font-family: Arial, sans-serif;\"><b>Une exposition \u00e0 ne pas manquer !<\/b><\/span><\/p>\n<p>&nbsp;<\/p>\n<p><a href=\"http:\/\/www.lespacecontemporain.com\/galerie-de-quebec\/artiste\/Marie-Dominique-ROULEAU\"><img loading=\"lazy\" decoding=\"async\" class=\"alignnone size-full wp-image-8877\" src=\"https:\/\/www.galeriebecot.com\/wp-content\/uploads\/2018\/05\/Rouleau.jpg\" alt=\"\" width=\"608\" height=\"266\" srcset=\"https:\/\/galeriebecot.com\/wp-content\/uploads\/2018\/05\/Rouleau.jpg 608w, https:\/\/galeriebecot.com\/wp-content\/uploads\/2018\/05\/Rouleau-300x131.jpg 300w\" sizes=\"auto, (max-width: 608px) 100vw, 608px\" \/><\/a><\/p>\n<p>Jeu de Fibres.<\/p>\n<p>Vernissage le 14 juin \u00e0 17h.<\/p>\n<p>Du 13 juin au 8 juillet 2018.<\/p>\n<p>L&rsquo;espace contemporain, galerie d&rsquo;art.<\/p>\n<p><a href=\"https:\/\/www.galeriebecot.com\/wp-content\/uploads\/2018\/06\/Rouleau-Marie-Dominique.jpg\"><img loading=\"lazy\" decoding=\"async\" class=\"alignnone size-large wp-image-8988\" src=\"https:\/\/www.galeriebecot.com\/wp-content\/uploads\/2018\/06\/Rouleau-Marie-Dominique-685x1024.jpg\" alt=\"\" width=\"685\" height=\"1024\" srcset=\"https:\/\/galeriebecot.com\/wp-content\/uploads\/2018\/06\/Rouleau-Marie-Dominique-685x1024.jpg 685w, https:\/\/galeriebecot.com\/wp-content\/uploads\/2018\/06\/Rouleau-Marie-Dominique-201x300.jpg 201w, https:\/\/galeriebecot.com\/wp-content\/uploads\/2018\/06\/Rouleau-Marie-Dominique.jpg 692w\" sizes=\"auto, (max-width: 685px) 100vw, 685px\" \/><\/a><\/p>\n<p><a href=\"https:\/\/www.galeriebecot.com\/wp-content\/uploads\/2018\/05\/Marie-Dominique-Bedard1.jpg\"><img loading=\"lazy\" decoding=\"async\" class=\"alignnone size-full wp-image-8794\" src=\"https:\/\/www.galeriebecot.com\/wp-content\/uploads\/2018\/05\/Marie-Dominique-Bedard1.jpg\" alt=\"\" width=\"432\" height=\"455\" srcset=\"https:\/\/galeriebecot.com\/wp-content\/uploads\/2018\/05\/Marie-Dominique-Bedard1.jpg 432w, https:\/\/galeriebecot.com\/wp-content\/uploads\/2018\/05\/Marie-Dominique-Bedard1-285x300.jpg 285w\" sizes=\"auto, (max-width: 432px) 100vw, 432px\" \/><\/a><\/p>\n<p><a href=\"https:\/\/www.galeriebecot.com\/wp-content\/uploads\/2016\/04\/Invitation-Mezzanine.jpg\"><img loading=\"lazy\" decoding=\"async\" class=\"alignnone size-full wp-image-8786\" src=\"https:\/\/www.galeriebecot.com\/wp-content\/uploads\/2016\/04\/Invitation-Mezzanine.jpg\" alt=\"\" width=\"787\" height=\"937\" srcset=\"https:\/\/galeriebecot.com\/wp-content\/uploads\/2016\/04\/Invitation-Mezzanine.jpg 787w, https:\/\/galeriebecot.com\/wp-content\/uploads\/2016\/04\/Invitation-Mezzanine-252x300.jpg 252w, https:\/\/galeriebecot.com\/wp-content\/uploads\/2016\/04\/Invitation-Mezzanine-768x914.jpg 768w\" sizes=\"auto, (max-width: 787px) 100vw, 787px\" \/><\/a><\/p>\n<p>L&rsquo;atelier de la mezzanine est un des dix groupes de la coop\u00e9rative M\u00e9duse.<\/p>\n<p>Vernissage le mercredi 6 juin de 17h \u00e0 19h.<\/p>\n<p>\u00c9ric Abel,Denis Belleau,Diane Bellefeuille,Solane B\u00e9rub\u00e9,R\u00e9mi Blais,H\u00e9l\u00e8ne Cloutier,Yacynthe Couture,Serge Demers,Yolande Des Groseilliers,Caroline Dion,C\u00e9line Dupuis,Jean-Claude Duval,S\u00e9bastien Gauthier,Sylvie Lavoie,Marie-Jos\u00e9e Lebel,Dominique Mainguy,Dominok Maltais,Sylvain M\u00e9tivier,Marianne Michel,Pier-Frank, Marie-Domonique Rouleau,Denyse Toussaint,<\/p>\n<p><a href=\"https:\/\/www.galeriebecot.com\/wp-content\/uploads\/2016\/04\/Celine-Lapointe.jpg\" rel=\"attachment wp-att-4848\"><img loading=\"lazy\" decoding=\"async\" class=\"alignnone size-large wp-image-4848\" src=\"https:\/\/www.galeriebecot.com\/wp-content\/uploads\/2016\/04\/Celine-Lapointe-1024x502.jpg\" alt=\"https:\/\/courrielweb.videotron.com\/iwc_s...ayout\/shell.html?lang=\" width=\"700\" height=\"343\" srcset=\"https:\/\/galeriebecot.com\/wp-content\/uploads\/2016\/04\/Celine-Lapointe-1024x502.jpg 1024w, https:\/\/galeriebecot.com\/wp-content\/uploads\/2016\/04\/Celine-Lapointe-300x147.jpg 300w, https:\/\/galeriebecot.com\/wp-content\/uploads\/2016\/04\/Celine-Lapointe-768x376.jpg 768w, https:\/\/galeriebecot.com\/wp-content\/uploads\/2016\/04\/Celine-Lapointe.jpg 1200w\" sizes=\"auto, (max-width: 700px) 100vw, 700px\" \/><\/a><\/p>\n<p>Inauguration de la galerie Gruais-Grondin: le Samedi le 21 mai 2016 de 11h30 \u00e0 13h30.<\/p>\n<p>Place de la Cit\u00e9-All\u00e9e centrale.<\/p>\n<p><strong>Artistes de la galerie: <\/strong><\/p>\n<p>Cynthia Coulombe-B\u00e9gin,Catherine Blackburn,Emmanuelle Breton,Fontaine-Negrin,Ginette Gibeault,Sylvie Grondin,Viviane Gruais,Jacinthe Lagueux,Jean-Jacques Hudon,Judith Cameron,Gabriel Lalonde,C\u00e9line G-Lapointe,C\u00e9line Martel,Julie Muller,Sophie Pardo,Isabel Picard,Carole St-Germain,Chantal Touchette,Francine Vernac,<\/p>\n<p>&nbsp;<\/p>\n<p><a href=\"https:\/\/www.galeriebecot.com\/wp-content\/uploads\/2016\/04\/Janet-Blais-2.jpg\" rel=\"attachment wp-att-4844\"><img loading=\"lazy\" decoding=\"async\" class=\"alignnone size-full wp-image-4844\" src=\"https:\/\/www.galeriebecot.com\/wp-content\/uploads\/2016\/04\/Janet-Blais-2.jpg\" alt=\"https:\/\/courrielweb.videotron.com\/iwc_s...ayout\/shell.html?lang=\" width=\"791\" height=\"426\" srcset=\"https:\/\/galeriebecot.com\/wp-content\/uploads\/2016\/04\/Janet-Blais-2.jpg 791w, https:\/\/galeriebecot.com\/wp-content\/uploads\/2016\/04\/Janet-Blais-2-300x162.jpg 300w, https:\/\/galeriebecot.com\/wp-content\/uploads\/2016\/04\/Janet-Blais-2-768x414.jpg 768w\" sizes=\"auto, (max-width: 791px) 100vw, 791px\" \/><\/a><\/p>\n<p>Vernissage Samedi le 7 mai de 14 \u00e0 16h<\/p>\n<p>313,rue Saint-Jean,Qu\u00e9bec<\/p>\n<p>418 648 2002<\/p>\n<p><a href=\"https:\/\/www.galeriebecot.com\/wp-content\/uploads\/2016\/04\/Janet-Blais-1.jpg\" rel=\"attachment wp-att-4846\"><img loading=\"lazy\" decoding=\"async\" class=\"alignnone size-full wp-image-4846\" src=\"https:\/\/www.galeriebecot.com\/wp-content\/uploads\/2016\/04\/Janet-Blais-1.jpg\" alt=\"https:\/\/courrielweb.videotron.com\/iwc_s...ayout\/shell.html?lang=\" width=\"787\" height=\"841\" srcset=\"https:\/\/galeriebecot.com\/wp-content\/uploads\/2016\/04\/Janet-Blais-1.jpg 787w, https:\/\/galeriebecot.com\/wp-content\/uploads\/2016\/04\/Janet-Blais-1-281x300.jpg 281w, https:\/\/galeriebecot.com\/wp-content\/uploads\/2016\/04\/Janet-Blais-1-768x821.jpg 768w\" sizes=\"auto, (max-width: 787px) 100vw, 787px\" \/><\/a><\/p>\n<p><a href=\"https:\/\/www.galeriebecot.com\/wp-content\/uploads\/2016\/04\/Communiqu\u00e9-Rita-Ezrati-1.jpg\" rel=\"attachment wp-att-4841\"><img loading=\"lazy\" decoding=\"async\" class=\"alignnone size-full wp-image-4841\" src=\"https:\/\/www.galeriebecot.com\/wp-content\/uploads\/2016\/04\/Communiqu\u00e9-Rita-Ezrati-1.jpg\" alt=\"Communiqu\u00e9 Rita Ezrati (1)\" width=\"772\" height=\"948\" srcset=\"https:\/\/galeriebecot.com\/wp-content\/uploads\/2016\/04\/Communiqu\u00e9-Rita-Ezrati-1.jpg 772w, https:\/\/galeriebecot.com\/wp-content\/uploads\/2016\/04\/Communiqu\u00e9-Rita-Ezrati-1-244x300.jpg 244w, https:\/\/galeriebecot.com\/wp-content\/uploads\/2016\/04\/Communiqu\u00e9-Rita-Ezrati-1-768x943.jpg 768w\" sizes=\"auto, (max-width: 772px) 100vw, 772px\" \/><\/a><\/p>\n<p>Vernissage:Mercredi 4 mai \u00e0 17h<\/p>\n<p>100,rue Sherbrooke Est,Montr\u00e9al<\/p>\n<p>514-872-5338<\/p>\n","protected":false},"excerpt":{"rendered":"<p>La galerie fermera d\u00e9finitivement le 21 d\u00e9cembre. Une autre qui disparait apr\u00e8s celle du Grand Th\u00e9atre, du Palais Montcalm, La galerie ROUJE, la galerie REN JAMAIS NULLE PART\u00a0les ATELIERS IMAGINE&hellip; <\/p>\n","protected":false},"author":1,"featured_media":0,"comment_status":"open","ping_status":"open","sticky":false,"template":"","format":"standard","meta":{"_exactmetrics_skip_tracking":false,"_exactmetrics_sitenote_active":false,"_exactmetrics_sitenote_note":"","_exactmetrics_sitenote_category":0,"footnotes":""},"categories":[27,19],"tags":[34,989,2769,2195,979,2196,647,985,2999,990,3005,975,978,2047,2207,2188,2201,2202,3010,3008,676,2187,980,991,2605,984,992,977,3002,3001,1285,888,2191,457,988,262,1456,976,2197,982,983,986,1426,58,2204,3003,557,2213,2206,2200,3009,3004,1037,3007,3011,2205,2190,974,3012,2198,2193,2189,987,3006,37,889,2203,981,2199,2604,40,452,2192,2194,3000],"class_list":["post-4839","post","type-post","status-publish","format-standard","hentry","category-artistes","category-vernissage","tag-andre-becot","tag-carole-st-germain","tag-carole-turgeon","tag-caroline-dion","tag-catherine-blackburn","tag-celine-dupuis","tag-celine-g-lapointe","tag-celine-martel","tag-celyne-brassard","tag-chantal-touchette","tag-chantale-guy","tag-chapelle-historique-du-bon-pasteur","tag-cynthia-coulombe-begin","tag-denis-belleau","tag-denyse-toussaint","tag-diane-bellefeuille","tag-dominique-mainguy","tag-dominok-maltais","tag-edmonde-poirier-mcconnel","tag-eleonore-paradis-laperriere","tag-emmanuelle-breton","tag-eric-abel","tag-fontaine-negrin","tag-francine-vernac","tag-franck-perez","tag-gabriel-lalonde","tag-galerie-dart-gruais-grondin","tag-galerie-espace-contemporain","tag-genevieve-decelles","tag-gilles-cote","tag-ginette-ash","tag-ginette-gibeault","tag-helene-cloutier","tag-helene-larouche","tag-isabel-picard","tag-jacinthe-lagueux","tag-jacques-lacasse","tag-janet-blais","tag-jean-claude-duval","tag-jean-jacques-hudon","tag-judith-cameron","tag-julie-muller","tag-liliane-bernier","tag-marc-bellemare-collectionneur","tag-marianne-michel","tag-marie-delagrave","tag-marie-dominique-bedard","tag-marie-dominique-rouleau","tag-marie-domonique-rouleau","tag-marie-josee-lebel","tag-marie-reine-poirier","tag-michel-giguere","tag-micheline-fournier","tag-nicole-nadeau","tag-nicole-prince","tag-pier-frank","tag-remi-blais","tag-rita-ezrati","tag-sandra-veillette","tag-sebastien-gauthier","tag-serge-demers","tag-solane-berube","tag-sophie-pardo","tag-stephanie-lamothe","tag-studio-becot","tag-suzette-patry","tag-sylvain-metivier","tag-sylvie-grondin","tag-sylvie-lavoie","tag-sylvie-morin","tag-visuals-arts","tag-viviane-gruais","tag-yacynthe-couture","tag-yolande-des-groseilliers","tag-yves-rejean-briere"],"_links":{"self":[{"href":"https:\/\/galeriebecot.com\/index.php?rest_route=\/wp\/v2\/posts\/4839","targetHints":{"allow":["GET"]}}],"collection":[{"href":"https:\/\/galeriebecot.com\/index.php?rest_route=\/wp\/v2\/posts"}],"about":[{"href":"https:\/\/galeriebecot.com\/index.php?rest_route=\/wp\/v2\/types\/post"}],"author":[{"embeddable":true,"href":"https:\/\/galeriebecot.com\/index.php?rest_route=\/wp\/v2\/users\/1"}],"replies":[{"embeddable":true,"href":"https:\/\/galeriebecot.com\/index.php?rest_route=%2Fwp%2Fv2%2Fcomments&post=4839"}],"version-history":[{"count":26,"href":"https:\/\/galeriebecot.com\/index.php?rest_route=\/wp\/v2\/posts\/4839\/revisions"}],"predecessor-version":[{"id":12038,"href":"https:\/\/galeriebecot.com\/index.php?rest_route=\/wp\/v2\/posts\/4839\/revisions\/12038"}],"wp:attachment":[{"href":"https:\/\/galeriebecot.com\/index.php?rest_route=%2Fwp%2Fv2%2Fmedia&parent=4839"}],"wp:term":[{"taxonomy":"category","embeddable":true,"href":"https:\/\/galeriebecot.com\/index.php?rest_route=%2Fwp%2Fv2%2Fcategories&post=4839"},{"taxonomy":"post_tag","embeddable":true,"href":"https:\/\/galeriebecot.com\/index.php?rest_route=%2Fwp%2Fv2%2Ftags&post=4839"}],"curies":[{"name":"wp","href":"https:\/\/api.w.org\/{rel}","templated":true}]}}