{"id":4801,"date":"2019-06-01T10:25:47","date_gmt":"2019-06-01T14:25:47","guid":{"rendered":"http:\/\/www.clubdescollectionneursenartsvisuelsdequebec.com\/?p=4801"},"modified":"2019-06-06T18:25:11","modified_gmt":"2019-06-06T22:25:11","slug":"paule-thibault-expose-vernissage-le-mardi-3-mai","status":"publish","type":"post","link":"https:\/\/galeriebecot.com\/?p=4801","title":{"rendered":"Solo de Marie-Reine Leroux \/Espace Contemporain. Vernissage : Vendredi 7 juin"},"content":{"rendered":"<p><a href=\"https:\/\/www.lespacecontemporain.com\/galerie-de-quebec\/Expositions\"><img loading=\"lazy\" decoding=\"async\" class=\"alignnone size-full wp-image-11474\" src=\"https:\/\/www.galeriebecot.com\/wp-content\/uploads\/2018\/11\/Leroux.jpg\" alt=\"\" width=\"680\" height=\"706\" srcset=\"https:\/\/galeriebecot.com\/wp-content\/uploads\/2018\/11\/Leroux.jpg 680w, https:\/\/galeriebecot.com\/wp-content\/uploads\/2018\/11\/Leroux-289x300.jpg 289w\" sizes=\"auto, (max-width: 680px) 100vw, 680px\" \/><\/a><\/p>\n<p>Attraction naturelle<\/p>\n<p>Marie-Reine Leroux<\/p>\n<p>Vernissage le 7 juin 2019 de 5@7<\/p>\n<p><a href=\"https:\/\/www.galeriebecot.com\/wp-content\/uploads\/2018\/10\/espace-contemporain.jpg\"><img loading=\"lazy\" decoding=\"async\" class=\"alignnone size-full wp-image-9793\" src=\"https:\/\/www.galeriebecot.com\/wp-content\/uploads\/2018\/10\/espace-contemporain.jpg\" alt=\"\" width=\"570\" height=\"849\" srcset=\"https:\/\/galeriebecot.com\/wp-content\/uploads\/2018\/10\/espace-contemporain.jpg 570w, https:\/\/galeriebecot.com\/wp-content\/uploads\/2018\/10\/espace-contemporain-201x300.jpg 201w\" sizes=\"auto, (max-width: 570px) 100vw, 570px\" \/><\/a><\/p>\n<p>3\u00e8 \u00e9dition MAXIMUM 100<\/p>\n<p>Vernissage le 23 novembre \/ 5@7.<\/p>\n<p>Claude Grondin en solo (photographe)<\/p>\n<p>Rencontre avec l&rsquo;artiste: samedi le 15 d\u00e9cembre de 16 \u00e0 16h.<\/p>\n<p><a href=\"https:\/\/www.galeriebecot.com\/wp-content\/uploads\/2018\/11\/Claude-Grondin.jpg\"><img loading=\"lazy\" decoding=\"async\" class=\"alignnone size-full wp-image-9804\" src=\"https:\/\/www.galeriebecot.com\/wp-content\/uploads\/2018\/11\/Claude-Grondin.jpg\" alt=\"\" width=\"695\" height=\"993\" srcset=\"https:\/\/galeriebecot.com\/wp-content\/uploads\/2018\/11\/Claude-Grondin.jpg 695w, https:\/\/galeriebecot.com\/wp-content\/uploads\/2018\/11\/Claude-Grondin-210x300.jpg 210w\" sizes=\"auto, (max-width: 695px) 100vw, 695px\" \/><\/a><\/p>\n<p><a href=\"https:\/\/www.galeriebecot.com\/wp-content\/uploads\/2017\/08\/Warren.jpg\"><img loading=\"lazy\" decoding=\"async\" class=\"alignnone size-large wp-image-7218\" src=\"https:\/\/www.galeriebecot.com\/wp-content\/uploads\/2017\/08\/Warren-1024x421.jpg\" alt=\"\" width=\"700\" height=\"288\" srcset=\"https:\/\/galeriebecot.com\/wp-content\/uploads\/2017\/08\/Warren-1024x421.jpg 1024w, https:\/\/galeriebecot.com\/wp-content\/uploads\/2017\/08\/Warren-300x123.jpg 300w, https:\/\/galeriebecot.com\/wp-content\/uploads\/2017\/08\/Warren-768x316.jpg 768w, https:\/\/galeriebecot.com\/wp-content\/uploads\/2017\/08\/Warren.jpg 1091w\" sizes=\"auto, (max-width: 700px) 100vw, 700px\" \/><\/a><\/p>\n<p><strong>Tr\u00e9sors oubli\u00e9s.<\/strong><\/p>\n<p>Exposition de <strong>Ann Warren.<\/strong><\/p>\n<p>Espace contemporain.<\/p>\n<p>313 rue Saint-Jean, Qu\u00e9bec.<\/p>\n<p>19 au 24 septembre.<\/p>\n<p><strong>Vernissage: Jeudi , 21 septembre 17h \u00e0 19h.<\/strong><\/p>\n<p>Native de Pointe-au-Pic, Ann Warren cr\u00e9e d\u00e8s sa jeunesse des oeuvres o\u00f9 on trouve les \u00eatres peuplant son imagination. \u00c0 l\u2019adolescence, elle d\u00e9cide que sa carri\u00e8re lui permettra de s\u2019exprimer par l\u2019image. Dipl\u00f4m\u00e9e en arts plastiques au niveau coll\u00e9gial, elle rencontre Albert Rousseau qui la prend sous son aile. Elle revient ensuite vivre dans Charlevoix o\u00f9 elle peint d\u2019abord des paysages, avant de d\u00e9couvrir les techniques de peinture \u00e0 l\u2019huile et l\u2019aquarelle. Elle adopte ensuite l\u2019acrylique sur papier qui correspond davantage au style de ses oeuvres.<\/p>\n<p><a href=\"https:\/\/www.francineaudetartiste.com\/\"><img loading=\"lazy\" decoding=\"async\" class=\"alignnone size-full wp-image-7110\" src=\"https:\/\/www.galeriebecot.com\/wp-content\/uploads\/2017\/07\/Francine-Audet.jpg\" alt=\"\" width=\"576\" height=\"574\" srcset=\"https:\/\/galeriebecot.com\/wp-content\/uploads\/2017\/07\/Francine-Audet.jpg 576w, https:\/\/galeriebecot.com\/wp-content\/uploads\/2017\/07\/Francine-Audet-150x150.jpg 150w, https:\/\/galeriebecot.com\/wp-content\/uploads\/2017\/07\/Francine-Audet-300x300.jpg 300w, https:\/\/galeriebecot.com\/wp-content\/uploads\/2017\/07\/Francine-Audet-330x330.jpg 330w\" sizes=\"auto, (max-width: 576px) 100vw, 576px\" \/><\/a><\/p>\n<h2 class=\"font_2\">Francine Audet.<\/h2>\n<p class=\"font_8\">Qu\u00e9bec (Qu\u00e9bec)\u00a0Canada.<\/p>\n<p class=\"font_8\">Biographie.<\/p>\n<p class=\"font_8\">Artiste qui vit et travaille \u00e0\u00a0Qu\u00e9bec.<\/p>\n<p class=\"font_8\">Issue d&rsquo;une famille d&rsquo;artistes et d&rsquo;artisans, elle s\u00a0\u00bbint\u00e9resse\u00a0\u00e0 l&rsquo;art et particuli\u00e8rement\u00a0\u00e0 la couleur, d\u00e8s l&rsquo;enfance.<\/p>\n<p class=\"font_8\">Elle poursuit des\u00a0formations aupr\u00e8s de diff\u00e9rents professeurs avant d&rsquo;acqu\u00e9rir un baccalaur\u00e9at en arts plastiques\u00a0\u00e0 l&rsquo;Universit\u00e9 Laval.<\/p>\n<p class=\"font_8\">D\u00e9marche artistique.<\/p>\n<p class=\"font_8\">Mon travail de cr\u00e9ation propose des espaces picturaux dans lesquels les \u00e9l\u00e9ments sont mis en tension dans des rapports d\u2019affinit\u00e9\/opposition, rencontre\/rupture dont ils exp\u00e9rimentent les limites qu\u2019ils s\u2019appliquent \u00e0 d\u00e9passer.<\/p>\n<p class=\"font_8\">Ces rapports s\u2019\u00e9laborent suivant diverses strat\u00e9gies qui se d\u00e9veloppent sur un mode d\u2019ambigu\u00eft\u00e9 et de paradoxe entre le dessin et la peinture, la forme et la figure, l\u2019objet et la repr\u00e9sentation, l\u2019int\u00e9grit\u00e9 et le fragment, le collage et l\u2019assemblage\u2026<\/p>\n<p class=\"font_8\">Bient\u00f4t cette exploration des contrastes commande une r\u00e9solution qui transforme l\u2019espace pictural en un lieu o\u00f9 sont convoqu\u00e9 les r\u00e9miniscences de diverses exp\u00e9riences issues du champ intuitif et affectif.<\/p>\n<p class=\"font_8\">\u00ab\u00a0Ces exp\u00e9riences qui ont contribu\u00e9 \u00e0 fa\u00e7onner \u00ab\u00a0la saveur\u00a0\u00bb que le monde ou les \u00e9v\u00e9nements ont pour notre pens\u00e9e\u00a0\u00bb (S. Kokis)<\/p>\n<p class=\"font_7\"><span class=\"wixGuard\">\u200b<\/span><\/p>\n<p><a href=\"http:\/\/www.lespacecontemporain.com\/galerie-de-quebec\/artiste\/Marie-Reine-LEROUX\"><img loading=\"lazy\" decoding=\"async\" class=\"alignnone size-full wp-image-6989\" src=\"https:\/\/www.galeriebecot.com\/wp-content\/uploads\/2016\/05\/Leroux.jpg\" alt=\"\" width=\"825\" height=\"638\" srcset=\"https:\/\/galeriebecot.com\/wp-content\/uploads\/2016\/05\/Leroux.jpg 825w, https:\/\/galeriebecot.com\/wp-content\/uploads\/2016\/05\/Leroux-300x232.jpg 300w, https:\/\/galeriebecot.com\/wp-content\/uploads\/2016\/05\/Leroux-768x594.jpg 768w\" sizes=\"auto, (max-width: 825px) 100vw, 825px\" \/><\/a><\/p>\n<p>Marie-Reine Leroux.<\/p>\n<p>L&rsquo;espace CONTEMPORAIN , galerie d&rsquo;art .<\/p>\n<p>Exposition du 12 au 30 juillet.<\/p>\n<p>Vernissage le samedi 15 juillet 2017 de 14 \u00e0 16h<\/p>\n<p>313, rue Saint-Jean, Qu\u00e9bec, G1R 1N9<\/p>\n<p><a href=\"https:\/\/www.galeriebecot.com\/wp-content\/uploads\/2016\/04\/Paule1.jpg\" rel=\"attachment wp-att-4958\"><img loading=\"lazy\" decoding=\"async\" class=\"alignnone size-full wp-image-4958\" src=\"https:\/\/www.galeriebecot.com\/wp-content\/uploads\/2016\/04\/Paule1.jpg\" alt=\"Paule1\" width=\"705\" height=\"984\" srcset=\"https:\/\/galeriebecot.com\/wp-content\/uploads\/2016\/04\/Paule1.jpg 705w, https:\/\/galeriebecot.com\/wp-content\/uploads\/2016\/04\/Paule1-215x300.jpg 215w\" sizes=\"auto, (max-width: 705px) 100vw, 705px\" \/><\/a><\/p>\n<p><a href=\"https:\/\/www.galeriebecot.com\/wp-content\/uploads\/2016\/04\/Paule2.jpg\" rel=\"attachment wp-att-4959\"><img loading=\"lazy\" decoding=\"async\" class=\"alignnone size-full wp-image-4959\" src=\"https:\/\/www.galeriebecot.com\/wp-content\/uploads\/2016\/04\/Paule2.jpg\" alt=\"Paule2\" width=\"696\" height=\"887\" srcset=\"https:\/\/galeriebecot.com\/wp-content\/uploads\/2016\/04\/Paule2.jpg 696w, https:\/\/galeriebecot.com\/wp-content\/uploads\/2016\/04\/Paule2-235x300.jpg 235w\" sizes=\"auto, (max-width: 696px) 100vw, 696px\" \/><\/a><\/p>\n<p><a href=\"https:\/\/www.galeriebecot.com\/wp-content\/uploads\/2016\/04\/Paule3.jpg\" rel=\"attachment wp-att-4960\"><img loading=\"lazy\" decoding=\"async\" class=\"alignnone size-full wp-image-4960\" src=\"https:\/\/www.galeriebecot.com\/wp-content\/uploads\/2016\/04\/Paule3.jpg\" alt=\"Paule3\" width=\"702\" height=\"445\" srcset=\"https:\/\/galeriebecot.com\/wp-content\/uploads\/2016\/04\/Paule3.jpg 702w, https:\/\/galeriebecot.com\/wp-content\/uploads\/2016\/04\/Paule3-300x190.jpg 300w\" sizes=\"auto, (max-width: 702px) 100vw, 702px\" \/><\/a><\/p>\n<p><a href=\"https:\/\/www.galeriebecot.com\/wp-content\/uploads\/2016\/04\/Thibault-Paule-4.jpg\" rel=\"attachment wp-att-4802\"><img loading=\"lazy\" decoding=\"async\" class=\"alignnone size-large wp-image-4802\" src=\"https:\/\/www.galeriebecot.com\/wp-content\/uploads\/2016\/04\/Thibault-Paule-4-855x1024.jpg\" alt=\"https:\/\/courrielweb.videotron.com\/iwc_s...ayout\/shell.html?lang=\" width=\"700\" height=\"838\" srcset=\"https:\/\/galeriebecot.com\/wp-content\/uploads\/2016\/04\/Thibault-Paule-4-855x1024.jpg 855w, https:\/\/galeriebecot.com\/wp-content\/uploads\/2016\/04\/Thibault-Paule-4-250x300.jpg 250w, https:\/\/galeriebecot.com\/wp-content\/uploads\/2016\/04\/Thibault-Paule-4-768x920.jpg 768w, https:\/\/galeriebecot.com\/wp-content\/uploads\/2016\/04\/Thibault-Paule-4.jpg 1239w\" sizes=\"auto, (max-width: 700px) 100vw, 700px\" \/><\/a><\/p>\n<p><a href=\"https:\/\/www.galeriebecot.com\/wp-content\/uploads\/2016\/04\/Thibault-Paule-1.jpg\" rel=\"attachment wp-att-4804\"><img loading=\"lazy\" decoding=\"async\" class=\"alignnone size-large wp-image-4804\" src=\"https:\/\/www.galeriebecot.com\/wp-content\/uploads\/2016\/04\/Thibault-Paule-1-1024x666.jpg\" alt=\"https:\/\/courrielweb.videotron.com\/iwc_s...ayout\/shell.html?lang=\" width=\"700\" height=\"455\" srcset=\"https:\/\/galeriebecot.com\/wp-content\/uploads\/2016\/04\/Thibault-Paule-1-1024x666.jpg 1024w, https:\/\/galeriebecot.com\/wp-content\/uploads\/2016\/04\/Thibault-Paule-1-300x195.jpg 300w, https:\/\/galeriebecot.com\/wp-content\/uploads\/2016\/04\/Thibault-Paule-1-768x500.jpg 768w, https:\/\/galeriebecot.com\/wp-content\/uploads\/2016\/04\/Thibault-Paule-1.jpg 1239w\" sizes=\"auto, (max-width: 700px) 100vw, 700px\" \/><\/a><\/p>\n<p>Paule Thibault est l&rsquo;heureuse laur\u00e9ate de l&rsquo;\u00e9dition 2015-16 du Prix L&rsquo;espace contemporain apr\u00e8s que les deux jurys,de Montr\u00e9al et de Qu\u00e9bec,aient \u00e9tudi\u00e9s la quinzaine de dossiers re\u00e7us.En acceptant ce prix,Madame Thibault se m\u00e9rite une exposition solo qui se prom\u00e8nera dans nos deux galeries,ainsi qu&rsquo;une bourse de 500.00$ remise par <strong>Monsieur Marc Bellemare,collectionneur d&rsquo;oeuvres d&rsquo;art.<\/strong><\/p>\n<p><a href=\"https:\/\/www.galeriebecot.com\/wp-content\/uploads\/2016\/04\/Thibault-Paule-2.jpg\" rel=\"attachment wp-att-4806\"><img loading=\"lazy\" decoding=\"async\" class=\"alignnone size-large wp-image-4806\" src=\"https:\/\/www.galeriebecot.com\/wp-content\/uploads\/2016\/04\/Thibault-Paule-2-1024x965.jpg\" alt=\"https:\/\/courrielweb.videotron.com\/iwc_s...ayout\/shell.html?lang=\" width=\"700\" height=\"660\" srcset=\"https:\/\/galeriebecot.com\/wp-content\/uploads\/2016\/04\/Thibault-Paule-2-1024x965.jpg 1024w, https:\/\/galeriebecot.com\/wp-content\/uploads\/2016\/04\/Thibault-Paule-2-300x283.jpg 300w, https:\/\/galeriebecot.com\/wp-content\/uploads\/2016\/04\/Thibault-Paule-2-768x724.jpg 768w, https:\/\/galeriebecot.com\/wp-content\/uploads\/2016\/04\/Thibault-Paule-2.jpg 1239w\" sizes=\"auto, (max-width: 700px) 100vw, 700px\" \/><\/a><\/p>\n","protected":false},"excerpt":{"rendered":"<p>Attraction naturelle Marie-Reine Leroux Vernissage le 7 juin 2019 de 5@7 3\u00e8 \u00e9dition MAXIMUM 100 Vernissage le 23 novembre \/ 5@7. Claude Grondin en solo (photographe) Rencontre avec l&rsquo;artiste: samedi&hellip; <\/p>\n","protected":false},"author":1,"featured_media":0,"comment_status":"open","ping_status":"open","sticky":false,"template":"","format":"standard","meta":{"_exactmetrics_skip_tracking":false,"_exactmetrics_sitenote_active":false,"_exactmetrics_sitenote_note":"","_exactmetrics_sitenote_category":0,"footnotes":""},"categories":[27,19],"tags":[34,401,2601,2596,66,2599,2600,1660,2605,1285,982,495,1661,983,943,2597,58,2598,2422,2606,1629,2603,944,942,2607,37,2602,2604,571,40],"class_list":["post-4801","post","type-post","status-publish","format-standard","hentry","category-artistes","category-vernissage","tag-andre-becot","tag-ann-warren","tag-anne-labrie","tag-claude-grondin","tag-club-des-collectionneurs-en-arts-visuels-de-quebec-studio-becot","tag-emilie-boudreau","tag-france-couture","tag-francine-audet","tag-franck-perez","tag-ginette-ash","tag-jean-jacques-hudon","tag-jocelyne-audy","tag-johanne-simard","tag-judith-cameron","tag-lespace-contemporain","tag-louisette-beaupre","tag-marc-bellemare-collectionneur","tag-marie-belanger","tag-marie-plante","tag-marie-france-roy","tag-marie-reine-leroux","tag-mayane","tag-michel-therrien","tag-paule-thibault","tag-rachel-st_pierre","tag-studio-becot","tag-suzanne-lavigne","tag-sylvie-morin","tag-therese-casavant","tag-visuals-arts"],"_links":{"self":[{"href":"https:\/\/galeriebecot.com\/index.php?rest_route=\/wp\/v2\/posts\/4801","targetHints":{"allow":["GET"]}}],"collection":[{"href":"https:\/\/galeriebecot.com\/index.php?rest_route=\/wp\/v2\/posts"}],"about":[{"href":"https:\/\/galeriebecot.com\/index.php?rest_route=\/wp\/v2\/types\/post"}],"author":[{"embeddable":true,"href":"https:\/\/galeriebecot.com\/index.php?rest_route=\/wp\/v2\/users\/1"}],"replies":[{"embeddable":true,"href":"https:\/\/galeriebecot.com\/index.php?rest_route=%2Fwp%2Fv2%2Fcomments&post=4801"}],"version-history":[{"count":22,"href":"https:\/\/galeriebecot.com\/index.php?rest_route=\/wp\/v2\/posts\/4801\/revisions"}],"predecessor-version":[{"id":11476,"href":"https:\/\/galeriebecot.com\/index.php?rest_route=\/wp\/v2\/posts\/4801\/revisions\/11476"}],"wp:attachment":[{"href":"https:\/\/galeriebecot.com\/index.php?rest_route=%2Fwp%2Fv2%2Fmedia&parent=4801"}],"wp:term":[{"taxonomy":"category","embeddable":true,"href":"https:\/\/galeriebecot.com\/index.php?rest_route=%2Fwp%2Fv2%2Fcategories&post=4801"},{"taxonomy":"post_tag","embeddable":true,"href":"https:\/\/galeriebecot.com\/index.php?rest_route=%2Fwp%2Fv2%2Ftags&post=4801"}],"curies":[{"name":"wp","href":"https:\/\/api.w.org\/{rel}","templated":true}]}}