{"id":4743,"date":"2016-07-24T10:33:23","date_gmt":"2016-07-24T14:33:23","guid":{"rendered":"http:\/\/www.clubdescollectionneursenartsvisuelsdequebec.com\/?p=4743"},"modified":"2016-07-28T10:52:16","modified_gmt":"2016-07-28T14:52:16","slug":"4743","status":"publish","type":"post","link":"https:\/\/galeriebecot.com\/?p=4743","title":{"rendered":"La sculpture de Salvador Dali vandalis\u00e9e sur la terasse Dufferin ! par contre elle existe encore !"},"content":{"rendered":"<p><a href=\"https:\/\/www.galeriebecot.com\/wp-content\/uploads\/2016\/07\/Dali1.jpg\"><img loading=\"lazy\" decoding=\"async\" class=\"alignnone size-full wp-image-5329\" src=\"https:\/\/www.galeriebecot.com\/wp-content\/uploads\/2016\/07\/Dali1.jpg\" alt=\"Dali1\" width=\"969\" height=\"969\" srcset=\"https:\/\/galeriebecot.com\/wp-content\/uploads\/2016\/07\/Dali1.jpg 969w, https:\/\/galeriebecot.com\/wp-content\/uploads\/2016\/07\/Dali1-150x150.jpg 150w, https:\/\/galeriebecot.com\/wp-content\/uploads\/2016\/07\/Dali1-300x300.jpg 300w, https:\/\/galeriebecot.com\/wp-content\/uploads\/2016\/07\/Dali1-768x768.jpg 768w, https:\/\/galeriebecot.com\/wp-content\/uploads\/2016\/07\/Dali1-330x330.jpg 330w\" sizes=\"auto, (max-width: 969px) 100vw, 969px\" \/><\/a><\/p>\n<p><a href=\"https:\/\/www.galeriebecot.com\/wp-content\/uploads\/2016\/07\/Dali2.jpg\"><img loading=\"lazy\" decoding=\"async\" class=\"alignnone size-full wp-image-5330\" src=\"https:\/\/www.galeriebecot.com\/wp-content\/uploads\/2016\/07\/Dali2.jpg\" alt=\"Dali2\" width=\"977\" height=\"1001\" srcset=\"https:\/\/galeriebecot.com\/wp-content\/uploads\/2016\/07\/Dali2.jpg 977w, https:\/\/galeriebecot.com\/wp-content\/uploads\/2016\/07\/Dali2-293x300.jpg 293w, https:\/\/galeriebecot.com\/wp-content\/uploads\/2016\/07\/Dali2-768x787.jpg 768w\" sizes=\"auto, (max-width: 977px) 100vw, 977px\" \/><\/a><\/p>\n<p><a href=\"https:\/\/www.galeriebecot.com\/wp-content\/uploads\/2016\/07\/dali3.jpg\"><img loading=\"lazy\" decoding=\"async\" class=\"alignnone size-full wp-image-5331\" src=\"https:\/\/www.galeriebecot.com\/wp-content\/uploads\/2016\/07\/dali3.jpg\" alt=\"dali3\" width=\"978\" height=\"1006\" srcset=\"https:\/\/galeriebecot.com\/wp-content\/uploads\/2016\/07\/dali3.jpg 978w, https:\/\/galeriebecot.com\/wp-content\/uploads\/2016\/07\/dali3-292x300.jpg 292w, https:\/\/galeriebecot.com\/wp-content\/uploads\/2016\/07\/dali3-768x790.jpg 768w\" sizes=\"auto, (max-width: 978px) 100vw, 978px\" \/><\/a><\/p>\n<p><a href=\"https:\/\/www.galeriebecot.com\/wp-content\/uploads\/2016\/07\/Dali4.jpg\"><img loading=\"lazy\" decoding=\"async\" class=\"alignnone size-full wp-image-5332\" src=\"https:\/\/www.galeriebecot.com\/wp-content\/uploads\/2016\/07\/Dali4.jpg\" alt=\"Dali4\" width=\"979\" height=\"834\" srcset=\"https:\/\/galeriebecot.com\/wp-content\/uploads\/2016\/07\/Dali4.jpg 979w, https:\/\/galeriebecot.com\/wp-content\/uploads\/2016\/07\/Dali4-300x256.jpg 300w, https:\/\/galeriebecot.com\/wp-content\/uploads\/2016\/07\/Dali4-768x654.jpg 768w\" sizes=\"auto, (max-width: 979px) 100vw, 979px\" \/><\/a><\/p>\n<p>L&rsquo;oeuvre de Jean-Pierre Raynaud \u00a0aurait d\u00fb \u00eatre offerte sur march\u00e9 de l&rsquo;art international &#8230;et non pas d\u00e9truite.(Andr\u00e9 B\u00e9cot)<\/p>\n<p><a href=\"https:\/\/www.galeriebecot.com\/wp-content\/uploads\/2016\/04\/bloc1.jpg\" rel=\"attachment wp-att-4744\"><img loading=\"lazy\" decoding=\"async\" class=\"alignnone size-large wp-image-4744\" src=\"https:\/\/www.galeriebecot.com\/wp-content\/uploads\/2016\/04\/bloc1-1024x832.jpg\" alt=\"bloc1\" width=\"700\" height=\"569\" srcset=\"https:\/\/galeriebecot.com\/wp-content\/uploads\/2016\/04\/bloc1-1024x832.jpg 1024w, https:\/\/galeriebecot.com\/wp-content\/uploads\/2016\/04\/bloc1-300x244.jpg 300w, https:\/\/galeriebecot.com\/wp-content\/uploads\/2016\/04\/bloc1-768x624.jpg 768w, https:\/\/galeriebecot.com\/wp-content\/uploads\/2016\/04\/bloc1.jpg 1031w\" sizes=\"auto, (max-width: 700px) 100vw, 700px\" \/><\/a><\/p>\n<p><a href=\"https:\/\/www.galeriebecot.com\/wp-content\/uploads\/2016\/04\/bloc2.jpg\" rel=\"attachment wp-att-4745\"><img loading=\"lazy\" decoding=\"async\" class=\"alignnone size-large wp-image-4745\" src=\"https:\/\/www.galeriebecot.com\/wp-content\/uploads\/2016\/04\/bloc2-1024x671.jpg\" alt=\"bloc2\" width=\"700\" height=\"459\" srcset=\"https:\/\/galeriebecot.com\/wp-content\/uploads\/2016\/04\/bloc2-1024x671.jpg 1024w, https:\/\/galeriebecot.com\/wp-content\/uploads\/2016\/04\/bloc2-300x197.jpg 300w, https:\/\/galeriebecot.com\/wp-content\/uploads\/2016\/04\/bloc2-768x503.jpg 768w, https:\/\/galeriebecot.com\/wp-content\/uploads\/2016\/04\/bloc2.jpg 1035w\" sizes=\"auto, (max-width: 700px) 100vw, 700px\" \/><\/a><\/p>\n<p><a href=\"https:\/\/www.galeriebecot.com\/wp-content\/uploads\/2016\/04\/bloc3.jpg\" rel=\"attachment wp-att-4746\"><img loading=\"lazy\" decoding=\"async\" class=\"alignnone size-large wp-image-4746\" src=\"https:\/\/www.galeriebecot.com\/wp-content\/uploads\/2016\/04\/bloc3-1024x603.jpg\" alt=\"bloc3\" width=\"700\" height=\"412\" srcset=\"https:\/\/galeriebecot.com\/wp-content\/uploads\/2016\/04\/bloc3-1024x603.jpg 1024w, https:\/\/galeriebecot.com\/wp-content\/uploads\/2016\/04\/bloc3-300x177.jpg 300w, https:\/\/galeriebecot.com\/wp-content\/uploads\/2016\/04\/bloc3-768x452.jpg 768w, https:\/\/galeriebecot.com\/wp-content\/uploads\/2016\/04\/bloc3.jpg 1040w\" sizes=\"auto, (max-width: 700px) 100vw, 700px\" \/><\/a><\/p>\n<p>Extrait du catalogue de Christie&rsquo;s sur une valeur pour Jean-Pierre Raynaud<\/p>\n<p><a href=\"https:\/\/www.galeriebecot.com\/wp-content\/uploads\/2016\/04\/extrait.jpg\" rel=\"attachment wp-att-4750\"><img loading=\"lazy\" decoding=\"async\" class=\"alignnone size-full wp-image-4750\" src=\"https:\/\/www.galeriebecot.com\/wp-content\/uploads\/2016\/04\/extrait.jpg\" alt=\"extrait\" width=\"795\" height=\"830\" srcset=\"https:\/\/galeriebecot.com\/wp-content\/uploads\/2016\/04\/extrait.jpg 795w, https:\/\/galeriebecot.com\/wp-content\/uploads\/2016\/04\/extrait-287x300.jpg 287w, https:\/\/galeriebecot.com\/wp-content\/uploads\/2016\/04\/extrait-768x802.jpg 768w\" sizes=\"auto, (max-width: 795px) 100vw, 795px\" \/><\/a><\/p>\n<p><em><span class=\"Apple-style-span\">&#8211; C&rsquo;est de l&rsquo;art de march\u00e9. Un march\u00e9 de plus en plus sp\u00e9culatif et m\u00eame qui perd la t\u00eate comme l&rsquo;ont montr\u00e9 les grandes ventes de New York mi-mai dernier. Un exemple parmi d&rsquo;autres, Black Fire! de<a href=\"http:\/\/plus.lefigaro.fr\/tag\/barnett-newman\" target=\"\">\u00a0Barnett Newman<\/a>\u00a0emport\u00e9 \u00e0 84,165 millions de dollars apr\u00e8s une bataille acharn\u00e9e au t\u00e9l\u00e9phone entre deux acheteurs.\u00a0<a href=\"http:\/\/www.christies.com\/\">Christie&rsquo;s\u00a0<\/a>l&rsquo;avait estim\u00e9e \u00e0 50 millions de dollars\u2026<\/span><\/em><\/p>\n<p>Un click sur l&rsquo;image suivante pour t\u00e9l\u00e9charger sur votre ordinateur<\/p>\n<p>&lt;&lt; Le march\u00e9 de l&rsquo;art contemporain 2015 &gt;&gt; version pdf<\/p>\n<p><a href=\"http:\/\/imgpublic.artprice.com\/pdf\/le-marche-art-contemporain-2015.pdf\" rel=\"attachment wp-att-4747\"><img loading=\"lazy\" decoding=\"async\" class=\"alignnone size-large wp-image-4747\" src=\"https:\/\/www.galeriebecot.com\/wp-content\/uploads\/2016\/04\/le-marche-art-contemporain-2015-1-682x1024.jpg\" alt=\"le-marche-art-contemporain-2015-1\" width=\"682\" height=\"1024\" srcset=\"https:\/\/galeriebecot.com\/wp-content\/uploads\/2016\/04\/le-marche-art-contemporain-2015-1-682x1024.jpg 682w, https:\/\/galeriebecot.com\/wp-content\/uploads\/2016\/04\/le-marche-art-contemporain-2015-1-200x300.jpg 200w, https:\/\/galeriebecot.com\/wp-content\/uploads\/2016\/04\/le-marche-art-contemporain-2015-1-768x1152.jpg 768w, https:\/\/galeriebecot.com\/wp-content\/uploads\/2016\/04\/le-marche-art-contemporain-2015-1.jpg 945w\" sizes=\"auto, (max-width: 682px) 100vw, 682px\" \/><\/a><\/p>\n","protected":false},"excerpt":{"rendered":"<p>L&rsquo;oeuvre de Jean-Pierre Raynaud \u00a0aurait d\u00fb \u00eatre offerte sur march\u00e9 de l&rsquo;art international &#8230;et non pas d\u00e9truite.(Andr\u00e9 B\u00e9cot) Extrait du catalogue de Christie&rsquo;s sur une valeur pour Jean-Pierre Raynaud &#8211;&hellip; <\/p>\n","protected":false},"author":1,"featured_media":0,"comment_status":"open","ping_status":"open","sticky":false,"template":"","format":"standard","meta":{"_exactmetrics_skip_tracking":false,"_exactmetrics_sitenote_active":false,"_exactmetrics_sitenote_note":"","_exactmetrics_sitenote_category":0,"footnotes":""},"categories":[20,27,31,21],"tags":[1171,34,927,1175,928,66,1177,35,1173,929,775,1176,58,930,438,1169,1172,1174,1170,40],"class_list":["post-4743","post","type-post","status-publish","format-standard","hentry","category-article-descriptif","category-artistes","category-le-journal-de-quebec","category-vente-aux-encheres-doeuvres-dart","tag-alice-au-pays-des-merveilles","tag-andre-becot","tag-barnett-newman","tag-catherine-bouchard","tag-christies","tag-club-des-collectionneurs-en-arts-visuels-de-quebec-studio-becot","tag-exposition-picasso-dali-riopelle","tag-foire-en-arts-actuel","tag-galerie-dart-du-chateau-frontenac","tag-jean-luc-lavallee","tag-jean-pierre-raynaud","tag-journal-de-quebec","tag-marc-bellemare-collectionneur","tag-marcel-duchamp","tag-regis-labeaume","tag-salvador-dali","tag-spvq","tag-sylvain-fortier","tag-terasse-dufferin","tag-visuals-arts"],"_links":{"self":[{"href":"https:\/\/galeriebecot.com\/index.php?rest_route=\/wp\/v2\/posts\/4743","targetHints":{"allow":["GET"]}}],"collection":[{"href":"https:\/\/galeriebecot.com\/index.php?rest_route=\/wp\/v2\/posts"}],"about":[{"href":"https:\/\/galeriebecot.com\/index.php?rest_route=\/wp\/v2\/types\/post"}],"author":[{"embeddable":true,"href":"https:\/\/galeriebecot.com\/index.php?rest_route=\/wp\/v2\/users\/1"}],"replies":[{"embeddable":true,"href":"https:\/\/galeriebecot.com\/index.php?rest_route=%2Fwp%2Fv2%2Fcomments&post=4743"}],"version-history":[{"count":15,"href":"https:\/\/galeriebecot.com\/index.php?rest_route=\/wp\/v2\/posts\/4743\/revisions"}],"predecessor-version":[{"id":5333,"href":"https:\/\/galeriebecot.com\/index.php?rest_route=\/wp\/v2\/posts\/4743\/revisions\/5333"}],"wp:attachment":[{"href":"https:\/\/galeriebecot.com\/index.php?rest_route=%2Fwp%2Fv2%2Fmedia&parent=4743"}],"wp:term":[{"taxonomy":"category","embeddable":true,"href":"https:\/\/galeriebecot.com\/index.php?rest_route=%2Fwp%2Fv2%2Fcategories&post=4743"},{"taxonomy":"post_tag","embeddable":true,"href":"https:\/\/galeriebecot.com\/index.php?rest_route=%2Fwp%2Fv2%2Ftags&post=4743"}],"curies":[{"name":"wp","href":"https:\/\/api.w.org\/{rel}","templated":true}]}}