{"id":4715,"date":"2016-05-18T18:57:20","date_gmt":"2016-05-18T22:57:20","guid":{"rendered":"http:\/\/www.clubdescollectionneursenartsvisuelsdequebec.com\/?p=4715"},"modified":"2016-05-25T16:17:49","modified_gmt":"2016-05-25T20:17:49","slug":"aristide-gagnon_lharmonie-des-spheres","status":"publish","type":"post","link":"https:\/\/galeriebecot.com\/?p=4715","title":{"rendered":"Aristide Gagnon_L&rsquo;Harmonie des Sph\u00e8res"},"content":{"rendered":"<p><a href=\"https:\/\/www.galeriebecot.com\/wp-content\/uploads\/2016\/02\/Club-Michel-Parent.jpg\" rel=\"attachment wp-att-4602\"><img loading=\"lazy\" decoding=\"async\" class=\"alignnone size-large wp-image-4602\" src=\"https:\/\/www.galeriebecot.com\/wp-content\/uploads\/2016\/02\/Club-Michel-Parent-959x1024.jpg\" alt=\"Sans titre\" width=\"700\" height=\"747\" srcset=\"https:\/\/galeriebecot.com\/wp-content\/uploads\/2016\/02\/Club-Michel-Parent.jpg 959w, https:\/\/galeriebecot.com\/wp-content\/uploads\/2016\/02\/Club-Michel-Parent-281x300.jpg 281w, https:\/\/galeriebecot.com\/wp-content\/uploads\/2016\/02\/Club-Michel-Parent-768x820.jpg 768w\" sizes=\"auto, (max-width: 700px) 100vw, 700px\" \/><\/a><\/p>\n<p><a href=\"https:\/\/www.galeriebecot.com\/wp-content\/uploads\/2016\/04\/Aristide-invitation-2.jpg\" rel=\"attachment wp-att-4785\"><img loading=\"lazy\" decoding=\"async\" class=\"alignnone size-large wp-image-4785\" src=\"https:\/\/www.galeriebecot.com\/wp-content\/uploads\/2016\/04\/Aristide-invitation-2-841x1024.jpg\" alt=\"Sans titre\" width=\"700\" height=\"852\" srcset=\"https:\/\/galeriebecot.com\/wp-content\/uploads\/2016\/04\/Aristide-invitation-2-841x1024.jpg 841w, https:\/\/galeriebecot.com\/wp-content\/uploads\/2016\/04\/Aristide-invitation-2-247x300.jpg 247w, https:\/\/galeriebecot.com\/wp-content\/uploads\/2016\/04\/Aristide-invitation-2-768x935.jpg 768w, https:\/\/galeriebecot.com\/wp-content\/uploads\/2016\/04\/Aristide-invitation-2.jpg 1198w\" sizes=\"auto, (max-width: 700px) 100vw, 700px\" \/><\/a><\/p>\n<p><a href=\"https:\/\/www.galeriebecot.com\/wp-content\/uploads\/2016\/04\/Aristide-invitation-3.jpg\" rel=\"attachment wp-att-4786\"><img loading=\"lazy\" decoding=\"async\" class=\"alignnone size-large wp-image-4786\" src=\"https:\/\/www.galeriebecot.com\/wp-content\/uploads\/2016\/04\/Aristide-invitation-3-859x1024.jpg\" alt=\"Sans titre\" width=\"700\" height=\"834\" srcset=\"https:\/\/galeriebecot.com\/wp-content\/uploads\/2016\/04\/Aristide-invitation-3-859x1024.jpg 859w, https:\/\/galeriebecot.com\/wp-content\/uploads\/2016\/04\/Aristide-invitation-3-252x300.jpg 252w, https:\/\/galeriebecot.com\/wp-content\/uploads\/2016\/04\/Aristide-invitation-3-768x915.jpg 768w, https:\/\/galeriebecot.com\/wp-content\/uploads\/2016\/04\/Aristide-invitation-3.jpg 1200w\" sizes=\"auto, (max-width: 700px) 100vw, 700px\" \/><\/a><\/p>\n<p>Invitation \u00e0 tous!!!Le club des collectionneurs en Arts Visuels de Qu\u00e9bec : rencontre avec Aristide Gagnon, le lundi 2 mai 2016 \u00e0 la maison Hamel-Bruneau, au 2608 chemin Saint-Louis Qu\u00e9bec,QC,G1V 4E1. Les portes ouvriront \u00e0 18h30 pour la conf\u00e9rence de 19h30.Profitez de la visite de cette exposition solo, fantastique.<\/p>\n<p><a href=\"https:\/\/www.galeriebecot.com\/wp-content\/uploads\/2016\/04\/Arist3.jpg\" rel=\"attachment wp-att-4716\"><img loading=\"lazy\" decoding=\"async\" class=\"alignnone size-full wp-image-4716\" src=\"https:\/\/www.galeriebecot.com\/wp-content\/uploads\/2016\/04\/Arist3.jpg\" alt=\"Arist3\" width=\"825\" height=\"406\" srcset=\"https:\/\/galeriebecot.com\/wp-content\/uploads\/2016\/04\/Arist3.jpg 825w, https:\/\/galeriebecot.com\/wp-content\/uploads\/2016\/04\/Arist3-300x148.jpg 300w, https:\/\/galeriebecot.com\/wp-content\/uploads\/2016\/04\/Arist3-768x378.jpg 768w\" sizes=\"auto, (max-width: 825px) 100vw, 825px\" \/><\/a><\/p>\n<p>L\u2019Arrondissement de Sainte-Foy\u2013Sillery\u2013Cap-Rouge a le plaisir de vous inviter au vernissage de l&rsquo;exposition<\/p>\n<p><strong><em>Aristide Gagnon. L\u2019harmonie des sph\u00e8res<\/em><\/strong><\/p>\n<p>qui\u00a0aura lieu le\u00a0mercredi 6 avril\u00a02016 \u00e0 17 h 30<\/p>\n<p>\u00e0 la maison Hamel-Bruneau, situ\u00e9e au 2608, chemin Saint-Louis,\u00a0\u00e0\u00a0Qu\u00e9bec<\/p>\n<p>en pr\u00e9sence de monsieur R\u00e9my Normand,<\/p>\n<p>pr\u00e9sident du conseil d\u2019arrondissement,<\/p>\n<p>de madame Caroline Houde, commissaire de l\u2019exposition,<\/p>\n<p>ainsi que de monsieur Aristide Gagnon, artiste.<\/p>\n<p><a href=\"https:\/\/www.galeriebecot.com\/wp-content\/uploads\/2016\/04\/Aris-Hamel-Bruneau.jpg\" rel=\"attachment wp-att-4796\"><img loading=\"lazy\" decoding=\"async\" class=\"alignnone size-full wp-image-4796\" src=\"https:\/\/www.galeriebecot.com\/wp-content\/uploads\/2016\/04\/Aris-Hamel-Bruneau.jpg\" alt=\"Aris Hamel Bruneau\" width=\"469\" height=\"539\" srcset=\"https:\/\/galeriebecot.com\/wp-content\/uploads\/2016\/04\/Aris-Hamel-Bruneau.jpg 469w, https:\/\/galeriebecot.com\/wp-content\/uploads\/2016\/04\/Aris-Hamel-Bruneau-261x300.jpg 261w\" sizes=\"auto, (max-width: 469px) 100vw, 469px\" \/><\/a><\/p>\n<p><a href=\"http:\/\/lechinois.com\/art\/gagnon-04.php\" rel=\"attachment wp-att-4826\"><img loading=\"lazy\" decoding=\"async\" class=\"alignnone wp-image-4826\" src=\"https:\/\/www.galeriebecot.com\/wp-content\/uploads\/2016\/04\/Aristide-Catalogue.jpg\" alt=\"Aristide Catalogue\" width=\"471\" height=\"606\" \/><\/a><\/p>\n<p><strong>Un click dans\u00a0l&rsquo;image ci haut<\/strong>, pour consulter le catalogue concernant Aristide Gagnon.<\/p>\n<p>Le premier prix en peinture qu\u2019il remporte au prestigieux Concours national du Qu\u00e9bec en 1958, peu apr\u00e8s sa sortie de l\u2019\u00c9cole des Beaux-Arts de Qu\u00e9bec, lance de fa\u00e7on fulgurante la carri\u00e8re de l\u2019artiste Aristide Gagnon. Cr\u00e9ateur multidisciplinaire, peintre et sculpteur, Aristide Gagnon travaille aussi le verre et les \u00e9maux sur cuivre. En 1970, il commence \u00e0 s\u2019int\u00e9resser au coulage des m\u00e9taux, plus particuli\u00e8rement \u00e0 celui du bronze, devenant ainsi un pionnier en la mati\u00e8re au Qu\u00e9bec. L\u2019artiste compte aussi parmi les rares ma\u00eetres fondeurs de la province. L\u2019exposition c\u00e9l\u00e8bre les 60 ans de cr\u00e9ation d\u2019un homme qui continue \u00e0 pratiquer son art avec autant de passion qu\u2019\u00e0 ses d\u00e9buts. Elle regroupe des peintures, des sculptures et des dessins.<\/p>\n<p><a href=\"https:\/\/www.galeriebecot.com\/wp-content\/uploads\/2016\/04\/Aristide1.jpg\" rel=\"attachment wp-att-4988\"><img loading=\"lazy\" decoding=\"async\" class=\"alignnone size-large wp-image-4988\" src=\"https:\/\/www.galeriebecot.com\/wp-content\/uploads\/2016\/04\/Aristide1-1024x842.jpg\" alt=\"Aristide1\" width=\"700\" height=\"576\" srcset=\"https:\/\/galeriebecot.com\/wp-content\/uploads\/2016\/04\/Aristide1-1024x842.jpg 1024w, https:\/\/galeriebecot.com\/wp-content\/uploads\/2016\/04\/Aristide1-300x247.jpg 300w, https:\/\/galeriebecot.com\/wp-content\/uploads\/2016\/04\/Aristide1-768x631.jpg 768w, https:\/\/galeriebecot.com\/wp-content\/uploads\/2016\/04\/Aristide1.jpg 1247w\" sizes=\"auto, (max-width: 700px) 100vw, 700px\" \/><\/a><\/p>\n<p><a href=\"https:\/\/www.galeriebecot.com\/wp-content\/uploads\/2016\/04\/Aristide2.jpg\" rel=\"attachment wp-att-4989\"><img loading=\"lazy\" decoding=\"async\" class=\"alignnone size-large wp-image-4989\" src=\"https:\/\/www.galeriebecot.com\/wp-content\/uploads\/2016\/04\/Aristide2-1024x842.jpg\" alt=\"Aristide2\" width=\"700\" height=\"576\" srcset=\"https:\/\/galeriebecot.com\/wp-content\/uploads\/2016\/04\/Aristide2-1024x842.jpg 1024w, https:\/\/galeriebecot.com\/wp-content\/uploads\/2016\/04\/Aristide2-300x247.jpg 300w, https:\/\/galeriebecot.com\/wp-content\/uploads\/2016\/04\/Aristide2-768x631.jpg 768w, https:\/\/galeriebecot.com\/wp-content\/uploads\/2016\/04\/Aristide2.jpg 1226w\" sizes=\"auto, (max-width: 700px) 100vw, 700px\" \/><\/a><\/p>\n<p><a href=\"https:\/\/www.galeriebecot.com\/wp-content\/uploads\/2016\/04\/A.Gagnon1.jpg\" rel=\"attachment wp-att-4991\"><img loading=\"lazy\" decoding=\"async\" class=\"alignnone size-full wp-image-4991\" src=\"https:\/\/www.galeriebecot.com\/wp-content\/uploads\/2016\/04\/A.Gagnon1.jpg\" alt=\"A.Gagnon1\" width=\"672\" height=\"839\" srcset=\"https:\/\/galeriebecot.com\/wp-content\/uploads\/2016\/04\/A.Gagnon1.jpg 672w, https:\/\/galeriebecot.com\/wp-content\/uploads\/2016\/04\/A.Gagnon1-240x300.jpg 240w\" sizes=\"auto, (max-width: 672px) 100vw, 672px\" \/><\/a><\/p>\n<p><a href=\"https:\/\/www.galeriebecot.com\/wp-content\/uploads\/2016\/04\/A.Gagon2_.jpeg\" rel=\"attachment wp-att-4992\"><img loading=\"lazy\" decoding=\"async\" class=\"alignnone size-full wp-image-4992\" src=\"https:\/\/www.galeriebecot.com\/wp-content\/uploads\/2016\/04\/A.Gagon2_.jpeg\" alt=\"A.Gagon2\" width=\"686\" height=\"707\" srcset=\"https:\/\/galeriebecot.com\/wp-content\/uploads\/2016\/04\/A.Gagon2_.jpeg 686w, https:\/\/galeriebecot.com\/wp-content\/uploads\/2016\/04\/A.Gagon2_-291x300.jpeg 291w\" sizes=\"auto, (max-width: 686px) 100vw, 686px\" \/><\/a><\/p>\n<p><a href=\"https:\/\/www.galeriebecot.com\/wp-content\/uploads\/2016\/04\/A.Gagon3_.jpg\" rel=\"attachment wp-att-4993\"><img loading=\"lazy\" decoding=\"async\" class=\"alignnone size-full wp-image-4993\" src=\"https:\/\/www.galeriebecot.com\/wp-content\/uploads\/2016\/04\/A.Gagon3_.jpg\" alt=\"A.Gagon3\" width=\"674\" height=\"409\" srcset=\"https:\/\/galeriebecot.com\/wp-content\/uploads\/2016\/04\/A.Gagon3_.jpg 674w, https:\/\/galeriebecot.com\/wp-content\/uploads\/2016\/04\/A.Gagon3_-300x182.jpg 300w\" sizes=\"auto, (max-width: 674px) 100vw, 674px\" \/><\/a><\/p>\n","protected":false},"excerpt":{"rendered":"<p>Invitation \u00e0 tous!!!Le club des collectionneurs en Arts Visuels de Qu\u00e9bec : rencontre avec Aristide Gagnon, le lundi 2 mai 2016 \u00e0 la maison Hamel-Bruneau, au 2608 chemin Saint-Louis Qu\u00e9bec,QC,G1V&hellip; <\/p>\n","protected":false},"author":1,"featured_media":0,"comment_status":"open","ping_status":"open","sticky":false,"template":"","format":"standard","meta":{"_exactmetrics_skip_tracking":false,"_exactmetrics_sitenote_active":false,"_exactmetrics_sitenote_note":"","_exactmetrics_sitenote_category":0,"footnotes":""},"categories":[27,18,29,30,19],"tags":[34,53,333,67,555,33,58,926,37,40],"class_list":["post-4715","post","type-post","status-publish","format-standard","hentry","category-artistes","category-evenement","category-journaux","category-le-soleil","category-vernissage","tag-andre-becot","tag-aristide-gagnon","tag-caroline-houde","tag-club-des-collectionneurs-en-arts-visuels-de-quebec-marc-bellemare","tag-maison-hamel-bruneau","tag-marc-bellemare","tag-marc-bellemare-collectionneur","tag-remy-normand","tag-studio-becot","tag-visuals-arts"],"_links":{"self":[{"href":"https:\/\/galeriebecot.com\/index.php?rest_route=\/wp\/v2\/posts\/4715","targetHints":{"allow":["GET"]}}],"collection":[{"href":"https:\/\/galeriebecot.com\/index.php?rest_route=\/wp\/v2\/posts"}],"about":[{"href":"https:\/\/galeriebecot.com\/index.php?rest_route=\/wp\/v2\/types\/post"}],"author":[{"embeddable":true,"href":"https:\/\/galeriebecot.com\/index.php?rest_route=\/wp\/v2\/users\/1"}],"replies":[{"embeddable":true,"href":"https:\/\/galeriebecot.com\/index.php?rest_route=%2Fwp%2Fv2%2Fcomments&post=4715"}],"version-history":[{"count":15,"href":"https:\/\/galeriebecot.com\/index.php?rest_route=\/wp\/v2\/posts\/4715\/revisions"}],"predecessor-version":[{"id":4994,"href":"https:\/\/galeriebecot.com\/index.php?rest_route=\/wp\/v2\/posts\/4715\/revisions\/4994"}],"wp:attachment":[{"href":"https:\/\/galeriebecot.com\/index.php?rest_route=%2Fwp%2Fv2%2Fmedia&parent=4715"}],"wp:term":[{"taxonomy":"category","embeddable":true,"href":"https:\/\/galeriebecot.com\/index.php?rest_route=%2Fwp%2Fv2%2Fcategories&post=4715"},{"taxonomy":"post_tag","embeddable":true,"href":"https:\/\/galeriebecot.com\/index.php?rest_route=%2Fwp%2Fv2%2Ftags&post=4715"}],"curies":[{"name":"wp","href":"https:\/\/api.w.org\/{rel}","templated":true}]}}