{"id":4668,"date":"2016-03-07T12:24:53","date_gmt":"2016-03-07T17:24:53","guid":{"rendered":"http:\/\/www.clubdescollectionneursenartsvisuelsdequebec.com\/?p=4668"},"modified":"2016-03-11T12:29:29","modified_gmt":"2016-03-11T17:29:29","slug":"les-marchands-dhitler","status":"publish","type":"post","link":"https:\/\/galeriebecot.com\/?p=4668","title":{"rendered":"Les marchands d&rsquo;Hitler"},"content":{"rendered":"<p><iframe loading=\"lazy\" width=\"700\" height=\"394\" src=\"https:\/\/www.youtube.com\/embed\/wXIpsEO_hqo?feature=oembed\" frameborder=\"0\" allowfullscreen><\/iframe><\/p>\n<p><span class=\"intertitre\">Spoliation.<\/span><\/p>\n<p><span class=\"Apple-style-span\">\u00a0<\/span><\/p>\n<p>Le documentaire remonte donc aux ann\u00e9es 30 pour d\u00e9crire le d\u00e9but du processus de spoliation des biens juifs mis en place par les nazis, et la fa\u00e7on dont certains marchands d\u2019art en ont bien profit\u00e9. En pleine p\u00e9riode de l\u2019Occupation en France, le march\u00e9 de l\u2019art ne d\u00e9rougit pas, et l\u2019encanteur Drouot fonctionne \u00e0 plein r\u00e9gime\u00a0: les oeuvres vol\u00e9es aux Juifs sont vendues et achet\u00e9es par des marchands allemands et fran\u00e7ais qui n\u2019ont pas d\u2019\u00e9tats d\u2019\u00e2me (en fait Hilderbrand, qui s\u2019en met plein les poches, soutient qu\u2019il a \u00ab\u00a0sauv\u00e9\u00a0\u00bb des oeuvres de la destruction\u2026). En m\u00eame temps, des soldats allemands \u00e9cument l\u2019Europe occup\u00e9e, \u00e0 la recherche de mat\u00e9riel qui servirait au d\u00e9lirant mus\u00e9e \u00ab\u00a0total\u00a0\u00bb que Hitler r\u00eave de construire. Ce documentaire troublant nous apprend que plusieurs de ces marchands ont poursuivi leur carri\u00e8re apr\u00e8s la guerre sans \u00eatre mis en cause par la justice.<\/p>\n<p>&nbsp;<\/p>\n","protected":false},"excerpt":{"rendered":"<p>Spoliation. \u00a0 Le documentaire remonte donc aux ann\u00e9es 30 pour d\u00e9crire le d\u00e9but du processus de spoliation des biens juifs mis en place par les nazis, et la fa\u00e7on dont&hellip; <\/p>\n","protected":false},"author":1,"featured_media":0,"comment_status":"open","ping_status":"open","sticky":false,"template":"","format":"standard","meta":{"_exactmetrics_skip_tracking":false,"_exactmetrics_sitenote_active":false,"_exactmetrics_sitenote_note":"","_exactmetrics_sitenote_category":0,"footnotes":""},"categories":[20,27],"tags":[],"class_list":["post-4668","post","type-post","status-publish","format-standard","hentry","category-article-descriptif","category-artistes"],"_links":{"self":[{"href":"https:\/\/galeriebecot.com\/index.php?rest_route=\/wp\/v2\/posts\/4668","targetHints":{"allow":["GET"]}}],"collection":[{"href":"https:\/\/galeriebecot.com\/index.php?rest_route=\/wp\/v2\/posts"}],"about":[{"href":"https:\/\/galeriebecot.com\/index.php?rest_route=\/wp\/v2\/types\/post"}],"author":[{"embeddable":true,"href":"https:\/\/galeriebecot.com\/index.php?rest_route=\/wp\/v2\/users\/1"}],"replies":[{"embeddable":true,"href":"https:\/\/galeriebecot.com\/index.php?rest_route=%2Fwp%2Fv2%2Fcomments&post=4668"}],"version-history":[{"count":3,"href":"https:\/\/galeriebecot.com\/index.php?rest_route=\/wp\/v2\/posts\/4668\/revisions"}],"predecessor-version":[{"id":4671,"href":"https:\/\/galeriebecot.com\/index.php?rest_route=\/wp\/v2\/posts\/4668\/revisions\/4671"}],"wp:attachment":[{"href":"https:\/\/galeriebecot.com\/index.php?rest_route=%2Fwp%2Fv2%2Fmedia&parent=4668"}],"wp:term":[{"taxonomy":"category","embeddable":true,"href":"https:\/\/galeriebecot.com\/index.php?rest_route=%2Fwp%2Fv2%2Fcategories&post=4668"},{"taxonomy":"post_tag","embeddable":true,"href":"https:\/\/galeriebecot.com\/index.php?rest_route=%2Fwp%2Fv2%2Ftags&post=4668"}],"curies":[{"name":"wp","href":"https:\/\/api.w.org\/{rel}","templated":true}]}}