{"id":4542,"date":"2020-01-25T13:41:13","date_gmt":"2020-01-25T18:41:13","guid":{"rendered":"http:\/\/www.clubdescollectionneursenartsvisuelsdequebec.com\/?p=4542"},"modified":"2020-02-01T16:39:20","modified_gmt":"2020-02-01T21:39:20","slug":"entrevue-avec-canadian-bacon","status":"publish","type":"post","link":"https:\/\/galeriebecot.com\/?p=4542","title":{"rendered":"GPS.03 de Canadian Bacon"},"content":{"rendered":"<p><a href=\"https:\/\/monsaintsauveur.com\/2020\/gps-03-de-canadian-bacon-destination-saint-sauveur\/\"><img loading=\"lazy\" decoding=\"async\" class=\"alignnone size-full wp-image-12485\" src=\"https:\/\/www.galeriebecot.com\/wp-content\/uploads\/2018\/11\/Phelippe-.jpg\" alt=\"\" width=\"758\" height=\"71\" srcset=\"https:\/\/galeriebecot.com\/wp-content\/uploads\/2018\/11\/Phelippe-.jpg 758w, https:\/\/galeriebecot.com\/wp-content\/uploads\/2018\/11\/Phelippe--300x28.jpg 300w\" sizes=\"auto, (max-width: 758px) 100vw, 758px\" \/><\/a><\/p>\n<p><a href=\"https:\/\/www.galeriebecot.com\/wp-content\/uploads\/2018\/11\/Phelipe1.jpg\"><img loading=\"lazy\" decoding=\"async\" class=\"alignnone size-full wp-image-12486\" src=\"https:\/\/www.galeriebecot.com\/wp-content\/uploads\/2018\/11\/Phelipe1.jpg\" alt=\"\" width=\"720\" height=\"447\" srcset=\"https:\/\/galeriebecot.com\/wp-content\/uploads\/2018\/11\/Phelipe1.jpg 720w, https:\/\/galeriebecot.com\/wp-content\/uploads\/2018\/11\/Phelipe1-300x186.jpg 300w\" sizes=\"auto, (max-width: 720px) 100vw, 720px\" \/><\/a><\/p>\n<p>\u00c7a ne sera pas comme dans une galerie d&rsquo;art&#8230;.je veux surprendre le public &#8230;. Lors du vernissage, le 31 janvier 2020, le duo Funk Connection et un trio d&rsquo;invit\u00e9s surprises susciteront une ambiance \u00e9clat\u00e9e&#8230;. <strong>Ce vernissage aura lieu dans un immeuble en construction de trois \u00e9tages, situ\u00e9 au <a href=\"https:\/\/www.google.com\/maps\/place\/649+Rue+Boisseau,+Qu%C3%A9bec,+QC+G1N+1X4\/@46.8071699,-71.2418927,15z\/data=!4m13!1m7!3m6!1s0x4cb89666b256aa37:0x160d68a9cbadbf60!2s649+Rue+Boisseau,+Qu%C3%A9bec,+QC+G1N+1X4!3b1!8m2!3d46.807079!4d-71.2418585!3m4!1s0x4cb89666b256aa37:0x160d68a9cbadbf60!8m2!3d46.807079!4d-71.2418585\">649 rue Boisseau.<\/a><\/strong><\/p>\n<p><a href=\"https:\/\/monsaintsauveur.com\/2020\/gps-03-de-canadian-bacon-destination-saint-sauveur\/\"><img loading=\"lazy\" decoding=\"async\" class=\"alignnone size-large wp-image-12487\" src=\"https:\/\/www.galeriebecot.com\/wp-content\/uploads\/2018\/11\/Phelipe2-943x1024.jpg\" alt=\"\" width=\"700\" height=\"760\" srcset=\"https:\/\/galeriebecot.com\/wp-content\/uploads\/2018\/11\/Phelipe2-943x1024.jpg 943w, https:\/\/galeriebecot.com\/wp-content\/uploads\/2018\/11\/Phelipe2-276x300.jpg 276w, https:\/\/galeriebecot.com\/wp-content\/uploads\/2018\/11\/Phelipe2-768x834.jpg 768w, https:\/\/galeriebecot.com\/wp-content\/uploads\/2018\/11\/Phelipe2.jpg 1088w\" sizes=\"auto, (max-width: 700px) 100vw, 700px\" \/><\/a><\/p>\n<p><a href=\"https:\/\/www.galeriebecot.com\/wp-content\/uploads\/2018\/11\/Phelipe3.jpg\"><img loading=\"lazy\" decoding=\"async\" class=\"alignnone size-large wp-image-12488\" src=\"https:\/\/www.galeriebecot.com\/wp-content\/uploads\/2018\/11\/Phelipe3-965x1024.jpg\" alt=\"\" width=\"700\" height=\"743\" srcset=\"https:\/\/galeriebecot.com\/wp-content\/uploads\/2018\/11\/Phelipe3-965x1024.jpg 965w, https:\/\/galeriebecot.com\/wp-content\/uploads\/2018\/11\/Phelipe3-283x300.jpg 283w, https:\/\/galeriebecot.com\/wp-content\/uploads\/2018\/11\/Phelipe3-768x815.jpg 768w, https:\/\/galeriebecot.com\/wp-content\/uploads\/2018\/11\/Phelipe3.jpg 1035w\" sizes=\"auto, (max-width: 700px) 100vw, 700px\" \/><\/a><\/p>\n<p><a href=\"https:\/\/www.galeriebecot.com\/wp-content\/uploads\/2020\/01\/Phelippe-2.jpg\"><img loading=\"lazy\" decoding=\"async\" class=\"alignnone size-full wp-image-12545\" src=\"https:\/\/www.galeriebecot.com\/wp-content\/uploads\/2020\/01\/Phelippe-2.jpg\" alt=\"\" width=\"576\" height=\"432\" srcset=\"https:\/\/galeriebecot.com\/wp-content\/uploads\/2020\/01\/Phelippe-2.jpg 576w, https:\/\/galeriebecot.com\/wp-content\/uploads\/2020\/01\/Phelippe-2-300x225.jpg 300w\" sizes=\"auto, (max-width: 576px) 100vw, 576px\" \/><\/a><\/p>\n<p><a href=\"https:\/\/www.galeriebecot.com\/wp-content\/uploads\/2020\/01\/phelippe5.jpg\"><img loading=\"lazy\" decoding=\"async\" class=\"alignnone size-full wp-image-12546\" src=\"https:\/\/www.galeriebecot.com\/wp-content\/uploads\/2020\/01\/phelippe5.jpg\" alt=\"\" width=\"576\" height=\"432\" srcset=\"https:\/\/galeriebecot.com\/wp-content\/uploads\/2020\/01\/phelippe5.jpg 576w, https:\/\/galeriebecot.com\/wp-content\/uploads\/2020\/01\/phelippe5-300x225.jpg 300w\" sizes=\"auto, (max-width: 576px) 100vw, 576px\" \/><\/a><\/p>\n<p><a href=\"https:\/\/www.galeriebecot.com\/wp-content\/uploads\/2020\/01\/phelippe4.jpg\"><img loading=\"lazy\" decoding=\"async\" class=\"alignnone size-full wp-image-12548\" src=\"https:\/\/www.galeriebecot.com\/wp-content\/uploads\/2020\/01\/phelippe4.jpg\" alt=\"\" width=\"576\" height=\"432\" srcset=\"https:\/\/galeriebecot.com\/wp-content\/uploads\/2020\/01\/phelippe4.jpg 576w, https:\/\/galeriebecot.com\/wp-content\/uploads\/2020\/01\/phelippe4-300x225.jpg 300w\" sizes=\"auto, (max-width: 576px) 100vw, 576px\" \/><\/a><\/p>\n<p><a href=\"https:\/\/www.galeriebecot.com\/wp-content\/uploads\/2020\/01\/Phelippe-Rioux.jpg\"><img loading=\"lazy\" decoding=\"async\" class=\"alignnone size-full wp-image-12547\" src=\"https:\/\/www.galeriebecot.com\/wp-content\/uploads\/2020\/01\/Phelippe-Rioux.jpg\" alt=\"\" width=\"576\" height=\"432\" srcset=\"https:\/\/galeriebecot.com\/wp-content\/uploads\/2020\/01\/Phelippe-Rioux.jpg 576w, https:\/\/galeriebecot.com\/wp-content\/uploads\/2020\/01\/Phelippe-Rioux-300x225.jpg 300w\" sizes=\"auto, (max-width: 576px) 100vw, 576px\" \/><\/a><\/p>\n<p>Samedi le 1er f\u00e9vrier 2020 <em>( cr\u00e9dit photo; Andr\u00e9 B\u00e9cot) \u00a0<\/em>Oeuvre de \u00a0Marie Rioux.<\/p>\n<p><a href=\"https:\/\/www.galeriebecot.com\/?p=3969\"><img loading=\"lazy\" decoding=\"async\" class=\"alignnone size-full wp-image-12493\" src=\"https:\/\/www.galeriebecot.com\/wp-content\/uploads\/2020\/01\/retour.jpg\" alt=\"\" width=\"407\" height=\"266\" srcset=\"https:\/\/galeriebecot.com\/wp-content\/uploads\/2020\/01\/retour.jpg 407w, https:\/\/galeriebecot.com\/wp-content\/uploads\/2020\/01\/retour-300x196.jpg 300w\" sizes=\"auto, (max-width: 407px) 100vw, 407px\" \/><\/a><\/p>\n<p><a href=\"https:\/\/www.galeriebecot.com\/wp-content\/uploads\/2016\/04\/Canadian-Bacon-1.jpg\"><img loading=\"lazy\" decoding=\"async\" class=\"alignnone size-full wp-image-9759\" src=\"https:\/\/www.galeriebecot.com\/wp-content\/uploads\/2016\/04\/Canadian-Bacon-1.jpg\" alt=\"\" width=\"621\" height=\"899\" srcset=\"https:\/\/galeriebecot.com\/wp-content\/uploads\/2016\/04\/Canadian-Bacon-1.jpg 621w, https:\/\/galeriebecot.com\/wp-content\/uploads\/2016\/04\/Canadian-Bacon-1-207x300.jpg 207w\" sizes=\"auto, (max-width: 621px) 100vw, 621px\" \/><\/a><\/p>\n<p>Canadian Bacon 7 : extra fromage \/ C&rsquo;est officiel, nous serons de retour en formation grand V le 30 novembre prochain dans le quartier St-Roch apr\u00e8s plus d&rsquo;un an d&rsquo;absence.<\/p>\n<p><a href=\"https:\/\/www.galeriebecot.com\/?p=3969\"><img loading=\"lazy\" decoding=\"async\" class=\"alignnone size-full wp-image-9764\" src=\"https:\/\/www.galeriebecot.com\/wp-content\/uploads\/2018\/11\/Soldevila.jpg\" alt=\"\" width=\"527\" height=\"446\" srcset=\"https:\/\/galeriebecot.com\/wp-content\/uploads\/2018\/11\/Soldevila.jpg 527w, https:\/\/galeriebecot.com\/wp-content\/uploads\/2018\/11\/Soldevila-300x254.jpg 300w\" sizes=\"auto, (max-width: 527px) 100vw, 527px\" \/><\/a><\/p>\n<p><a href=\"https:\/\/www.galeriebecot.com\/wp-content\/uploads\/2016\/04\/Canadian-Bacon.jpg\" rel=\"attachment wp-att-4834\"><img loading=\"lazy\" decoding=\"async\" class=\"alignnone size-large wp-image-4834\" src=\"https:\/\/www.galeriebecot.com\/wp-content\/uploads\/2016\/04\/Canadian-Bacon-663x1024.jpg\" alt=\"Canadian Bacon\" width=\"663\" height=\"1024\" srcset=\"https:\/\/galeriebecot.com\/wp-content\/uploads\/2016\/04\/Canadian-Bacon-663x1024.jpg 663w, https:\/\/galeriebecot.com\/wp-content\/uploads\/2016\/04\/Canadian-Bacon-194x300.jpg 194w, https:\/\/galeriebecot.com\/wp-content\/uploads\/2016\/04\/Canadian-Bacon-768x1187.jpg 768w, https:\/\/galeriebecot.com\/wp-content\/uploads\/2016\/04\/Canadian-Bacon.jpg 1325w\" sizes=\"auto, (max-width: 663px) 100vw, 663px\" \/><\/a><\/p>\n<p>Vernissage de Canadian Bacon au 280 Arago est, Qu\u00e9bec.<\/p>\n<p>Phelipe Soldevila,Olivier De Serres,Sarah Booth,William Dion,Marie-Eve Fr\u00e9chette,Patrick,Monk.E Pishier,Simon Doyon,Justin Roy,Catherine McInnis,Louis-David L\u00e9tourneau-Gagnon,Matel,Alexis Paradis,Samuel Breton,Alex Scaner,\u00c9lo\u00efse Plamondon-Pag\u00e9,Charles-Fr\u00e9d\u00e9rick Ouellet,Paul Brunet,Zoltan Veevaete,Olivier Roberge,William Gilbert,Francois Lapierre,Francois Raymond,Mireille Bouchard,Patrick Fortin,Sagana Squale,Scribe,Cler,Louis-Antoine Pelletier,Astro,Fl\u00e9oK6A,Gabriel Mercier,Simg,Loup,<\/p>\n<p><a href=\"https:\/\/voir.ca\/arts-visuels\/2016\/04\/01\/canadian-bacon-art-biere-et-ptits-bums\/\" rel=\"attachment wp-att-4718\"><img loading=\"lazy\" decoding=\"async\" class=\"alignnone wp-image-4718\" src=\"https:\/\/www.galeriebecot.com\/wp-content\/uploads\/2016\/01\/canadian-bacon.jpg\" alt=\"canadian bacon\" width=\"783\" height=\"283\" \/><\/a><\/p>\n<p>VOIR QU\u00c9BEC<\/p>\n<p><a href=\"https:\/\/voir.ca\/arts-visuels\/2016\/04\/01\/canadian-bacon-art-biere-et-ptits-bums\/\">M\u00eame si Qu\u00e9bec interdit les graffitis et que les (vrais) acteurs du street art s\u2019en voient consid\u00e9rablement limit\u00e9s dans leur production, il a ce groupe, ce club pr\u00e9sid\u00e9 par le grand<strong>Phelipe Soldevila\u00a0<\/strong>qui c\u00e9l\u00e8bre en toute l\u00e9galit\u00e9 l\u2019esth\u00e9tique coolio apparent\u00e9e au m\u00e9dium mal-aim\u00e9 de nos politiciens locaux.<\/a><\/p>\n<blockquote><p><a href=\"https:\/\/voir.ca\/arts-visuels\/2016\/04\/01\/canadian-bacon-art-biere-et-ptits-bums\/\">\u00ab\u00a0Au d\u00e9part, c\u2019est Plenty qui m\u2019avait offert de faire une expo solo. [\u2026] Je n\u2019aime pas \u00eatre le centre d\u2019attention, donc j\u2019ai d\u00e9cid\u00e9 d\u2019inviter deux-trois chums. En une semaine, on s\u2019est ramass\u00e9s 15 puis 21.\u00a0\u00bb<\/a><\/p><\/blockquote>\n<p><a href=\"https:\/\/voir.ca\/arts-visuels\/2016\/04\/01\/canadian-bacon-art-biere-et-ptits-bums\/\">Jovialiste devant l\u2019\u00e9ternel et gars de gang autoproclam\u00e9, le chic type aussi muraliste a longtemps financ\u00e9 de sa poche les \u00e9v\u00e9nements du collectif Canadian Bacon, r\u00e9el happening social o\u00f9 n\u00e9ophytes et collectionneurs aguerris trinquent ensemble. Cette fois, par contre, il n\u2019est pas le seul \u00e0 mettre des sous dans la tirelire\u00a0: tous ses coll\u00e8gues cotiseront. \u00ab\u00a0C\u2019est beaucoup \u00e0 mettre sur tes \u00e9paules quand tu fais le salaire d\u2019un peintre travailleur autonome dans la ville de Qu\u00e9bec. J\u2019ai atteint ma limite. [\u2026] Mon histoire, c\u2019est que j\u2019ai fait la murale de l\u2019Universit\u00e9 du Qu\u00e9bec \u00e0 mes frais et que l\u00e0, tout l\u2019argent que j\u2019investissais dans Canadian Bacon s\u2019est retrouv\u00e9 l\u00e0. J\u2019en aie plus, l\u00e0.\u00a0\u00bb<\/a><\/p>\n<p>&nbsp;<\/p>\n<p><a href=\"http:\/\/lepantoum.com\/entrevue-avec-canadian-bacon\/\" rel=\"attachment wp-att-4543\"><img loading=\"lazy\" decoding=\"async\" class=\"alignnone wp-image-4543\" src=\"https:\/\/www.galeriebecot.com\/wp-content\/uploads\/2016\/02\/Cnadian-bacon.jpg\" alt=\"Cnadian bacon\" width=\"575\" height=\"467\" \/><\/a><\/p>\n<p>&nbsp;<\/p>\n<p><a href=\"http:\/\/lepantoum.com\/entrevue-avec-canadian-bacon\/\">Je monte les marches \u00e0 c\u00f4t\u00e9 du M\u00e9duse pour me diriger lentement vers l\u2019atelier des peintres Laps (Francois Lapierre) et Phelipe, le gars qui a fait la grosse murale pr\u00e8s du Spot cet \u00e9t\u00e9. Ces gars-l\u00e0 sont au coeur de Canadian Bacon, une exposition qui rassemble parfois plus d\u2019une cinquantaine d\u2019artistes visuels de la ville de Qu\u00e9bec. On est sens\u00e9 avoir une entrevue \u00e0 14h30. Laps m\u2019accueille et me dit que son partenaire\u00a0<em>in crimes<\/em>\u00a0devrait arriver sous peu. Parle parle, jase jase, on se rend compte qu\u2019on n\u2019aura s\u00fbrement pas le temps de faire l\u2019entrevue avec le retard accumul\u00e9 et nos horaires charg\u00e9s. Laps prend une paire de jumelle et par une fen\u00eatre qui donne vue sur la basse ville, il \u00e9pie l\u2019arriv\u00e9e de son ami. Apr\u00e8s quelques instants, on se dit que finalement l\u2019entrevue se d\u00e9roulera par courriel. Tant mieux, me dit-il, \u00e7a va nous donner le temps de bien formuler nos r\u00e9ponses.<\/a><\/p>\n<p>&nbsp;<\/p>\n<p><strong>Pouvez-vous me d\u00e9crire le concept derri\u00e8re Canadian Bacon?<\/strong><\/p>\n<p>\u00c0 la base, Canadian Bacon est la r\u00e9union d\u2019une grosse gang de chums qui font de l\u2019art s\u00e9rieusement et qui cherchent \u00e0 cr\u00e9er des expositions alternatives \u00e0 ce qui se d\u00e9roule sur la sc\u00e8ne locale actuelle. CB est un collectif\/s\u00e9rie d\u2019expositions collectives : on s\u2019unit deux fois par ann\u00e9e afin de pr\u00e9senter au public de Qu\u00e9bec les oeuvres de plus d\u2019une trentaine d\u2019artistes de la r\u00e9gion et d\u2019une vingtaine de l\u2019ext\u00e9rieur. On organise aussi des expositions satellites \u00e0 l\u2019\u00e9v\u00e9nement Canadian Bacon.<\/p>\n<p>&nbsp;<\/p>\n","protected":false},"excerpt":{"rendered":"<p>\u00c7a ne sera pas comme dans une galerie d&rsquo;art&#8230;.je veux surprendre le public &#8230;. Lors du vernissage, le 31 janvier 2020, le duo Funk Connection et un trio d&rsquo;invit\u00e9s surprises&hellip; <\/p>\n","protected":false},"author":1,"featured_media":0,"comment_status":"open","ping_status":"open","sticky":false,"template":"","format":"standard","meta":{"_exactmetrics_skip_tracking":false,"_exactmetrics_sitenote_active":false,"_exactmetrics_sitenote_note":"","_exactmetrics_sitenote_category":0,"footnotes":""},"categories":[20,27,18],"tags":[963,656,3226,34,3227,3248,3218,969,3228,552,3250,417,3235,3247,3251,3252,667,968,836,1043,3220,3234,416,3239,970,3242,35,3241,408,405,971,3236,3215,3217,3240,835,3225,3238,375,3232,3243,512,373,973,2836,58,123,958,3245,3230,962,3237,3231,406,3229,960,658,608,959,965,964,87,3246,966,764,662,967,3219,972,3224,961,522,3249,3216,3253,3233,391,40,957,410,3244,415],"class_list":["post-4542","post","type-post","status-publish","format-standard","hentry","category-article-descriptif","category-artistes","category-evenement","tag-alex-scaner","tag-alexis-paradis","tag-alissa-bilodeau","tag-andre-becot","tag-anne-bourque","tag-antoine-st-laurent","tag-arnaud-leclerc","tag-astro","tag-bref","tag-canadian-bacon","tag-carlos-ste-marie","tag-catherine-mcinnis","tag-charles-fortin","tag-charles-robichaud","tag-charles-thibodeau","tag-charles-turcotte","tag-charles-frederick-ouellet","tag-cler","tag-daily-pantoum","tag-dialogues","tag-diner-saint-sauveur","tag-elie-dubois-senechal","tag-eloise-plamondon-page","tag-emmanuel-laflamme","tag-fleok6a","tag-florence-le-blanc","tag-foire-en-arts-actuel","tag-france-lareau","tag-francois-lapierre","tag-francois-raymond","tag-gabriel-mercier","tag-ghoststack","tag-gps-03","tag-grand-projet-secret-canadian-bacon","tag-jean-daniel-lariviere","tag-jean-michel-letendre-veilleux","tag-jean-pierre-bedard","tag-jobarts","tag-justin-roy","tag-laurie-ste-onge-dostie","tag-legaga","tag-louis-antoine-pelletier","tag-louis-david-letourneau-gagnon","tag-loup","tag-manon-maurios","tag-marc-bellemare-collectionneur","tag-marie-rioux","tag-marie-eve-frechette","tag-marso","tag-martin-chevarie","tag-matel","tag-mathieu-houde","tag-maude-demers","tag-mireille-bouchard","tag-mireille-r-champagne","tag-monk-e-pishier","tag-olivier-de-serres","tag-olivier-roberge","tag-patrick","tag-patrick-fortin","tag-paul-brunet","tag-phelipe-soldevila","tag-remy-pelletier","tag-sagana-squale","tag-samuel-breton","tag-sarah-booth","tag-scribe","tag-sdc-montcalm","tag-simg","tag-simon-beaulieu","tag-simon-doyon","tag-sophie-ouellet","tag-stare","tag-veronique-demers","tag-victor-str8-up","tag-vincent-drouin","tag-virginie-mercure","tag-visuals-arts","tag-william-dion","tag-william-gilbert","tag-william-marceau-briggs","tag-zoltan-veevaete"],"_links":{"self":[{"href":"https:\/\/galeriebecot.com\/index.php?rest_route=\/wp\/v2\/posts\/4542","targetHints":{"allow":["GET"]}}],"collection":[{"href":"https:\/\/galeriebecot.com\/index.php?rest_route=\/wp\/v2\/posts"}],"about":[{"href":"https:\/\/galeriebecot.com\/index.php?rest_route=\/wp\/v2\/types\/post"}],"author":[{"embeddable":true,"href":"https:\/\/galeriebecot.com\/index.php?rest_route=\/wp\/v2\/users\/1"}],"replies":[{"embeddable":true,"href":"https:\/\/galeriebecot.com\/index.php?rest_route=%2Fwp%2Fv2%2Fcomments&post=4542"}],"version-history":[{"count":36,"href":"https:\/\/galeriebecot.com\/index.php?rest_route=\/wp\/v2\/posts\/4542\/revisions"}],"predecessor-version":[{"id":12550,"href":"https:\/\/galeriebecot.com\/index.php?rest_route=\/wp\/v2\/posts\/4542\/revisions\/12550"}],"wp:attachment":[{"href":"https:\/\/galeriebecot.com\/index.php?rest_route=%2Fwp%2Fv2%2Fmedia&parent=4542"}],"wp:term":[{"taxonomy":"category","embeddable":true,"href":"https:\/\/galeriebecot.com\/index.php?rest_route=%2Fwp%2Fv2%2Fcategories&post=4542"},{"taxonomy":"post_tag","embeddable":true,"href":"https:\/\/galeriebecot.com\/index.php?rest_route=%2Fwp%2Fv2%2Ftags&post=4542"}],"curies":[{"name":"wp","href":"https:\/\/api.w.org\/{rel}","templated":true}]}}