{"id":4490,"date":"2016-01-15T18:01:38","date_gmt":"2016-01-15T23:01:38","guid":{"rendered":"http:\/\/www.clubdescollectionneursenartsvisuelsdequebec.com\/?p=4490"},"modified":"2016-01-26T18:07:06","modified_gmt":"2016-01-26T23:07:06","slug":"pierre-lanoie-artiste-peintre-un-artiste-contemporain-et-un-artiste-en-art-contemporain","status":"publish","type":"post","link":"https:\/\/galeriebecot.com\/?p=4490","title":{"rendered":"Pierre Lanoie, artiste peintre (un artiste contemporain et un artiste en art contemporain)"},"content":{"rendered":"<p><a href=\"https:\/\/www.galeriebecot.com\/wp-content\/uploads\/2016\/01\/Pierre-Lanoie.jpg\" rel=\"attachment wp-att-4491\"><img loading=\"lazy\" decoding=\"async\" class=\"alignnone size-large wp-image-4491\" src=\"https:\/\/www.galeriebecot.com\/wp-content\/uploads\/2016\/01\/Pierre-Lanoie-699x1024.jpg\" alt=\"Pierre Lanoie\" width=\"699\" height=\"1024\" srcset=\"https:\/\/galeriebecot.com\/wp-content\/uploads\/2016\/01\/Pierre-Lanoie-699x1024.jpg 699w, https:\/\/galeriebecot.com\/wp-content\/uploads\/2016\/01\/Pierre-Lanoie-205x300.jpg 205w, https:\/\/galeriebecot.com\/wp-content\/uploads\/2016\/01\/Pierre-Lanoie-768x1124.jpg 768w, https:\/\/galeriebecot.com\/wp-content\/uploads\/2016\/01\/Pierre-Lanoie.jpg 1054w\" sizes=\"auto, (max-width: 699px) 100vw, 699px\" \/><\/a><\/p>\n<p>Opinion d&rsquo;un autodidacte ou un &lsquo;<strong><em>sans papier<\/em><\/strong>&lsquo; , je ne m&rsquo;associe \u00e0 aucune de ces \u00e9coles de pens\u00e9e,ayant d\u00e9velopp\u00e9 bien malgr\u00e9 moi,ma propre pens\u00e9e.<\/p>\n","protected":false},"excerpt":{"rendered":"<p>Opinion d&rsquo;un autodidacte ou un &lsquo;sans papier&lsquo; , je ne m&rsquo;associe \u00e0 aucune de ces \u00e9coles de pens\u00e9e,ayant d\u00e9velopp\u00e9 bien malgr\u00e9 moi,ma propre pens\u00e9e.<\/p>\n","protected":false},"author":1,"featured_media":0,"comment_status":"open","ping_status":"open","sticky":false,"template":"","format":"standard","meta":{"_exactmetrics_skip_tracking":false,"_exactmetrics_sitenote_active":false,"_exactmetrics_sitenote_note":"","_exactmetrics_sitenote_category":0,"footnotes":""},"categories":[27],"tags":[34,67,58,458,37,40],"class_list":["post-4490","post","type-post","status-publish","format-standard","hentry","category-artistes","tag-andre-becot","tag-club-des-collectionneurs-en-arts-visuels-de-quebec-marc-bellemare","tag-marc-bellemare-collectionneur","tag-pierre-lanoie","tag-studio-becot","tag-visuals-arts"],"_links":{"self":[{"href":"https:\/\/galeriebecot.com\/index.php?rest_route=\/wp\/v2\/posts\/4490","targetHints":{"allow":["GET"]}}],"collection":[{"href":"https:\/\/galeriebecot.com\/index.php?rest_route=\/wp\/v2\/posts"}],"about":[{"href":"https:\/\/galeriebecot.com\/index.php?rest_route=\/wp\/v2\/types\/post"}],"author":[{"embeddable":true,"href":"https:\/\/galeriebecot.com\/index.php?rest_route=\/wp\/v2\/users\/1"}],"replies":[{"embeddable":true,"href":"https:\/\/galeriebecot.com\/index.php?rest_route=%2Fwp%2Fv2%2Fcomments&post=4490"}],"version-history":[{"count":3,"href":"https:\/\/galeriebecot.com\/index.php?rest_route=\/wp\/v2\/posts\/4490\/revisions"}],"predecessor-version":[{"id":4494,"href":"https:\/\/galeriebecot.com\/index.php?rest_route=\/wp\/v2\/posts\/4490\/revisions\/4494"}],"wp:attachment":[{"href":"https:\/\/galeriebecot.com\/index.php?rest_route=%2Fwp%2Fv2%2Fmedia&parent=4490"}],"wp:term":[{"taxonomy":"category","embeddable":true,"href":"https:\/\/galeriebecot.com\/index.php?rest_route=%2Fwp%2Fv2%2Fcategories&post=4490"},{"taxonomy":"post_tag","embeddable":true,"href":"https:\/\/galeriebecot.com\/index.php?rest_route=%2Fwp%2Fv2%2Ftags&post=4490"}],"curies":[{"name":"wp","href":"https:\/\/api.w.org\/{rel}","templated":true}]}}