{"id":4427,"date":"2016-01-15T17:04:56","date_gmt":"2016-01-15T22:04:56","guid":{"rendered":"http:\/\/www.clubdescollectionneursenartsvisuelsdequebec.com\/?p=4427"},"modified":"2016-01-17T17:30:44","modified_gmt":"2016-01-17T22:30:44","slug":"le-peintre-quebecois-marius-dubois-est-decede","status":"publish","type":"post","link":"https:\/\/galeriebecot.com\/?p=4427","title":{"rendered":"Le peintre qu\u00e9b\u00e9cois Marius Dubois est d\u00e9c\u00e9d\u00e9&#8230;."},"content":{"rendered":"<p><a href=\"https:\/\/louisesanfacon.wordpress.com\/2014\/08\/01\/marius-dubois\/\" rel=\"attachment wp-att-4433\"><img loading=\"lazy\" decoding=\"async\" class=\"alignnone size-full wp-image-4433\" src=\"https:\/\/www.galeriebecot.com\/wp-content\/uploads\/2016\/01\/Louise-Sansfa\u00e7on.jpg\" alt=\"Louise Sansfa\u00e7on\" width=\"528\" height=\"384\" srcset=\"https:\/\/galeriebecot.com\/wp-content\/uploads\/2016\/01\/Louise-Sansfa\u00e7on.jpg 528w, https:\/\/galeriebecot.com\/wp-content\/uploads\/2016\/01\/Louise-Sansfa\u00e7on-300x218.jpg 300w\" sizes=\"auto, (max-width: 528px) 100vw, 528px\" \/><\/a><\/p>\n<p><span class=\"sep\">PUBLI\u00c9 <\/span><span class=\"byline\">\u00a0<span class=\"sep\">PAR\u00a0<\/span><span class=\"author vcard\">LOUISE SANFA\u00c7ON<\/span><\/span><\/p>\n<p><a href=\"https:\/\/louisesanfacon.wordpress.com\/2014\/08\/01\/marius-dubois\/\" rel=\"attachment wp-att-4428\"><img loading=\"lazy\" decoding=\"async\" class=\"alignnone size-full wp-image-4428\" src=\"https:\/\/www.galeriebecot.com\/wp-content\/uploads\/2016\/01\/Dubois-Marius-1.jpg\" alt=\"Encyclop\u008edie de L'Agora | Dubois Marius\" width=\"657\" height=\"761\" srcset=\"https:\/\/galeriebecot.com\/wp-content\/uploads\/2016\/01\/Dubois-Marius-1.jpg 657w, https:\/\/galeriebecot.com\/wp-content\/uploads\/2016\/01\/Dubois-Marius-1-259x300.jpg 259w\" sizes=\"auto, (max-width: 657px) 100vw, 657px\" \/><\/a><\/p>\n","protected":false},"excerpt":{"rendered":"<p>PUBLI\u00c9 \u00a0PAR\u00a0LOUISE SANFA\u00c7ON<\/p>\n","protected":false},"author":1,"featured_media":0,"comment_status":"open","ping_status":"open","sticky":false,"template":"","format":"standard","meta":{"_exactmetrics_skip_tracking":false,"_exactmetrics_sitenote_active":false,"_exactmetrics_sitenote_note":"","_exactmetrics_sitenote_category":0,"footnotes":""},"categories":[20,27,36],"tags":[34,43,66,789,58,788,37,40],"class_list":["post-4427","post","type-post","status-publish","format-standard","hentry","category-article-descriptif","category-artistes","category-prixreconnaissance","tag-andre-becot","tag-arts-visuels","tag-club-des-collectionneurs-en-arts-visuels-de-quebec-studio-becot","tag-louise-sanfacon","tag-marc-bellemare-collectionneur","tag-marius-dubois","tag-studio-becot","tag-visuals-arts"],"_links":{"self":[{"href":"https:\/\/galeriebecot.com\/index.php?rest_route=\/wp\/v2\/posts\/4427","targetHints":{"allow":["GET"]}}],"collection":[{"href":"https:\/\/galeriebecot.com\/index.php?rest_route=\/wp\/v2\/posts"}],"about":[{"href":"https:\/\/galeriebecot.com\/index.php?rest_route=\/wp\/v2\/types\/post"}],"author":[{"embeddable":true,"href":"https:\/\/galeriebecot.com\/index.php?rest_route=\/wp\/v2\/users\/1"}],"replies":[{"embeddable":true,"href":"https:\/\/galeriebecot.com\/index.php?rest_route=%2Fwp%2Fv2%2Fcomments&post=4427"}],"version-history":[{"count":10,"href":"https:\/\/galeriebecot.com\/index.php?rest_route=\/wp\/v2\/posts\/4427\/revisions"}],"predecessor-version":[{"id":4440,"href":"https:\/\/galeriebecot.com\/index.php?rest_route=\/wp\/v2\/posts\/4427\/revisions\/4440"}],"wp:attachment":[{"href":"https:\/\/galeriebecot.com\/index.php?rest_route=%2Fwp%2Fv2%2Fmedia&parent=4427"}],"wp:term":[{"taxonomy":"category","embeddable":true,"href":"https:\/\/galeriebecot.com\/index.php?rest_route=%2Fwp%2Fv2%2Fcategories&post=4427"},{"taxonomy":"post_tag","embeddable":true,"href":"https:\/\/galeriebecot.com\/index.php?rest_route=%2Fwp%2Fv2%2Ftags&post=4427"}],"curies":[{"name":"wp","href":"https:\/\/api.w.org\/{rel}","templated":true}]}}