{"id":4378,"date":"2015-12-31T10:59:42","date_gmt":"2015-12-31T15:59:42","guid":{"rendered":"http:\/\/www.clubdescollectionneursenartsvisuelsdequebec.com\/?p=4378"},"modified":"2016-01-03T16:19:38","modified_gmt":"2016-01-03T21:19:38","slug":"lespoir-dans-la-releve-la-honte-en-art-public","status":"publish","type":"post","link":"https:\/\/galeriebecot.com\/?p=4378","title":{"rendered":"L&rsquo;espoir dans la rel\u00e8ve.la honte en art public&#8230;."},"content":{"rendered":"<p><a href=\"https:\/\/www.galeriebecot.com\/wp-content\/uploads\/2016\/01\/L\u2019espoir-dans-la-rel\u00e8ve1.jpg\" rel=\"attachment wp-att-4379\"><img loading=\"lazy\" decoding=\"async\" class=\"alignnone size-large wp-image-4379\" src=\"https:\/\/www.galeriebecot.com\/wp-content\/uploads\/2016\/01\/L\u2019espoir-dans-la-rel\u00e8ve1-882x1024.jpg\" alt=\"L\u00d5espoir dans la rel\u008fve, la honte en art public | Le Devoir\" width=\"700\" height=\"813\" srcset=\"https:\/\/galeriebecot.com\/wp-content\/uploads\/2016\/01\/L\u2019espoir-dans-la-rel\u00e8ve1-882x1024.jpg 882w, https:\/\/galeriebecot.com\/wp-content\/uploads\/2016\/01\/L\u2019espoir-dans-la-rel\u00e8ve1-258x300.jpg 258w, https:\/\/galeriebecot.com\/wp-content\/uploads\/2016\/01\/L\u2019espoir-dans-la-rel\u00e8ve1-768x892.jpg 768w, https:\/\/galeriebecot.com\/wp-content\/uploads\/2016\/01\/L\u2019espoir-dans-la-rel\u00e8ve1.jpg 1230w\" sizes=\"auto, (max-width: 700px) 100vw, 700px\" \/><\/a><\/p>\n<p><a href=\"https:\/\/www.galeriebecot.com\/wp-content\/uploads\/2016\/01\/L\u2019espoir-dans-la-rel\u00e8ve2.jpg\" rel=\"attachment wp-att-4380\"><img loading=\"lazy\" decoding=\"async\" class=\"alignnone size-large wp-image-4380\" src=\"https:\/\/www.galeriebecot.com\/wp-content\/uploads\/2016\/01\/L\u2019espoir-dans-la-rel\u00e8ve2-1024x837.jpg\" alt=\"L\u00d5espoir dans la rel\u008fve, la honte en art public | Le Devoir\" width=\"700\" height=\"572\" srcset=\"https:\/\/galeriebecot.com\/wp-content\/uploads\/2016\/01\/L\u2019espoir-dans-la-rel\u00e8ve2-1024x837.jpg 1024w, https:\/\/galeriebecot.com\/wp-content\/uploads\/2016\/01\/L\u2019espoir-dans-la-rel\u00e8ve2-300x245.jpg 300w, https:\/\/galeriebecot.com\/wp-content\/uploads\/2016\/01\/L\u2019espoir-dans-la-rel\u00e8ve2-768x628.jpg 768w, https:\/\/galeriebecot.com\/wp-content\/uploads\/2016\/01\/L\u2019espoir-dans-la-rel\u00e8ve2.jpg 1230w\" sizes=\"auto, (max-width: 700px) 100vw, 700px\" \/><\/a><\/p>\n<p><strong>La honte<\/strong>: Que ressentir d&rsquo;autre quand les maires des deux grandes villes du Qu\u00e9bec manquent\u00a0du m\u00eame jugement \u00e0 l&rsquo;\u00e9gard d&rsquo;oeuvres dans l&rsquo;espace public ? Presque simultan\u00e9ment,<\/p>\n<p>les administrations LABEAUME et CODERRE se sont montr\u00e9s non seulement s\u00e9v\u00e8res\u00a0envers l&rsquo;art public,mais incapable de dialoguer avec la pass\u00e9.<\/p>\n","protected":false},"excerpt":{"rendered":"<p>La honte: Que ressentir d&rsquo;autre quand les maires des deux grandes villes du Qu\u00e9bec manquent\u00a0du m\u00eame jugement \u00e0 l&rsquo;\u00e9gard d&rsquo;oeuvres dans l&rsquo;espace public ? Presque simultan\u00e9ment, les administrations LABEAUME et&hellip; <\/p>\n","protected":false},"author":1,"featured_media":0,"comment_status":"open","ping_status":"open","sticky":false,"template":"","format":"standard","meta":{"_exactmetrics_skip_tracking":false,"_exactmetrics_sitenote_active":false,"_exactmetrics_sitenote_note":"","_exactmetrics_sitenote_category":0,"footnotes":""},"categories":[27,32],"tags":[779,34,776,778,67,773,775,774,58,777,438,780,37,40],"class_list":["post-4378","post","type-post","status-publish","format-standard","hentry","category-artistes","category-le-devoir","tag-altmejd","tag-andre-becot","tag-charles-daudelin","tag-claude-theberge","tag-club-des-collectionneurs-en-arts-visuels-de-quebec-marc-bellemare","tag-denis-coderre","tag-jean-pierre-raynaud","tag-jerome-delgado","tag-marc-bellemare-collectionneur","tag-peter-gnass","tag-regis-labeaume","tag-rodin","tag-studio-becot","tag-visuals-arts"],"_links":{"self":[{"href":"https:\/\/galeriebecot.com\/index.php?rest_route=\/wp\/v2\/posts\/4378","targetHints":{"allow":["GET"]}}],"collection":[{"href":"https:\/\/galeriebecot.com\/index.php?rest_route=\/wp\/v2\/posts"}],"about":[{"href":"https:\/\/galeriebecot.com\/index.php?rest_route=\/wp\/v2\/types\/post"}],"author":[{"embeddable":true,"href":"https:\/\/galeriebecot.com\/index.php?rest_route=\/wp\/v2\/users\/1"}],"replies":[{"embeddable":true,"href":"https:\/\/galeriebecot.com\/index.php?rest_route=%2Fwp%2Fv2%2Fcomments&post=4378"}],"version-history":[{"count":2,"href":"https:\/\/galeriebecot.com\/index.php?rest_route=\/wp\/v2\/posts\/4378\/revisions"}],"predecessor-version":[{"id":4382,"href":"https:\/\/galeriebecot.com\/index.php?rest_route=\/wp\/v2\/posts\/4378\/revisions\/4382"}],"wp:attachment":[{"href":"https:\/\/galeriebecot.com\/index.php?rest_route=%2Fwp%2Fv2%2Fmedia&parent=4378"}],"wp:term":[{"taxonomy":"category","embeddable":true,"href":"https:\/\/galeriebecot.com\/index.php?rest_route=%2Fwp%2Fv2%2Fcategories&post=4378"},{"taxonomy":"post_tag","embeddable":true,"href":"https:\/\/galeriebecot.com\/index.php?rest_route=%2Fwp%2Fv2%2Ftags&post=4378"}],"curies":[{"name":"wp","href":"https:\/\/api.w.org\/{rel}","templated":true}]}}