{"id":4358,"date":"2019-09-17T12:13:59","date_gmt":"2019-09-17T16:13:59","guid":{"rendered":"http:\/\/www.clubdescollectionneursenartsvisuelsdequebec.com\/?p=4358"},"modified":"2019-09-17T16:44:41","modified_gmt":"2019-09-17T20:44:41","slug":"lexposition-dialogue-presentee-a-quebec-le-19-septembre-2015-durant-la-nuit-des-galeries","status":"publish","type":"post","link":"https:\/\/galeriebecot.com\/?p=4358","title":{"rendered":"L&rsquo;exposition Galerie \u00c9ph\u00e9m\u00e8re, Artistes Intemporels, durant la Nuit des Galeries&#8230;le 21 septembre 2019."},"content":{"rendered":"<p><a href=\"https:\/\/www.galeriebecot.com\/wp-content\/uploads\/2015\/12\/Galerie-Pub-FB-ok.jpg\"><img loading=\"lazy\" decoding=\"async\" class=\"alignnone size-large wp-image-11656\" src=\"https:\/\/www.galeriebecot.com\/wp-content\/uploads\/2015\/12\/Galerie-Pub-FB-ok-1024x566.jpg\" alt=\"\" width=\"700\" height=\"387\" srcset=\"https:\/\/galeriebecot.com\/wp-content\/uploads\/2015\/12\/Galerie-Pub-FB-ok-1024x566.jpg 1024w, https:\/\/galeriebecot.com\/wp-content\/uploads\/2015\/12\/Galerie-Pub-FB-ok-300x166.jpg 300w, https:\/\/galeriebecot.com\/wp-content\/uploads\/2015\/12\/Galerie-Pub-FB-ok-768x424.jpg 768w, https:\/\/galeriebecot.com\/wp-content\/uploads\/2015\/12\/Galerie-Pub-FB-ok.jpg 1350w\" sizes=\"auto, (max-width: 700px) 100vw, 700px\" \/><\/a><\/p>\n<p>Pr\u00e9sent\u00e9 par <strong>Voyages Plein Soleil.<\/strong><\/p>\n<p>Dans le cadre le <strong>La nuit des Galeries<\/strong>.<\/p>\n<p><strong>Galerie \u00c9ph\u00e9m\u00e8re \/ Artistes Intemporels.<\/strong><\/p>\n<p>Samedi le 21 septembre.<\/p>\n<p><strong>Vernissage en continu. De 17 h \u00e0 22h.<\/strong><\/p>\n<p><em>Andr\u00e9<\/em> <strong>B\u00e9cot, <\/strong><em>Don<\/em> <strong>Darby, <\/strong><em>Chantal-Jane<\/em><strong> Garant, <\/strong><em>Aristide<\/em> <strong>Gagnon, <\/strong><em>Alain<\/em> <strong>LeBlond, <\/strong><em>Yves<\/em> <strong>Perreault.<\/strong><\/p>\n<p><strong>Bienvenue \u00e0 tous !<\/strong><\/p>\n<p><a href=\"https:\/\/www.galeriebecot.com\/wp-content\/uploads\/2019\/09\/AtelierGalerie-Becot-.jpg\"><img loading=\"lazy\" decoding=\"async\" class=\"alignnone size-full wp-image-11696\" src=\"https:\/\/www.galeriebecot.com\/wp-content\/uploads\/2019\/09\/AtelierGalerie-Becot-.jpg\" alt=\"\" width=\"576\" height=\"434\" srcset=\"https:\/\/galeriebecot.com\/wp-content\/uploads\/2019\/09\/AtelierGalerie-Becot-.jpg 576w, https:\/\/galeriebecot.com\/wp-content\/uploads\/2019\/09\/AtelierGalerie-Becot--300x226.jpg 300w\" sizes=\"auto, (max-width: 576px) 100vw, 576px\" \/><\/a><\/p>\n<p>Galerie B\u00e9cot (section atelier)<\/p>\n<p><a href=\"https:\/\/vimeo.com\/149578433\">Un clic\u00a0\u00a0sur le texte suivant, (en bleu), pour visionner la vid\u00e9o de <em><strong>l&rsquo;exposition Dialogue,<\/strong><\/em><\/a><br \/>\npr\u00e9sent\u00e9e \u00e0 Qu\u00e9bec le 19 septembre 2015 durant la Nuit des Galeries, r\u00e9unissaient 10 artistes de la rel\u00e8ve et 10 artistes s\u00e9niors. L&rsquo;\u00e9v\u00e9nement fut un immense succ\u00e8s. Plus de 2,000 personnes entr\u00e8rent dans cette galerie improvis\u00e9e par le collectif Canadian Bacon, Marie Rioux et Andr\u00e9 B\u00e9cot. Liste des artistes: Alexis Paradis, Andr\u00e9 B\u00e9cot, Andr\u00e9-Philippe C\u00f4t\u00e9, Aristide Gagnon, Bruno Gagnon, Catherine McInnis, Don Darby, Francois La Pierre, Fran\u00e7ois Raymond, H\u00e9l\u00e8ne Allard, Jacques Sylvain, Louis-David L\u00e9tourneau-Gagnon, Louise McNicoll, Marie Rioux, Mira Falardeau, Olivier De Serres, Phelipe Soldevila, Samuel Br\u00ebton, Self et William Dion<\/p>\n<p><img loading=\"lazy\" decoding=\"async\" class=\"alignnone size-full wp-image-4396\" src=\"https:\/\/www.galeriebecot.com\/wp-content\/uploads\/2015\/12\/Dialogue-2015.jpg\" alt=\"Dialogue 2015\" width=\"576\" height=\"484\" srcset=\"https:\/\/galeriebecot.com\/wp-content\/uploads\/2015\/12\/Dialogue-2015.jpg 576w, https:\/\/galeriebecot.com\/wp-content\/uploads\/2015\/12\/Dialogue-2015-300x252.jpg 300w\" sizes=\"auto, (max-width: 576px) 100vw, 576px\" \/><\/p>\n","protected":false},"excerpt":{"rendered":"<p>Pr\u00e9sent\u00e9 par Voyages Plein Soleil. Dans le cadre le La nuit des Galeries. Galerie \u00c9ph\u00e9m\u00e8re \/ Artistes Intemporels. Samedi le 21 septembre. Vernissage en continu. De 17 h \u00e0 22h.&hellip; <\/p>\n","protected":false},"author":1,"featured_media":0,"comment_status":"open","ping_status":"open","sticky":false,"template":"","format":"standard","meta":{"_exactmetrics_skip_tracking":false,"_exactmetrics_sitenote_active":false,"_exactmetrics_sitenote_note":"","_exactmetrics_sitenote_category":0,"footnotes":""},"categories":[20,27,18,19],"tags":[1445,656,34,539,53,652,417,2845,6,766,275,35,763,405,653,271,767,373,654,58,123,655,658,87,764,765,40,2846],"class_list":["post-4358","post","type-post","status-publish","format-standard","hentry","category-article-descriptif","category-artistes","category-evenement","category-vernissage","tag-alain-leblond","tag-alexis-paradis","tag-andre-becot","tag-andre-philippe-cote","tag-aristide-gagnon","tag-bruno-gagnon","tag-catherine-mcinnis","tag-chantal-jane-garant","tag-club-des-collectionneurs-en-arts-visuels-de-quebec","tag-daniel-le-saunier","tag-don-darby","tag-foire-en-arts-actuel","tag-francois-la-pierre","tag-francois-raymond","tag-helene-allard","tag-jacques-sylvain","tag-jean-cote","tag-louis-david-letourneau-gagnon","tag-louise-mcnicoll","tag-marc-bellemare-collectionneur","tag-marie-rioux","tag-mira-falardeau","tag-olivier-de-serres","tag-phelipe-soldevila","tag-samuel-breton","tag-self-et-william-dion","tag-visuals-arts","tag-yves-perrault"],"_links":{"self":[{"href":"https:\/\/galeriebecot.com\/index.php?rest_route=\/wp\/v2\/posts\/4358","targetHints":{"allow":["GET"]}}],"collection":[{"href":"https:\/\/galeriebecot.com\/index.php?rest_route=\/wp\/v2\/posts"}],"about":[{"href":"https:\/\/galeriebecot.com\/index.php?rest_route=\/wp\/v2\/types\/post"}],"author":[{"embeddable":true,"href":"https:\/\/galeriebecot.com\/index.php?rest_route=\/wp\/v2\/users\/1"}],"replies":[{"embeddable":true,"href":"https:\/\/galeriebecot.com\/index.php?rest_route=%2Fwp%2Fv2%2Fcomments&post=4358"}],"version-history":[{"count":19,"href":"https:\/\/galeriebecot.com\/index.php?rest_route=\/wp\/v2\/posts\/4358\/revisions"}],"predecessor-version":[{"id":11697,"href":"https:\/\/galeriebecot.com\/index.php?rest_route=\/wp\/v2\/posts\/4358\/revisions\/11697"}],"wp:attachment":[{"href":"https:\/\/galeriebecot.com\/index.php?rest_route=%2Fwp%2Fv2%2Fmedia&parent=4358"}],"wp:term":[{"taxonomy":"category","embeddable":true,"href":"https:\/\/galeriebecot.com\/index.php?rest_route=%2Fwp%2Fv2%2Fcategories&post=4358"},{"taxonomy":"post_tag","embeddable":true,"href":"https:\/\/galeriebecot.com\/index.php?rest_route=%2Fwp%2Fv2%2Ftags&post=4358"}],"curies":[{"name":"wp","href":"https:\/\/api.w.org\/{rel}","templated":true}]}}