{"id":4336,"date":"2018-12-09T10:27:10","date_gmt":"2018-12-09T15:27:10","guid":{"rendered":"http:\/\/www.clubdescollectionneursenartsvisuelsdequebec.com\/?p=4336"},"modified":"2018-12-20T18:21:04","modified_gmt":"2018-12-20T23:21:04","slug":"aristide","status":"publish","type":"post","link":"https:\/\/galeriebecot.com\/?p=4336","title":{"rendered":"Aristide Gagnon (artiste) et Richard Lavoie (cin\u00e9aste)"},"content":{"rendered":"<p><a href=\"https:\/\/www.galeriebecot.com\/wp-content\/uploads\/2018\/12\/Celine-et-Aristide.jpg\"><img loading=\"lazy\" decoding=\"async\" class=\"alignnone size-full wp-image-10040\" src=\"https:\/\/www.galeriebecot.com\/wp-content\/uploads\/2018\/12\/Celine-et-Aristide.jpg\" alt=\"\" width=\"625\" height=\"746\" srcset=\"https:\/\/galeriebecot.com\/wp-content\/uploads\/2018\/12\/Celine-et-Aristide.jpg 625w, https:\/\/galeriebecot.com\/wp-content\/uploads\/2018\/12\/Celine-et-Aristide-251x300.jpg 251w\" sizes=\"auto, (max-width: 625px) 100vw, 625px\" \/><\/a><\/p>\n<p><a href=\"https:\/\/www.galeriebecot.com\/wp-content\/uploads\/2018\/06\/Lavoie1.jpg\"><img loading=\"lazy\" decoding=\"async\" class=\"alignnone size-large wp-image-10022\" src=\"https:\/\/www.galeriebecot.com\/wp-content\/uploads\/2018\/06\/Lavoie1-867x1024.jpg\" alt=\"\" width=\"700\" height=\"827\" srcset=\"https:\/\/galeriebecot.com\/wp-content\/uploads\/2018\/06\/Lavoie1-867x1024.jpg 867w, https:\/\/galeriebecot.com\/wp-content\/uploads\/2018\/06\/Lavoie1-254x300.jpg 254w, https:\/\/galeriebecot.com\/wp-content\/uploads\/2018\/06\/Lavoie1-768x908.jpg 768w, https:\/\/galeriebecot.com\/wp-content\/uploads\/2018\/06\/Lavoie1.jpg 886w\" sizes=\"auto, (max-width: 700px) 100vw, 700px\" \/><\/a><\/p>\n<p><a href=\"https:\/\/www.galeriebecot.com\/wp-content\/uploads\/2018\/06\/Lavoie2.jpg\"><img loading=\"lazy\" decoding=\"async\" class=\"alignnone size-full wp-image-10023\" src=\"https:\/\/www.galeriebecot.com\/wp-content\/uploads\/2018\/06\/Lavoie2.jpg\" alt=\"\" width=\"629\" height=\"572\" srcset=\"https:\/\/galeriebecot.com\/wp-content\/uploads\/2018\/06\/Lavoie2.jpg 629w, https:\/\/galeriebecot.com\/wp-content\/uploads\/2018\/06\/Lavoie2-300x273.jpg 300w\" sizes=\"auto, (max-width: 629px) 100vw, 629px\" \/><\/a><\/p>\n<p><a href=\"https:\/\/www.galeriebecot.com\/wp-content\/uploads\/2018\/06\/Lavoie3.jpg\"><img loading=\"lazy\" decoding=\"async\" class=\"alignnone size-full wp-image-10024\" src=\"https:\/\/www.galeriebecot.com\/wp-content\/uploads\/2018\/06\/Lavoie3.jpg\" alt=\"\" width=\"559\" height=\"702\" srcset=\"https:\/\/galeriebecot.com\/wp-content\/uploads\/2018\/06\/Lavoie3.jpg 559w, https:\/\/galeriebecot.com\/wp-content\/uploads\/2018\/06\/Lavoie3-239x300.jpg 239w\" sizes=\"auto, (max-width: 559px) 100vw, 559px\" \/><\/a><\/p>\n<p><img loading=\"lazy\" decoding=\"async\" class=\"alignnone size-full wp-image-8782\" src=\"https:\/\/www.galeriebecot.com\/wp-content\/uploads\/2017\/05\/Aristide-Gagnon-1.jpg\" alt=\"\" width=\"712\" height=\"576\" srcset=\"https:\/\/galeriebecot.com\/wp-content\/uploads\/2017\/05\/Aristide-Gagnon-1.jpg 712w, https:\/\/galeriebecot.com\/wp-content\/uploads\/2017\/05\/Aristide-Gagnon-1-300x243.jpg 300w\" sizes=\"auto, (max-width: 712px) 100vw, 712px\" \/><\/p>\n<p>Vid\u00e9o r\u00e9alis\u00e9e dans le cadre d&rsquo;un entretien avec M. Aristide Gagnon, artiste peintre et sculpteur.<\/p>\n<p><a href=\"https:\/\/vimeo.com\/181649203\"><img loading=\"lazy\" decoding=\"async\" class=\"alignnone size-full wp-image-6836\" src=\"https:\/\/www.galeriebecot.com\/wp-content\/uploads\/2016\/12\/Gagnon-Aristide.jpg\" alt=\"\" width=\"432\" height=\"323\" srcset=\"https:\/\/galeriebecot.com\/wp-content\/uploads\/2016\/12\/Gagnon-Aristide.jpg 432w, https:\/\/galeriebecot.com\/wp-content\/uploads\/2016\/12\/Gagnon-Aristide-300x224.jpg 300w\" sizes=\"auto, (max-width: 432px) 100vw, 432px\" \/><\/a><\/p>\n<p><a href=\"http:\/\/linitiative.ca\/kiosque\/aristide-gagnon-le-8e-jour-le-nouveau-film-du-cineaste-richard-lavoie\/\"><img loading=\"lazy\" decoding=\"async\" class=\"alignnone size-full wp-image-5423\" src=\"https:\/\/www.galeriebecot.com\/wp-content\/uploads\/2016\/08\/Aristide-Gagnon.jpg\" alt=\"aristide-gagnon\" width=\"514\" height=\"504\" srcset=\"https:\/\/galeriebecot.com\/wp-content\/uploads\/2016\/08\/Aristide-Gagnon.jpg 514w, https:\/\/galeriebecot.com\/wp-content\/uploads\/2016\/08\/Aristide-Gagnon-300x294.jpg 300w\" sizes=\"auto, (max-width: 514px) 100vw, 514px\" \/><\/a><\/p>\n<p><a href=\"http:\/\/www.fcvq.ca\/films\/aristide-gagnon-le-huitieme-jour\"><img loading=\"lazy\" decoding=\"async\" class=\"alignnone size-large wp-image-5385\" src=\"https:\/\/www.galeriebecot.com\/wp-content\/uploads\/2015\/12\/Aris-1-1024x773.jpg\" alt=\"Aris 1\" width=\"700\" height=\"528\" srcset=\"https:\/\/galeriebecot.com\/wp-content\/uploads\/2015\/12\/Aris-1-1024x773.jpg 1024w, https:\/\/galeriebecot.com\/wp-content\/uploads\/2015\/12\/Aris-1-300x226.jpg 300w, https:\/\/galeriebecot.com\/wp-content\/uploads\/2015\/12\/Aris-1-768x580.jpg 768w, https:\/\/galeriebecot.com\/wp-content\/uploads\/2015\/12\/Aris-1.jpg 1431w\" sizes=\"auto, (max-width: 700px) 100vw, 700px\" \/><\/a><\/p>\n<p>Peintre-sculpteur, originaire de Amqui, Aristide Gagnon est un repr\u00e9sentant du quartier Saint-Roch, un artiste en perp\u00e9tuelle recherche.<span id=\"more-145\"><\/span><\/p>\n<p>\u00ab \u00e7a me d\u00e9range pas de faire des recherches, parce que toute ma vie, c\u2019est \u00e7a que j\u2019ai fait. Ici quand j\u2019ai commenc\u00e9 avec la fonderie, c\u2019est s\u00fbr que je n\u2019avais pas l\u2019exp\u00e9rience. Mais, avec le temps, les recherches, on commence simplement, quand j\u2019ai commenc\u00e9 \u00e0 faire de la fonderie, j\u2019ai commenc\u00e9 avec des m\u00e9taux simples le plomb, l\u2019\u00e9tain, le zinc [\u2026]\u00a0\u00bb<\/p>\n<p>Peintre de formation \u00e0 l\u2019\u00e9cole des Beaux-Arts, Aristide nous raconte comment il en est venu \u00e0 la sculpture et \u00e0 son atelier. Reconnu comme \u00ab\u00a0le grand-p\u00e8re du bronze au Qu\u00e9bec\u00a0\u00bb, il s\u2019adonne depuis \u00e0 peine quelques ann\u00e9es \u00e0 la r\u00e9alisation de sph\u00e8res sonores.<\/p>\n<h2 style=\"display: block; font-size: 11px; font-family: 'Open Sans', Helvetica, Arial, sans-serif; color: #999999; width: 652px; padding: 3px 4px 3px 4px; margin: 0px;\"><\/h2>\n<p><iframe loading=\"lazy\" src=\"https:\/\/www.mixcloud.com\/widget\/iframe\/?embed_type=widget_standard&amp;embed_uuid=f57c79b9-80b8-402a-8643-90b9e741c36e&amp;feed=https%3A%2F%2Fwww.mixcloud.com%2Fcarto%2Fjhabite-une-ville-qu%25C3%25A9bec-les-recherches-actuelles-daristide-les-sph%25C3%25A8res-sonores%2F&amp;hide_cover=1&amp;hide_tracklist=1&amp;replace=0\" width=\"660\" height=\"180\" frameborder=\"0\"><\/iframe><\/p>\n<div style=\"clear: both; height: 3px; width: 652px;\"><\/div>\n<p style=\"display: block; font-size: 11px; font-family: 'Open Sans', Helvetica, Arial, sans-serif; color: #999999; width: 652px; padding: 3px 4px 3px 4px; margin: 0px;\"><a style=\"color: #808080; font-weight: bold;\" href=\"https:\/\/www.mixcloud.com\/carto\/jhabite-une-ville-qu%C3%A9bec-les-recherches-actuelles-daristide-les-sph%C3%A8res-sonores\/?utm_source=widget&amp;utm_medium=web&amp;utm_campaign=base_links&amp;utm_term=resource_link\" target=\"_blank\" rel=\"noopener noreferrer\">J&rsquo;habite une ville &#8211; Qu\u00e9bec &#8211; Les recherches actuelles d&rsquo;Aristide : les sph\u00e8res sonores<\/a> by <a style=\"color: #808080; font-weight: bold;\" href=\"https:\/\/www.mixcloud.com\/carto\/?utm_source=widget&amp;utm_medium=web&amp;utm_campaign=base_links&amp;utm_term=profile_link\" target=\"_blank\" rel=\"noopener noreferrer\">Carto.Ckiafm.Org<\/a> on <a style=\"color: #808080; font-weight: bold;\" href=\"https:\/\/www.mixcloud.com\/?utm_source=widget&amp;utm_medium=web&amp;utm_campaign=base_links&amp;utm_term=homepage_link\" target=\"_blank\" rel=\"noopener noreferrer\"> Mixcloud<\/a><\/p>\n<p style=\"display: block; font-size: 11px; font-family: 'Open Sans', Helvetica, Arial, sans-serif; color: #999999; width: 652px; padding: 3px 4px 3px 4px; margin: 0px;\"><a href=\"https:\/\/www.galeriebecot.com\/wp-content\/uploads\/2015\/12\/Gagnon.jpg\"><img loading=\"lazy\" decoding=\"async\" class=\"alignnone size-full wp-image-4341\" src=\"https:\/\/www.galeriebecot.com\/wp-content\/uploads\/2015\/12\/Gagnon.jpg\" alt=\"Gagnon\" width=\"720\" height=\"511\" srcset=\"https:\/\/galeriebecot.com\/wp-content\/uploads\/2015\/12\/Gagnon.jpg 720w, https:\/\/galeriebecot.com\/wp-content\/uploads\/2015\/12\/Gagnon-300x213.jpg 300w\" sizes=\"auto, (max-width: 720px) 100vw, 720px\" \/><\/a><\/p>\n<h2 style=\"display: block; font-size: 11px; font-family: 'Open Sans', Helvetica, Arial, sans-serif; color: #999999; width: 652px; padding: 3px 4px 3px 4px; margin: 0px;\"><\/h2>\n<p style=\"display: block; font-size: 11px; font-family: 'Open Sans', Helvetica, Arial, sans-serif; color: #999999; width: 652px; padding: 3px 4px 3px 4px; margin: 0px;\"><a href=\"https:\/\/www.galeriebecot.com\/wp-content\/uploads\/2017\/05\/Aristide-Gagnon-Parlement.jpg\"><img loading=\"lazy\" decoding=\"async\" class=\"alignnone size-full wp-image-7033\" src=\"https:\/\/www.galeriebecot.com\/wp-content\/uploads\/2017\/05\/Aristide-Gagnon-Parlement.jpg\" alt=\"\" width=\"288\" height=\"768\" srcset=\"https:\/\/galeriebecot.com\/wp-content\/uploads\/2017\/05\/Aristide-Gagnon-Parlement.jpg 288w, https:\/\/galeriebecot.com\/wp-content\/uploads\/2017\/05\/Aristide-Gagnon-Parlement-113x300.jpg 113w\" sizes=\"auto, (max-width: 288px) 100vw, 288px\" \/><\/a><\/p>\n<h1 style=\"display: block; font-size: 11px; font-family: 'Open Sans', Helvetica, Arial, sans-serif; color: #999999; width: 652px; padding: 3px 4px 3px 4px; margin: 0px;\"><span style=\"color: #000000;\">La Femme.<\/span><\/h1>\n<h2 style=\"display: block; font-size: 11px; font-family: 'Open Sans', Helvetica, Arial, sans-serif; color: #999999; width: 652px; padding: 3px 4px 3px 4px; margin: 0px;\"><span style=\"color: #000000;\">Bronze d&rsquo;Aristide Gagnon.<\/span><\/h2>\n<h2 style=\"display: block; font-size: 11px; font-family: 'Open Sans', Helvetica, Arial, sans-serif; color: #999999; width: 652px; padding: 3px 4px 3px 4px; margin: 0px;\"><span style=\"color: #000000;\">Acquis par l&rsquo;Assembl\u00e9e nationale.<\/span><\/h2>\n<h2 style=\"display: block; font-size: 11px; font-family: 'Open Sans', Helvetica, Arial, sans-serif; color: #999999; width: 652px; padding: 3px 4px 3px 4px; margin: 0px;\"><span style=\"color: #000000;\">\u00e0 l&rsquo;occasion de l&rsquo;ann\u00e9e internationale<\/span><\/h2>\n<h2 style=\"display: block; font-size: 11px; font-family: 'Open Sans', Helvetica, Arial, sans-serif; color: #999999; width: 652px; padding: 3px 4px 3px 4px; margin: 0px;\"><span style=\"color: #000000;\">de la femme 1975.<\/span><\/h2>\n","protected":false},"excerpt":{"rendered":"<p>Vid\u00e9o r\u00e9alis\u00e9e dans le cadre d&rsquo;un entretien avec M. Aristide Gagnon, artiste peintre et sculpteur. Peintre-sculpteur, originaire de Amqui, Aristide Gagnon est un repr\u00e9sentant du quartier Saint-Roch, un artiste en&hellip; <\/p>\n","protected":false},"author":1,"featured_media":0,"comment_status":"open","ping_status":"open","sticky":false,"template":"","format":"standard","meta":{"_exactmetrics_skip_tracking":false,"_exactmetrics_sitenote_active":false,"_exactmetrics_sitenote_note":"","_exactmetrics_sitenote_category":0,"footnotes":""},"categories":[20,27,36],"tags":[34,53,1639,66,1640,2668,58,2667,1150,470,2669,37],"class_list":["post-4336","post","type-post","status-publish","format-standard","hentry","category-article-descriptif","category-artistes","category-prixreconnaissance","tag-andre-becot","tag-aristide-gagnon","tag-assemblee-nationale-du-quebec","tag-club-des-collectionneurs-en-arts-visuels-de-quebec-studio-becot","tag-le-huiteme-jpur","tag-madelinot","tag-marc-bellemare-collectionneur","tag-nadine","tag-rejeanne-lamothe","tag-richard-lavoie","tag-robert-poirier","tag-studio-becot"],"_links":{"self":[{"href":"https:\/\/galeriebecot.com\/index.php?rest_route=\/wp\/v2\/posts\/4336","targetHints":{"allow":["GET"]}}],"collection":[{"href":"https:\/\/galeriebecot.com\/index.php?rest_route=\/wp\/v2\/posts"}],"about":[{"href":"https:\/\/galeriebecot.com\/index.php?rest_route=\/wp\/v2\/types\/post"}],"author":[{"embeddable":true,"href":"https:\/\/galeriebecot.com\/index.php?rest_route=\/wp\/v2\/users\/1"}],"replies":[{"embeddable":true,"href":"https:\/\/galeriebecot.com\/index.php?rest_route=%2Fwp%2Fv2%2Fcomments&post=4336"}],"version-history":[{"count":20,"href":"https:\/\/galeriebecot.com\/index.php?rest_route=\/wp\/v2\/posts\/4336\/revisions"}],"predecessor-version":[{"id":10041,"href":"https:\/\/galeriebecot.com\/index.php?rest_route=\/wp\/v2\/posts\/4336\/revisions\/10041"}],"wp:attachment":[{"href":"https:\/\/galeriebecot.com\/index.php?rest_route=%2Fwp%2Fv2%2Fmedia&parent=4336"}],"wp:term":[{"taxonomy":"category","embeddable":true,"href":"https:\/\/galeriebecot.com\/index.php?rest_route=%2Fwp%2Fv2%2Fcategories&post=4336"},{"taxonomy":"post_tag","embeddable":true,"href":"https:\/\/galeriebecot.com\/index.php?rest_route=%2Fwp%2Fv2%2Ftags&post=4336"}],"curies":[{"name":"wp","href":"https:\/\/api.w.org\/{rel}","templated":true}]}}