{"id":4292,"date":"2015-11-30T17:34:54","date_gmt":"2015-11-30T22:34:54","guid":{"rendered":"http:\/\/www.clubdescollectionneursenartsvisuelsdequebec.com\/?p=4292"},"modified":"2015-12-08T14:01:39","modified_gmt":"2015-12-08T19:01:39","slug":"exposition-de-groupe-sur-invitation","status":"publish","type":"post","link":"https:\/\/galeriebecot.com\/?p=4292","title":{"rendered":"Exposition de groupe << In Vivo >> petits formats."},"content":{"rendered":"<p><strong>Le studio galerie B\u00e9cot pr\u00e9sente, du 3 au 20 d\u00e9cembre 2015,<\/strong><\/p>\n<p>344 rue Sainte H\u00e9l\u00e8ne Qu\u00e9bec.G1K 3L7 (418 559 6816)<\/p>\n<p>l&rsquo;exposition de groupe, &lt;&lt; In Vivo &gt;&gt;.petits formats.<br \/>\n<iframe loading=\"lazy\" width=\"700\" height=\"525\" src=\"https:\/\/www.youtube.com\/embed\/oZDunzACAMk?feature=oembed\" frameborder=\"0\" allowfullscreen><\/iframe><br \/>\n<em><strong>Bienvenue \u00e0 tous !!!<\/strong><\/em><\/p>\n<p><a href=\"https:\/\/www.galeriebecot.com\/wp-content\/uploads\/2015\/11\/Invitation-Exposition-In-Vivo.jpg\"><img loading=\"lazy\" decoding=\"async\" class=\"alignnone size-full wp-image-4310\" src=\"https:\/\/www.galeriebecot.com\/wp-content\/uploads\/2015\/11\/Invitation-Exposition-In-Vivo.jpg\" alt=\"Invitation Exposition In Vivo\" width=\"432\" height=\"668\" srcset=\"https:\/\/galeriebecot.com\/wp-content\/uploads\/2015\/11\/Invitation-Exposition-In-Vivo.jpg 432w, https:\/\/galeriebecot.com\/wp-content\/uploads\/2015\/11\/Invitation-Exposition-In-Vivo-194x300.jpg 194w\" sizes=\"auto, (max-width: 432px) 100vw, 432px\" \/><\/a><\/p>\n<p><img loading=\"lazy\" decoding=\"async\" class=\"alignnone size-large wp-image-4315\" src=\"https:\/\/www.galeriebecot.com\/wp-content\/uploads\/2015\/11\/ensemble-2p.jpg\" alt=\"ensemble 2p\" width=\"240\" height=\"159\" \/><img loading=\"lazy\" decoding=\"async\" class=\"alignnone size-large wp-image-4316\" src=\"https:\/\/www.galeriebecot.com\/wp-content\/uploads\/2015\/11\/ensemblep.jpg\" alt=\"ensemblep\" width=\"240\" height=\"159\" \/><\/p>\n<p>Galerie B\u00e9cot , exposition &lt;&lt;<strong>In Vivo<\/strong>&gt;&gt; <em>\u00a0<\/em><\/p>\n<p><a href=\"https:\/\/www.galeriebecot.com\/wp-content\/uploads\/2015\/11\/Jacqueps.jpg\"><img loading=\"lazy\" decoding=\"async\" class=\"alignnone size-full wp-image-4318\" src=\"https:\/\/www.galeriebecot.com\/wp-content\/uploads\/2015\/11\/Jacqueps.jpg\" alt=\"Jacqueps\" width=\"245\" height=\"168\" \/><\/a><img loading=\"lazy\" decoding=\"async\" class=\"alignnone wp-image-4317\" src=\"https:\/\/www.galeriebecot.com\/wp-content\/uploads\/2015\/11\/Isabellep.jpg\" alt=\"Isabellep\" width=\"208\" height=\"167\" \/><\/p>\n<p>Jacques Sylvain (artiste) \u00a0 \u00a0 \u00a0 \u00a0 \u00a0 \u00a0 \u00a0 \u00a0 \u00a0\u00a0Isabelle Frenette (artiste)<\/p>\n<p><strong><em>photographe, Serge Philippe Tremblay<\/em><\/strong><\/p>\n<p>Abel Jonas (bijoux en verre)<\/p>\n<p>B\u00e9cot Andr\u00e9 (peinture objet et dessins)<\/p>\n<p>Corriveau Jean (peinture)<\/p>\n<p>Darby Don (dessins)<\/p>\n<p>Frenette Isabelle (sculpture)<\/p>\n<p>Gagnon Aristide (peintures)<\/p>\n<p>Lacasse Jacques (peintures et dessins)<\/p>\n<p>Lanoie Pierre (peintures et dessins)<\/p>\n<p>Lapierre Fran\u00e7ois (peintures et dessins),<\/p>\n<p>Mainguy Serge (peintures, encres sur papier et sculpture)<\/p>\n<p>Matte H\u00e9l\u00e8ne (dessins)<\/p>\n<p>Rioux Marie (peintures)<\/p>\n<p>Sylvain Jacques (peintures)<\/p>\n<p>Tremblay Serge-Philippe (photo)<\/p>\n<p>V\u00e9zina Karine (dessins)<\/p>\n<p>&nbsp;<\/p>\n","protected":false},"excerpt":{"rendered":"<p>Le studio galerie B\u00e9cot pr\u00e9sente, du 3 au 20 d\u00e9cembre 2015, 344 rue Sainte H\u00e9l\u00e8ne Qu\u00e9bec.G1K 3L7 (418 559 6816) l&rsquo;exposition de groupe, &lt;&lt; In Vivo &gt;&gt;.petits formats. Bienvenue \u00e0&hellip; <\/p>\n","protected":false},"author":1,"featured_media":0,"comment_status":"open","ping_status":"open","sticky":false,"template":"","format":"standard","meta":{"_exactmetrics_skip_tracking":false,"_exactmetrics_sitenote_active":false,"_exactmetrics_sitenote_note":"","_exactmetrics_sitenote_category":0,"footnotes":""},"categories":[27,18,218,19],"tags":[749,34,750,6,751,752,753,754,755,756,757,58,758,759,37,760,761,762,40],"class_list":["post-4292","post","type-post","status-publish","format-standard","hentry","category-artistes","category-evenement","category-galerie-becot-2","category-vernissage","tag-abel-jonas","tag-andre-becot","tag-becot-andre","tag-club-des-collectionneurs-en-arts-visuels-de-quebec","tag-corriveau-jean","tag-darby-don","tag-frenette-isabelle","tag-lacasse-jacques","tag-lanoie-pierre","tag-lapierre-francois","tag-mainguy-serge","tag-marc-bellemare-collectionneur","tag-matte-marie-helene","tag-rioux-marie","tag-studio-becot","tag-sylvain-jacques","tag-tremblay-serge-philippe","tag-vezina-karine","tag-visuals-arts"],"_links":{"self":[{"href":"https:\/\/galeriebecot.com\/index.php?rest_route=\/wp\/v2\/posts\/4292","targetHints":{"allow":["GET"]}}],"collection":[{"href":"https:\/\/galeriebecot.com\/index.php?rest_route=\/wp\/v2\/posts"}],"about":[{"href":"https:\/\/galeriebecot.com\/index.php?rest_route=\/wp\/v2\/types\/post"}],"author":[{"embeddable":true,"href":"https:\/\/galeriebecot.com\/index.php?rest_route=\/wp\/v2\/users\/1"}],"replies":[{"embeddable":true,"href":"https:\/\/galeriebecot.com\/index.php?rest_route=%2Fwp%2Fv2%2Fcomments&post=4292"}],"version-history":[{"count":32,"href":"https:\/\/galeriebecot.com\/index.php?rest_route=\/wp\/v2\/posts\/4292\/revisions"}],"predecessor-version":[{"id":4335,"href":"https:\/\/galeriebecot.com\/index.php?rest_route=\/wp\/v2\/posts\/4292\/revisions\/4335"}],"wp:attachment":[{"href":"https:\/\/galeriebecot.com\/index.php?rest_route=%2Fwp%2Fv2%2Fmedia&parent=4292"}],"wp:term":[{"taxonomy":"category","embeddable":true,"href":"https:\/\/galeriebecot.com\/index.php?rest_route=%2Fwp%2Fv2%2Fcategories&post=4292"},{"taxonomy":"post_tag","embeddable":true,"href":"https:\/\/galeriebecot.com\/index.php?rest_route=%2Fwp%2Fv2%2Ftags&post=4292"}],"curies":[{"name":"wp","href":"https:\/\/api.w.org\/{rel}","templated":true}]}}