{"id":4284,"date":"2020-11-06T16:13:00","date_gmt":"2020-11-06T21:13:00","guid":{"rendered":"http:\/\/www.clubdescollectionneursenartsvisuelsdequebec.com\/?p=4284"},"modified":"2020-11-12T08:54:07","modified_gmt":"2020-11-12T13:54:07","slug":"don-darby-gagnant-du-prix-videre-reconnaissance-2015","status":"publish","type":"post","link":"https:\/\/galeriebecot.com\/?p=4284","title":{"rendered":"Hommage \u00e0 Don Darby, gagnant des Prix Reconnaissance 2015 et Videre 2019."},"content":{"rendered":"\n<figure class=\"wp-block-image size-large\"><a href=\"https:\/\/www.galeriebecot.com\/?p=6169\"><img loading=\"lazy\" decoding=\"async\" width=\"828\" height=\"1024\" src=\"https:\/\/www.galeriebecot.com\/wp-content\/uploads\/2020\/11\/Darby1-828x1024.jpg\" alt=\"\" class=\"wp-image-13619\" srcset=\"https:\/\/galeriebecot.com\/wp-content\/uploads\/2020\/11\/Darby1-828x1024.jpg 828w, https:\/\/galeriebecot.com\/wp-content\/uploads\/2020\/11\/Darby1-243x300.jpg 243w, https:\/\/galeriebecot.com\/wp-content\/uploads\/2020\/11\/Darby1-768x949.jpg 768w, https:\/\/galeriebecot.com\/wp-content\/uploads\/2020\/11\/Darby1-1243x1536.jpg 1243w, https:\/\/galeriebecot.com\/wp-content\/uploads\/2020\/11\/Darby1.jpg 1584w\" sizes=\"auto, (max-width: 828px) 100vw, 828px\" \/><\/a><\/figure>\n\n\n\n<figure class=\"wp-block-image size-large\"><img loading=\"lazy\" decoding=\"async\" width=\"1024\" height=\"398\" src=\"https:\/\/www.galeriebecot.com\/wp-content\/uploads\/2020\/11\/Darby2-1024x398.jpg\" alt=\"\" class=\"wp-image-13620\" srcset=\"https:\/\/galeriebecot.com\/wp-content\/uploads\/2020\/11\/Darby2-1024x398.jpg 1024w, https:\/\/galeriebecot.com\/wp-content\/uploads\/2020\/11\/Darby2-300x116.jpg 300w, https:\/\/galeriebecot.com\/wp-content\/uploads\/2020\/11\/Darby2-768x298.jpg 768w, https:\/\/galeriebecot.com\/wp-content\/uploads\/2020\/11\/Darby2-1536x596.jpg 1536w, https:\/\/galeriebecot.com\/wp-content\/uploads\/2020\/11\/Darby2.jpg 1584w\" sizes=\"auto, (max-width: 1024px) 100vw, 1024px\" \/><\/figure>\n\n\n\n<figure class=\"wp-block-image size-large\"><a href=\"https:\/\/www.galeriebecot.com\/?p=3528\"><img loading=\"lazy\" decoding=\"async\" width=\"988\" height=\"1024\" src=\"https:\/\/www.galeriebecot.com\/wp-content\/uploads\/2020\/11\/Darby3-988x1024.jpg\" alt=\"\" class=\"wp-image-13621\" srcset=\"https:\/\/galeriebecot.com\/wp-content\/uploads\/2020\/11\/Darby3-988x1024.jpg 988w, https:\/\/galeriebecot.com\/wp-content\/uploads\/2020\/11\/Darby3-289x300.jpg 289w, https:\/\/galeriebecot.com\/wp-content\/uploads\/2020\/11\/Darby3-768x796.jpg 768w, https:\/\/galeriebecot.com\/wp-content\/uploads\/2020\/11\/Darby3-1482x1536.jpg 1482w, https:\/\/galeriebecot.com\/wp-content\/uploads\/2020\/11\/Darby3.jpg 1584w\" sizes=\"auto, (max-width: 988px) 100vw, 988px\" \/><\/a><\/figure>\n\n\n\n<p class=\"wp-block-paragraph\">Le D\u00e9put\u00e9 , Monsieur Martin Ouellet, rend hommage \u00e0 monsieur Don Darby \u00e0 l&rsquo;Assembl\u00e9e nationale.<\/p>\n\n\n<p>\u00a0<\/p>\n<p><a href=\"https:\/\/www.galeriebecot.com\/wp-content\/uploads\/2015\/11\/Videre1.jpg\"><img loading=\"lazy\" decoding=\"async\" class=\"alignnone size-full wp-image-12022\" src=\"https:\/\/www.galeriebecot.com\/wp-content\/uploads\/2015\/11\/Videre1.jpg\" alt=\"\" width=\"592\" height=\"820\" srcset=\"https:\/\/galeriebecot.com\/wp-content\/uploads\/2015\/11\/Videre1.jpg 592w, https:\/\/galeriebecot.com\/wp-content\/uploads\/2015\/11\/Videre1-217x300.jpg 217w\" sizes=\"auto, (max-width: 592px) 100vw, 592px\" \/><\/a><\/p>\n<p>Marilou Kenny-Gagnon \/ Rel\u00e8ve en Arts Visuels.<\/p>\n<p><a href=\"https:\/\/www.galeriebecot.com\/wp-content\/uploads\/2015\/11\/Videre2.jpg\"><img loading=\"lazy\" decoding=\"async\" class=\"alignnone size-full wp-image-12023\" src=\"https:\/\/www.galeriebecot.com\/wp-content\/uploads\/2015\/11\/Videre2.jpg\" alt=\"\" width=\"589\" height=\"491\" srcset=\"https:\/\/galeriebecot.com\/wp-content\/uploads\/2015\/11\/Videre2.jpg 589w, https:\/\/galeriebecot.com\/wp-content\/uploads\/2015\/11\/Videre2-300x250.jpg 300w\" sizes=\"auto, (max-width: 589px) 100vw, 589px\" \/><\/a><\/p>\n<p>Dan Brault\/ Cr\u00e9ation en Arts Visuels<\/p>\n<p><a href=\"https:\/\/www.galeriebecot.com\/wp-content\/uploads\/2015\/11\/Videre3.jpg\"><img loading=\"lazy\" decoding=\"async\" class=\"alignnone size-full wp-image-12025\" src=\"https:\/\/www.galeriebecot.com\/wp-content\/uploads\/2015\/11\/Videre3.jpg\" alt=\"\" width=\"594\" height=\"674\" srcset=\"https:\/\/galeriebecot.com\/wp-content\/uploads\/2015\/11\/Videre3.jpg 594w, https:\/\/galeriebecot.com\/wp-content\/uploads\/2015\/11\/Videre3-264x300.jpg 264w\" sizes=\"auto, (max-width: 594px) 100vw, 594px\" \/><\/a><\/p>\n<p>Ivan Binet \/ Reconnaissance en Arts Visuels<\/p>\n<p><a href=\"https:\/\/www.ville.quebec.qc.ca\/citoyens\/arrondissements\/saintefoysillerycaprouge\/nouvelles\/archives_details.aspx?id=14258\"><img loading=\"lazy\" decoding=\"async\" class=\"alignnone size-full wp-image-4285\" src=\"https:\/\/www.galeriebecot.com\/wp-content\/uploads\/2015\/12\/Don-Darby.jpg\" alt=\"Don Darby\" width=\"591\" height=\"422\" srcset=\"https:\/\/galeriebecot.com\/wp-content\/uploads\/2015\/12\/Don-Darby.jpg 591w, https:\/\/galeriebecot.com\/wp-content\/uploads\/2015\/12\/Don-Darby-300x214.jpg 300w\" sizes=\"auto, (max-width: 591px) 100vw, 591px\" \/><\/a><\/p>\n<p><strong>F\u00e9licitations Don Darby,Artiste en Arts Visuels,<\/strong><\/p>\n<p>gagnant du Prix Videre, <strong>RECONNAISSANCE 2015<\/strong>,<\/p>\n<p>au gala des prix d&rsquo;excellence de la ville de Qu\u00e9bec.<\/p>","protected":false},"excerpt":{"rendered":"<p>Le D\u00e9put\u00e9 , Monsieur Martin Ouellet, rend hommage \u00e0 monsieur Don Darby \u00e0 l&rsquo;Assembl\u00e9e nationale. \u00a0 Marilou Kenny-Gagnon \/ Rel\u00e8ve en Arts Visuels. Dan Brault\/ Cr\u00e9ation en Arts Visuels Ivan&hellip; <\/p>\n","protected":false},"author":1,"featured_media":0,"comment_status":"open","ping_status":"open","sticky":false,"template":"","format":"standard","meta":{"_exactmetrics_skip_tracking":false,"_exactmetrics_sitenote_active":false,"_exactmetrics_sitenote_note":"","_exactmetrics_sitenote_category":0,"footnotes":""},"categories":[27,18,36,19],"tags":[2996,34,748,667,3588,66,2994,368,3589,3590,275,1257,2997,3591,3592,58,2993,2998,747,37,2995,40],"class_list":["post-4284","post","type-post","status-publish","format-standard","hentry","category-artistes","category-evenement","category-prixreconnaissance","category-vernissage","tag-alain-rochon","tag-andre-becot","tag-c-miville","tag-charles-frederick-ouellet","tag-charlotte-paquet","tag-club-des-collectionneurs-en-arts-visuels-de-quebec-studio-becot","tag-corpuscule","tag-dan-brault","tag-daniel-lesaulnier","tag-depute-ouellet-cote-nord","tag-don-darby","tag-ivan-binet","tag-janek-thibault","tag-le-grand-rappel","tag-le-manic","tag-marc-bellemare-collectionneur","tag-marilou-kenny-gagnon","tag-patrick-turmel","tag-prix-videre-reconnaissance-de-la-ville-de-quebec","tag-studio-becot","tag-vincent-champoux","tag-visuals-arts"],"_links":{"self":[{"href":"https:\/\/galeriebecot.com\/index.php?rest_route=\/wp\/v2\/posts\/4284","targetHints":{"allow":["GET"]}}],"collection":[{"href":"https:\/\/galeriebecot.com\/index.php?rest_route=\/wp\/v2\/posts"}],"about":[{"href":"https:\/\/galeriebecot.com\/index.php?rest_route=\/wp\/v2\/types\/post"}],"author":[{"embeddable":true,"href":"https:\/\/galeriebecot.com\/index.php?rest_route=\/wp\/v2\/users\/1"}],"replies":[{"embeddable":true,"href":"https:\/\/galeriebecot.com\/index.php?rest_route=%2Fwp%2Fv2%2Fcomments&post=4284"}],"version-history":[{"count":14,"href":"https:\/\/galeriebecot.com\/index.php?rest_route=\/wp\/v2\/posts\/4284\/revisions"}],"predecessor-version":[{"id":13630,"href":"https:\/\/galeriebecot.com\/index.php?rest_route=\/wp\/v2\/posts\/4284\/revisions\/13630"}],"wp:attachment":[{"href":"https:\/\/galeriebecot.com\/index.php?rest_route=%2Fwp%2Fv2%2Fmedia&parent=4284"}],"wp:term":[{"taxonomy":"category","embeddable":true,"href":"https:\/\/galeriebecot.com\/index.php?rest_route=%2Fwp%2Fv2%2Fcategories&post=4284"},{"taxonomy":"post_tag","embeddable":true,"href":"https:\/\/galeriebecot.com\/index.php?rest_route=%2Fwp%2Fv2%2Ftags&post=4284"}],"curies":[{"name":"wp","href":"https:\/\/api.w.org\/{rel}","templated":true}]}}