{"id":4274,"date":"2023-03-10T10:10:00","date_gmt":"2023-03-10T15:10:00","guid":{"rendered":"http:\/\/www.clubdescollectionneursenartsvisuelsdequebec.com\/?p=4274"},"modified":"2023-03-11T10:35:22","modified_gmt":"2023-03-11T15:35:22","slug":"paryse-martin","status":"publish","type":"post","link":"https:\/\/galeriebecot.com\/?p=4274","title":{"rendered":"Galerie 3, devient CHIQUER ART CONTEMPORAIN, et s&rsquo;installe au Belgo."},"content":{"rendered":"\n<figure class=\"wp-block-image size-large is-resized\"><a href=\"https:\/\/www.lagalerie3.com\"><img loading=\"lazy\" decoding=\"async\" src=\"https:\/\/www.galeriebecot.com\/wp-content\/uploads\/2023\/03\/Chiquer-Montage-2-590x1024.jpg\" alt=\"\" class=\"wp-image-17169\" width=\"547\" height=\"949\" srcset=\"https:\/\/galeriebecot.com\/wp-content\/uploads\/2023\/03\/Chiquer-Montage-2-590x1024.jpg 590w, https:\/\/galeriebecot.com\/wp-content\/uploads\/2023\/03\/Chiquer-Montage-2-173x300.jpg 173w, https:\/\/galeriebecot.com\/wp-content\/uploads\/2023\/03\/Chiquer-Montage-2-768x1332.jpg 768w, https:\/\/galeriebecot.com\/wp-content\/uploads\/2023\/03\/Chiquer-Montage-2-885x1536.jpg 885w, https:\/\/galeriebecot.com\/wp-content\/uploads\/2023\/03\/Chiquer-Montage-2-1181x2048.jpg 1181w, https:\/\/galeriebecot.com\/wp-content\/uploads\/2023\/03\/Chiquer-Montage-2.jpg 1353w\" sizes=\"auto, (max-width: 547px) 100vw, 547px\" \/><\/a><\/figure>\n\n\n\n<p class=\"wp-block-paragraph\"><strong>La Galerie3<\/strong> de Qu\u00e9bec s&rsquo;installe au<strong> Belgo.<\/strong><\/p>\n\n\n\n<h1 class=\"wp-block-heading\">L&rsquo;artiste JULIEN BOILY, en exposition \u00e0 la Galerie3.<\/h1>\n\n\n\n<p class=\"wp-block-paragraph\">Parsem\u00e9s de r\u00e9f\u00e9rences \u00e0 l\u2019histoire de la peinture, \u00e0 l\u2019univers du divertissement et au monde des technologies num\u00e9riques, les tableaux de Julien Boily se d\u00e9ploient comme une tentative de concilier le pass\u00e9, le pr\u00e9sent et le futur. S\u2019inscrivant \u00e0 l\u2019int\u00e9rieur d\u2019une tradition, ils interrogent le genre et la signification actuelle de la nature morte. Pour ce faire, Boily g\u00e9n\u00e8re des compositions virtuelles dont les \u00e9l\u00e9ments sont choisis en fonction de leurs propri\u00e9t\u00e9s \u00e0 interagir avec leur environnement&nbsp;: la lumi\u00e8re, la perspective, la r\u00e9flexion, la r\u00e9fraction et bien d\u2019autres. \u00c9mul\u00e9s par l\u2019outil num\u00e9rique, ces attributs sont ensuite r\u00e9examin\u00e9s par l\u2019artiste dans des \u0153uvres picturales simplifi\u00e9es cherchant \u00e0 mettre en lumi\u00e8re les sp\u00e9cificit\u00e9s li\u00e9es \u00e0 l\u2019image g\u00e9n\u00e9r\u00e9e par infographie 3D de m\u00eame qu\u2019\u00e0 interroger la nature morte comme genre et pratique en constante \u00e9volution.<\/p>\n\n\n\n<figure class=\"wp-block-image size-large\"><a href=\"https:\/\/www.galeriebecot.com\/wp-content\/uploads\/2023\/03\/Chiquer.jpg\"><img loading=\"lazy\" decoding=\"async\" width=\"543\" height=\"1024\" src=\"https:\/\/www.galeriebecot.com\/wp-content\/uploads\/2023\/03\/Chiquer-543x1024.jpg\" alt=\"\" class=\"wp-image-17176\" srcset=\"https:\/\/galeriebecot.com\/wp-content\/uploads\/2023\/03\/Chiquer-543x1024.jpg 543w, https:\/\/galeriebecot.com\/wp-content\/uploads\/2023\/03\/Chiquer-159x300.jpg 159w, https:\/\/galeriebecot.com\/wp-content\/uploads\/2023\/03\/Chiquer-768x1449.jpg 768w, https:\/\/galeriebecot.com\/wp-content\/uploads\/2023\/03\/Chiquer-814x1536.jpg 814w, https:\/\/galeriebecot.com\/wp-content\/uploads\/2023\/03\/Chiquer-1086x2048.jpg 1086w, https:\/\/galeriebecot.com\/wp-content\/uploads\/2023\/03\/Chiquer.jpg 1224w\" sizes=\"auto, (max-width: 543px) 100vw, 543px\" \/><\/a><\/figure>\n\n\n\n<figure class=\"wp-block-image size-large is-resized\"><a href=\"https:\/\/www.galeriebecot.com\/wp-content\/uploads\/2023\/03\/Chiquer2.jpg\"><img loading=\"lazy\" decoding=\"async\" src=\"https:\/\/www.galeriebecot.com\/wp-content\/uploads\/2023\/03\/Chiquer2-1024x426.jpg\" alt=\"\" class=\"wp-image-17177\" width=\"543\" height=\"226\" srcset=\"https:\/\/galeriebecot.com\/wp-content\/uploads\/2023\/03\/Chiquer2-1024x426.jpg 1024w, https:\/\/galeriebecot.com\/wp-content\/uploads\/2023\/03\/Chiquer2-300x125.jpg 300w, https:\/\/galeriebecot.com\/wp-content\/uploads\/2023\/03\/Chiquer2-768x319.jpg 768w, https:\/\/galeriebecot.com\/wp-content\/uploads\/2023\/03\/Chiquer2-700x290.jpg 700w, https:\/\/galeriebecot.com\/wp-content\/uploads\/2023\/03\/Chiquer2.jpg 1183w\" sizes=\"auto, (max-width: 543px) 100vw, 543px\" \/><\/a><\/figure>\n\n\n\n<figure class=\"wp-block-image size-large is-resized\"><a href=\"https:\/\/www.galeriebecot.com\/wp-content\/uploads\/2023\/03\/Chiquer3.jpg\"><img loading=\"lazy\" decoding=\"async\" src=\"https:\/\/www.galeriebecot.com\/wp-content\/uploads\/2023\/03\/Chiquer3-634x1024.jpg\" alt=\"\" class=\"wp-image-17179\" width=\"515\" height=\"832\" srcset=\"https:\/\/galeriebecot.com\/wp-content\/uploads\/2023\/03\/Chiquer3-634x1024.jpg 634w, https:\/\/galeriebecot.com\/wp-content\/uploads\/2023\/03\/Chiquer3-186x300.jpg 186w, https:\/\/galeriebecot.com\/wp-content\/uploads\/2023\/03\/Chiquer3-768x1240.jpg 768w, https:\/\/galeriebecot.com\/wp-content\/uploads\/2023\/03\/Chiquer3-951x1536.jpg 951w, https:\/\/galeriebecot.com\/wp-content\/uploads\/2023\/03\/Chiquer3.jpg 1224w\" sizes=\"auto, (max-width: 515px) 100vw, 515px\" \/><\/a><\/figure>\n\n\n\n<figure class=\"wp-block-image size-large\"><a href=\"https:\/\/www.galeriebecot.com\/wp-content\/uploads\/2023\/03\/Chiquer4.jpg\"><img loading=\"lazy\" decoding=\"async\" width=\"508\" height=\"1024\" src=\"https:\/\/www.galeriebecot.com\/wp-content\/uploads\/2023\/03\/Chiquer4-508x1024.jpg\" alt=\"\" class=\"wp-image-17180\" srcset=\"https:\/\/galeriebecot.com\/wp-content\/uploads\/2023\/03\/Chiquer4-508x1024.jpg 508w, https:\/\/galeriebecot.com\/wp-content\/uploads\/2023\/03\/Chiquer4-149x300.jpg 149w, https:\/\/galeriebecot.com\/wp-content\/uploads\/2023\/03\/Chiquer4-768x1549.jpg 768w, https:\/\/galeriebecot.com\/wp-content\/uploads\/2023\/03\/Chiquer4-762x1536.jpg 762w, https:\/\/galeriebecot.com\/wp-content\/uploads\/2023\/03\/Chiquer4-1016x2048.jpg 1016w, https:\/\/galeriebecot.com\/wp-content\/uploads\/2023\/03\/Chiquer4.jpg 1224w\" sizes=\"auto, (max-width: 508px) 100vw, 508px\" \/><\/a><\/figure>\n\n\n\n<figure class=\"wp-block-image size-large is-resized\"><a href=\"https:\/\/www.galeriebecot.com\/wp-content\/uploads\/2023\/03\/Chiquer5.jpg\"><img loading=\"lazy\" decoding=\"async\" src=\"https:\/\/www.galeriebecot.com\/wp-content\/uploads\/2023\/03\/Chiquer5-635x1024.jpg\" alt=\"\" class=\"wp-image-17181\" width=\"510\" height=\"822\" srcset=\"https:\/\/galeriebecot.com\/wp-content\/uploads\/2023\/03\/Chiquer5-635x1024.jpg 635w, https:\/\/galeriebecot.com\/wp-content\/uploads\/2023\/03\/Chiquer5-186x300.jpg 186w, https:\/\/galeriebecot.com\/wp-content\/uploads\/2023\/03\/Chiquer5-768x1239.jpg 768w, https:\/\/galeriebecot.com\/wp-content\/uploads\/2023\/03\/Chiquer5-952x1536.jpg 952w, https:\/\/galeriebecot.com\/wp-content\/uploads\/2023\/03\/Chiquer5.jpg 1224w\" sizes=\"auto, (max-width: 510px) 100vw, 510px\" \/><\/a><\/figure>\n\n\n\n<figure class=\"wp-block-image size-large is-resized\"><a href=\"https:\/\/www.galeriebecot.com\/wp-content\/uploads\/2022\/11\/Martin-Web.jpg\"><img loading=\"lazy\" decoding=\"async\" src=\"https:\/\/www.galeriebecot.com\/wp-content\/uploads\/2022\/11\/Martin-Web-908x1024.jpg\" alt=\"\" class=\"wp-image-16780\" width=\"545\" height=\"614\" srcset=\"https:\/\/galeriebecot.com\/wp-content\/uploads\/2022\/11\/Martin-Web-908x1024.jpg 908w, https:\/\/galeriebecot.com\/wp-content\/uploads\/2022\/11\/Martin-Web-266x300.jpg 266w, https:\/\/galeriebecot.com\/wp-content\/uploads\/2022\/11\/Martin-Web-768x866.jpg 768w, https:\/\/galeriebecot.com\/wp-content\/uploads\/2022\/11\/Martin-Web.jpg 1296w\" sizes=\"auto, (max-width: 545px) 100vw, 545px\" \/><\/a><\/figure>\n\n\n\n<p class=\"wp-block-paragraph\">L&rsquo;exposition _ Les nuanciers \u00e9ph\u00e9m\u00e8res tire son origine d&rsquo;un constat &#8230;.<\/p>\n\n\n\n<figure class=\"wp-block-image size-full\"><a href=\"https:\/\/www.lagalerie3.com\/les-nuanciers-ephemeres\/\"><img loading=\"lazy\" decoding=\"async\" width=\"980\" height=\"155\" src=\"https:\/\/www.galeriebecot.com\/wp-content\/uploads\/2022\/11\/Martin-Logo3.jpg\" alt=\"\" class=\"wp-image-16782\" srcset=\"https:\/\/galeriebecot.com\/wp-content\/uploads\/2022\/11\/Martin-Logo3.jpg 980w, https:\/\/galeriebecot.com\/wp-content\/uploads\/2022\/11\/Martin-Logo3-300x47.jpg 300w, https:\/\/galeriebecot.com\/wp-content\/uploads\/2022\/11\/Martin-Logo3-768x121.jpg 768w\" sizes=\"auto, (max-width: 980px) 100vw, 980px\" \/><\/a><\/figure>\n\n\n\n<figure class=\"wp-block-image size-large\"><img loading=\"lazy\" decoding=\"async\" width=\"1000\" height=\"1024\" src=\"https:\/\/www.galeriebecot.com\/wp-content\/uploads\/2020\/11\/Paryse1-1000x1024.jpg\" alt=\"\" class=\"wp-image-13707\" srcset=\"https:\/\/galeriebecot.com\/wp-content\/uploads\/2020\/11\/Paryse1-1000x1024.jpg 1000w, https:\/\/galeriebecot.com\/wp-content\/uploads\/2020\/11\/Paryse1-293x300.jpg 293w, https:\/\/galeriebecot.com\/wp-content\/uploads\/2020\/11\/Paryse1-768x786.jpg 768w, https:\/\/galeriebecot.com\/wp-content\/uploads\/2020\/11\/Paryse1.jpg 1224w\" sizes=\"auto, (max-width: 1000px) 100vw, 1000px\" \/><\/figure>\n\n\n\n<figure class=\"wp-block-embed is-type-video is-provider-vimeo wp-block-embed-vimeo wp-embed-aspect-16-9 wp-has-aspect-ratio\"><div class=\"wp-block-embed__wrapper\">\n<iframe loading=\"lazy\" title=\"Une &amp;oelig;uvre expliqu&amp;eacute;e | &amp;Eacute;pisode 8: Paryse Martin\" src=\"https:\/\/player.vimeo.com\/video\/148676468?h=7af9408e0a&amp;dnt=1&amp;app_id=122963\" width=\"700\" height=\"394\" frameborder=\"0\" allow=\"autoplay; fullscreen; picture-in-picture\" allowfullscreen><\/iframe>\n<\/div><\/figure>\n\n\n\n<figure class=\"wp-block-image size-large\"><img loading=\"lazy\" decoding=\"async\" width=\"1024\" height=\"688\" src=\"https:\/\/www.galeriebecot.com\/wp-content\/uploads\/2020\/11\/Paryse2-1024x688.jpg\" alt=\"\" class=\"wp-image-13708\" srcset=\"https:\/\/galeriebecot.com\/wp-content\/uploads\/2020\/11\/Paryse2-1024x688.jpg 1024w, https:\/\/galeriebecot.com\/wp-content\/uploads\/2020\/11\/Paryse2-300x201.jpg 300w, https:\/\/galeriebecot.com\/wp-content\/uploads\/2020\/11\/Paryse2-768x516.jpg 768w, https:\/\/galeriebecot.com\/wp-content\/uploads\/2020\/11\/Paryse2.jpg 1224w\" sizes=\"auto, (max-width: 1024px) 100vw, 1024px\" \/><\/figure>\n\n\n<p><a href=\"https:\/\/www.galeriebecot.com\/wp-content\/uploads\/2015\/11\/Parise-Martin-1.jpg\"><img loading=\"lazy\" decoding=\"async\" class=\"alignnone size-large wp-image-4279\" src=\"https:\/\/www.galeriebecot.com\/wp-content\/uploads\/2015\/11\/Parise-Martin-1-1024x960.jpg\" alt=\"Paryse Martin:\u00cavingt mille lieues sous la surface | Josianne Des\" width=\"700\" height=\"656\" srcset=\"https:\/\/galeriebecot.com\/wp-content\/uploads\/2015\/11\/Parise-Martin-1-1024x960.jpg 1024w, https:\/\/galeriebecot.com\/wp-content\/uploads\/2015\/11\/Parise-Martin-1-300x281.jpg 300w, https:\/\/galeriebecot.com\/wp-content\/uploads\/2015\/11\/Parise-Martin-1.jpg 1800w\" sizes=\"auto, (max-width: 700px) 100vw, 700px\" \/><\/a><\/p>\n<p>Chaque dessin de Paryse Martin est comme une porte sur le Pays des merveilles.<\/p>\n<p>L&rsquo;exposition se poursuit jusqu&rsquo;au 6 d\u00e9cembre \u00e0 la galerie Michel Guimont,273,rue Saint Paul,Qu\u00e9bec .Info 418 692 1188<\/p>","protected":false},"excerpt":{"rendered":"<p>La Galerie3 de Qu\u00e9bec s&rsquo;installe au Belgo. L&rsquo;artiste JULIEN BOILY, en exposition \u00e0 la Galerie3. Parsem\u00e9s de r\u00e9f\u00e9rences \u00e0 l\u2019histoire de la peinture, \u00e0 l\u2019univers du divertissement et au monde&hellip; <\/p>\n","protected":false},"author":1,"featured_media":0,"comment_status":"open","ping_status":"open","sticky":false,"template":"","format":"standard","meta":{"_exactmetrics_skip_tracking":false,"_exactmetrics_sitenote_active":false,"_exactmetrics_sitenote_note":"","_exactmetrics_sitenote_category":0,"footnotes":""},"categories":[20,27,30],"tags":[1867,34,837,4386,109,588,4396,4399,4400,1356,6,4391,368,953,4397,3456,996,681,745,3580,4398,4387,1724,2133,2674,4394,746,4392,58,4393,211,672,4388,648,4390,1021,4395,37,40],"class_list":["post-4274","post","type-post","status-publish","format-standard","hentry","category-article-descriptif","category-artistes","category-le-soleil","tag-abdelilah-chiguer","tag-andre-becot","tag-annie-baillargeon","tag-belgo","tag-bgl","tag-biennale-de-venise","tag-camille-larivee-drac","tag-carla-hemlock","tag-christine-sioui-wawanoloath","tag-claudie-gagnon","tag-club-des-collectionneurs-en-arts-visuels-de-quebec","tag-cozic","tag-dan-brault","tag-daniel-barrow","tag-drac","tag-eric-clement-2","tag-francois-morelli","tag-galerie-3","tag-galerie-michel-guimont","tag-gilles-mihalcean","tag-glenn-gear","tag-jean-pierre-morin-2","tag-julien-boily","tag-la-presse","tag-laurent-craste","tag-leo-rivest","tag-lewis-caroll","tag-madeleine-forcier","tag-marc-bellemare-collectionneur","tag-marie-christine-dube","tag-martin-bureau","tag-mathieu-valade","tag-norbert-lacroix","tag-paryse-martin","tag-pascal-champoux","tag-pierre-ayot","tag-rafael-sottolichio","tag-studio-becot","tag-visuals-arts"],"_links":{"self":[{"href":"https:\/\/galeriebecot.com\/index.php?rest_route=\/wp\/v2\/posts\/4274","targetHints":{"allow":["GET"]}}],"collection":[{"href":"https:\/\/galeriebecot.com\/index.php?rest_route=\/wp\/v2\/posts"}],"about":[{"href":"https:\/\/galeriebecot.com\/index.php?rest_route=\/wp\/v2\/types\/post"}],"author":[{"embeddable":true,"href":"https:\/\/galeriebecot.com\/index.php?rest_route=\/wp\/v2\/users\/1"}],"replies":[{"embeddable":true,"href":"https:\/\/galeriebecot.com\/index.php?rest_route=%2Fwp%2Fv2%2Fcomments&post=4274"}],"version-history":[{"count":23,"href":"https:\/\/galeriebecot.com\/index.php?rest_route=\/wp\/v2\/posts\/4274\/revisions"}],"predecessor-version":[{"id":17187,"href":"https:\/\/galeriebecot.com\/index.php?rest_route=\/wp\/v2\/posts\/4274\/revisions\/17187"}],"wp:attachment":[{"href":"https:\/\/galeriebecot.com\/index.php?rest_route=%2Fwp%2Fv2%2Fmedia&parent=4274"}],"wp:term":[{"taxonomy":"category","embeddable":true,"href":"https:\/\/galeriebecot.com\/index.php?rest_route=%2Fwp%2Fv2%2Fcategories&post=4274"},{"taxonomy":"post_tag","embeddable":true,"href":"https:\/\/galeriebecot.com\/index.php?rest_route=%2Fwp%2Fv2%2Ftags&post=4274"}],"curies":[{"name":"wp","href":"https:\/\/api.w.org\/{rel}","templated":true}]}}