{"id":4267,"date":"2017-11-06T09:44:33","date_gmt":"2017-11-06T14:44:33","guid":{"rendered":"http:\/\/www.clubdescollectionneursenartsvisuelsdequebec.com\/?p=4267"},"modified":"2017-11-07T21:14:17","modified_gmt":"2017-11-08T02:14:17","slug":"andre-philippe-cote-2","status":"publish","type":"post","link":"https:\/\/galeriebecot.com\/?p=4267","title":{"rendered":"Andr\u00e9 Philippe C\u00f4t\u00e9&#8230;l&rsquo;art de la caricature !"},"content":{"rendered":"<p>Voil\u00e0 d\u00e9j\u00e0 20 ans que je pratique l&rsquo;extraordinaire m\u00e9tier de caricaturiste. Pour c\u00e9l\u00e9brer cet anniversaire, je vous invite au lancement du nouveau recueil de caricatures 2017 , le 8 novembre, de 18h \u00e0 20h, \u00e0 la librairie Du Quartier, 1120 rue Cartier, \u00e0 Qu\u00e9bec.<\/p>\n<p><a href=\"https:\/\/www.galeriebecot.com\/wp-content\/uploads\/2015\/11\/Andre-Philippe-Cote.jpg\"><img loading=\"lazy\" decoding=\"async\" class=\"alignnone size-full wp-image-7852\" src=\"https:\/\/www.galeriebecot.com\/wp-content\/uploads\/2015\/11\/Andre-Philippe-Cote.jpg\" alt=\"\" width=\"490\" height=\"679\" srcset=\"https:\/\/galeriebecot.com\/wp-content\/uploads\/2015\/11\/Andre-Philippe-Cote.jpg 490w, https:\/\/galeriebecot.com\/wp-content\/uploads\/2015\/11\/Andre-Philippe-Cote-216x300.jpg 216w\" sizes=\"auto, (max-width: 490px) 100vw, 490px\" \/><\/a><\/p>\n<p><a href=\"https:\/\/www.galeriebecot.com\/wp-content\/uploads\/2015\/11\/Andr\u00e9-Philippe-1.jpg\"><img loading=\"lazy\" decoding=\"async\" class=\"alignnone size-large wp-image-4268\" src=\"https:\/\/www.galeriebecot.com\/wp-content\/uploads\/2015\/11\/Andr\u00e9-Philippe-1-736x1024.jpg\" alt=\"Andr\u00e9 Philippe 1\" width=\"700\" height=\"974\" srcset=\"https:\/\/galeriebecot.com\/wp-content\/uploads\/2015\/11\/Andr\u00e9-Philippe-1-736x1024.jpg 736w, https:\/\/galeriebecot.com\/wp-content\/uploads\/2015\/11\/Andr\u00e9-Philippe-1-216x300.jpg 216w, https:\/\/galeriebecot.com\/wp-content\/uploads\/2015\/11\/Andr\u00e9-Philippe-1.jpg 900w\" sizes=\"auto, (max-width: 700px) 100vw, 700px\" \/><\/a><\/p>\n<p>Difficile,lorsqu&rsquo;on travaille avec les mots,de ne pas \u00eatre un peu jaloux de la force de frappe et de la redoutable pertinence que notre caricaturiste,Andr\u00e9-Philippe C\u00f4t\u00e9,obtient \u00a0avec une seule image.<\/p>\n<p><a href=\"https:\/\/www.galeriebecot.com\/wp-content\/uploads\/2015\/11\/Andre-Philippe-2.jpg\"><img loading=\"lazy\" decoding=\"async\" class=\"alignnone size-large wp-image-4269\" src=\"https:\/\/www.galeriebecot.com\/wp-content\/uploads\/2015\/11\/Andre-Philippe-2-596x1024.jpg\" alt=\"Andre Philippe 2\" width=\"596\" height=\"1024\" srcset=\"https:\/\/galeriebecot.com\/wp-content\/uploads\/2015\/11\/Andre-Philippe-2-596x1024.jpg 596w, https:\/\/galeriebecot.com\/wp-content\/uploads\/2015\/11\/Andre-Philippe-2-174x300.jpg 174w, https:\/\/galeriebecot.com\/wp-content\/uploads\/2015\/11\/Andre-Philippe-2.jpg 656w\" sizes=\"auto, (max-width: 596px) 100vw, 596px\" \/><\/a><\/p>\n","protected":false},"excerpt":{"rendered":"<p>Voil\u00e0 d\u00e9j\u00e0 20 ans que je pratique l&rsquo;extraordinaire m\u00e9tier de caricaturiste. Pour c\u00e9l\u00e9brer cet anniversaire, je vous invite au lancement du nouveau recueil de caricatures 2017 , le 8 novembre,&hellip; <\/p>\n","protected":false},"author":1,"featured_media":0,"comment_status":"open","ping_status":"open","sticky":false,"template":"","format":"standard","meta":{"_exactmetrics_skip_tracking":false,"_exactmetrics_sitenote_active":false,"_exactmetrics_sitenote_note":"","_exactmetrics_sitenote_category":0,"footnotes":""},"categories":[27,31],"tags":[34,539,6,66,244,1729,58,882,37,40],"class_list":["post-4267","post","type-post","status-publish","format-standard","hentry","category-artistes","category-le-journal-de-quebec","tag-andre-becot","tag-andre-philippe-cote","tag-club-des-collectionneurs-en-arts-visuels-de-quebec","tag-club-des-collectionneurs-en-arts-visuels-de-quebec-studio-becot","tag-josianne-desloges","tag-librairie-du-quartier","tag-marc-bellemare-collectionneur","tag-michel-parent","tag-studio-becot","tag-visuals-arts"],"_links":{"self":[{"href":"https:\/\/galeriebecot.com\/index.php?rest_route=\/wp\/v2\/posts\/4267","targetHints":{"allow":["GET"]}}],"collection":[{"href":"https:\/\/galeriebecot.com\/index.php?rest_route=\/wp\/v2\/posts"}],"about":[{"href":"https:\/\/galeriebecot.com\/index.php?rest_route=\/wp\/v2\/types\/post"}],"author":[{"embeddable":true,"href":"https:\/\/galeriebecot.com\/index.php?rest_route=\/wp\/v2\/users\/1"}],"replies":[{"embeddable":true,"href":"https:\/\/galeriebecot.com\/index.php?rest_route=%2Fwp%2Fv2%2Fcomments&post=4267"}],"version-history":[{"count":5,"href":"https:\/\/galeriebecot.com\/index.php?rest_route=\/wp\/v2\/posts\/4267\/revisions"}],"predecessor-version":[{"id":7853,"href":"https:\/\/galeriebecot.com\/index.php?rest_route=\/wp\/v2\/posts\/4267\/revisions\/7853"}],"wp:attachment":[{"href":"https:\/\/galeriebecot.com\/index.php?rest_route=%2Fwp%2Fv2%2Fmedia&parent=4267"}],"wp:term":[{"taxonomy":"category","embeddable":true,"href":"https:\/\/galeriebecot.com\/index.php?rest_route=%2Fwp%2Fv2%2Fcategories&post=4267"},{"taxonomy":"post_tag","embeddable":true,"href":"https:\/\/galeriebecot.com\/index.php?rest_route=%2Fwp%2Fv2%2Ftags&post=4267"}],"curies":[{"name":"wp","href":"https:\/\/api.w.org\/{rel}","templated":true}]}}